{"id":1033,"date":"2014-03-18T09:51:24","date_gmt":"2014-03-18T08:51:24","guid":{"rendered":"http:\/\/wsse.krakow.pl\/page\/7-kwietnia-swiatowy-dzien-zdrowia\/"},"modified":"2014-03-18T09:51:24","modified_gmt":"2014-03-18T08:51:24","slug":"7-kwietnia-swiatowy-dzien-zdrowia","status":"publish","type":"post","link":"https:\/\/wsse.krakow.pl\/page\/7-kwietnia-swiatowy-dzien-zdrowia\/","title":{"rendered":"7 kwietnia &#8211; \u015awiatowy Dzie\u0144 Zdrowia"},"content":{"rendered":"<p style=\"text-align: justify;\"> \tCorocznie, 7 kwietnia na ca\u0142ym \u015bwiecie obchodzony jest \u015awiatowy Dzie\u0144 Zdrowia jako wydarzenie maj\u0105ce na celu upami\u0119tnienie daty powstania \u015awiatowej Organizacji Zdrowia (7 kwietnia 1948). Ka\u017cdego roku motyw przewodni \u015bwi\u0119ta po\u015bwi\u0119cony jest innej tematyce, kt\u00f3ra podkre\u015bla priorytetowy obszar problem\u00f3w w obszarze zdrowia publicznego na \u015bwiecie. W tym roku motywem przewodnim s\u0105 choroby wektorowe.<\/p>\n<p style=\"text-align: justify;\"> \tWektory to organizmy, kt\u00f3re s\u0105 przenosicielami patogen\u00f3w lub paso\u017cyt\u00f3w. Poprzez w\u0119dr\u00f3wk\u0119 i kontakt z otoczeniem przenosz\u0105 gro\u017ane drobnoustroje na inne organizmy, cz\u0119sto na ludzi. W ten spos\u00f3b mog\u0105 wywo\u0142a\u0107 choroby, kt\u00f3re zagra\u017caj\u0105&nbsp; zdrowiu a nawet&nbsp; \u017cyciu cz\u0142owieka. Do chor\u00f3b przenoszonych przez wektory zaliczamy miedzy innymi malari\u0119, gor\u0105czka&nbsp; denga, Goraczke Zachodniego Nilu, chikungunye- czy bli\u017csze naszemu obszarowi geograficznemu &#8211; kleszczowe zapalenie m\u00f3zgu i borelioz\u0119.<\/p>\n<p style=\"text-align: justify;\"> \tW za\u0142\u0105czeniu kilka informacji na temat kleszczy i chor\u00f3b odkleszczowych.<\/p>\n<p style=\"text-align: justify;\"> \tlink do strony interentowej \u015awiatowej Organizacji Zdrowia (WHO)<a href=\"http:\/\/www.who.int\/campaigns\/world-health-day\/2014\/en\/\"> www.who.int\/campaigns\/world-health-day\/2014\/en\/ <\/a><br \/> \t&nbsp;<\/p>\n<p style=\"text-align: justify;\"> \t&nbsp;<\/p>\n<p style=\"text-align: justify;\"> \tMagdalena Dro\u017adzik<br \/> \tDzia\u0142 Zdrowia Publicznego i Promocji Zdrowia<br \/> \tWprowadzono: 18.03.2014 r.<br \/> \tData ostatniej aktualizacji: 18.03.2014 r.<br \/> \t&nbsp;<\/p>\n<!-- WP Attachments -->\r\n        <div style=\"width:100%;margin:10px 0 10px 0;\">\r\n            <h3>Pliki do pobrania:<\/h3>\r\n        <ul class=\"post-attachments\"><li class=\"post-attachment mime-application-pdf\"><a href=\"https:\/\/wsse.krakow.pl\/page\/7-kwietnia-swiatowy-dzien-zdrowia\/?download=1034\">Wiecej informacji nt.kleszczy i chorob odkleszczowych.pdf<\/a> <small>(372 kB)<\/small><\/li><\/ul><\/div>","protected":false},"excerpt":{"rendered":"<p style=\"text-align: justify;\"> \tCorocznie, 7 kwietnia na ca\u0142ym \u015bwiecie obchodzony jest \u015awiatowy Dzie\u0144 Zdrowia jako wydarzenie maj\u0105ce na celu upami\u0119tnienie daty powstania \u015awiatowej Organizacji Zdrowia (7 kwietnia 1948). Ka\u017cdego roku motyw przewodni \u015bwi\u0119ta po\u015bwi\u0119cony jest innej tematyce, kt\u00f3ra podkre\u015bla priorytetowy obszar problem\u00f3w w obszarze zdrowia publicznego na \u015bwiecie. W tym roku motywem przewodnim s\u0105 choroby wektorowe.<\/p>\n","protected":false},"author":1,"featured_media":0,"comment_status":"closed","ping_status":"closed","sticky":false,"template":"","format":"standard","meta":{"_monsterinsights_skip_tracking":false,"_monsterinsights_sitenote_active":false,"_monsterinsights_sitenote_note":"","_monsterinsights_sitenote_category":0,"footnotes":""},"categories":[49],"tags":[],"class_list":["post-1033","post","type-post","status-publish","format-standard","hentry","category-kampanie-spoleczne"],"_links":{"self":[{"href":"https:\/\/wsse.krakow.pl\/page\/wp-json\/wp\/v2\/posts\/1033","targetHints":{"allow":["GET"]}}],"collection":[{"href":"https:\/\/wsse.krakow.pl\/page\/wp-json\/wp\/v2\/posts"}],"about":[{"href":"https:\/\/wsse.krakow.pl\/page\/wp-json\/wp\/v2\/types\/post"}],"author":[{"embeddable":true,"href":"https:\/\/wsse.krakow.pl\/page\/wp-json\/wp\/v2\/users\/1"}],"replies":[{"embeddable":true,"href":"https:\/\/wsse.krakow.pl\/page\/wp-json\/wp\/v2\/comments?post=1033"}],"version-history":[{"count":0,"href":"https:\/\/wsse.krakow.pl\/page\/wp-json\/wp\/v2\/posts\/1033\/revisions"}],"wp:attachment":[{"href":"https:\/\/wsse.krakow.pl\/page\/wp-json\/wp\/v2\/media?parent=1033"}],"wp:term":[{"taxonomy":"category","embeddable":true,"href":"https:\/\/wsse.krakow.pl\/page\/wp-json\/wp\/v2\/categories?post=1033"},{"taxonomy":"post_tag","embeddable":true,"href":"https:\/\/wsse.krakow.pl\/page\/wp-json\/wp\/v2\/tags?post=1033"}],"curies":[{"name":"wp","href":"https:\/\/api.w.org\/{rel}","templated":true}]}}