{"id":1035,"date":"2014-03-24T06:25:49","date_gmt":"2014-03-24T05:25:49","guid":{"rendered":"http:\/\/wsse.krakow.pl\/page\/24-marca-2014-swiatowy-dzien-gruzlicy\/"},"modified":"2014-03-24T06:25:49","modified_gmt":"2014-03-24T05:25:49","slug":"24-marca-2014-swiatowy-dzien-gruzlicy","status":"publish","type":"post","link":"https:\/\/wsse.krakow.pl\/page\/24-marca-2014-swiatowy-dzien-gruzlicy\/","title":{"rendered":"24 marca 2014 &#8211; \u015awiatowy Dzie\u0144 Gru\u017alicy"},"content":{"rendered":"<p style=\"text-align: justify;\"> \t\u015awiatowy Dzie\u0144 Gru\u017alicy, to coroczne \u015bwi\u0119to obchodzone 24 marca, wyznaczone przez&nbsp; \u015awiatow\u0105 Organizacj\u0119 Zdrowia (WHO). Dzie\u0144 ten upami\u0119tnia wydarzenie z roku 1882, w kt\u00f3rym dr Robert Koch odkry\u0142 bakteri\u0119 (pr\u0105tek gru\u017alicy) wywo\u0142uj\u0105c\u0105 gru\u017alic\u0119.<\/p>\n<p style=\"text-align: justify;\"> \tGru\u017alica jest chorob\u0105 zaka\u017an\u0105, w kt\u00f3rej g\u0142\u00f3wnym \u017ar\u00f3d\u0142em zaka\u017cenia jest chory cz\u0142owiek, rzadziej pr\u0105tkiem gru\u017alicy mo\u017cna zakazi\u0107 si\u0119 od chorych zwierz\u0105t. Schorzenie to dotyczy g\u0142\u00f3wnie p\u0142uc, ale mo\u017ce tak\u017ce atakowa\u0107 o\u015brodkowy uk\u0142ad nerwowy, naczynia krwiono\u015bne, uk\u0142ad limfatyczny, kostno-stawowy, moczowo-p\u0142ciowy czy sk\u00f3r\u0119. Gru\u017alica przenoszona jest drog\u0105 kropelkow\u0105 podczas kaszlu, kichania lub plucia. Do zaka\u017cenia dochodzi wskutek dostania si\u0119 bakterii do dr\u00f3g oddechowych wraz z wdychanym powietrzem.<\/p>\n<p style=\"text-align: justify;\"> \tObchody \u015awiatowego Dnia Gru\u017alicy, maj\u0105 na celu budowanie \u015bwiadomo\u015bci spo\u0142ecznej na temat epidemii gru\u017alicy, a tak\u017ce zwi\u0119kszenie wysi\u0142k\u00f3w w celu jej wyeliminowania. Obecnie schorzenie to traktowane jest jako \u201echoroba przesz\u0142o\u015bci\u201d, jednak wg danych WHO co rok na gru\u017alic\u0119 &nbsp;na \u015bwiecie umiera blisko 2 mln ludzi. Ponadto ok. 3 mln os\u00f3b choruj\u0105cych na gru\u017alic\u0119 nie otrzymuje fachowej pomocy medycznej.<\/p>\n<p style=\"text-align: justify;\"> \tTegoroczne \u015bwi\u0119to przebiega pod has\u0142em: \u201eDotrze\u0107 do trzech milion\u00f3w \u201epomini\u0119tych\u201d chorych. Odszuka\u0107 . Leczy\u0107. Wyleczy\u0107.\u201d (ang. Reach the 3 million. Find. Treat. Cure TB.). &nbsp;<\/p>\n<p style=\"text-align: justify;\"> \tSzczeg\u00f3\u0142owe informacje mo\u017cna znale\u017a\u0107 w za\u0142\u0105czniku.<\/p>\n<p style=\"text-align: justify;\"> \tNatalia Synowska<br \/> \tDzia\u0142 Zdrowia Publicznego i Promocji Zdrowia<\/p>\n<p style=\"text-align: justify;\"> \tAnna Gorczyca<br \/> \tOddzia\u0142 Nadzoru Epidemiologii<\/p>\n<p style=\"text-align: justify;\"> \tData wprowadzenia: 24.03.2014<br \/> \tData ostatniej aktualizacji: 24.03.2014<\/p>\n<!-- WP Attachments -->\r\n        <div style=\"width:100%;margin:10px 0 10px 0;\">\r\n            <h3>Pliki do pobrania:<\/h3>\r\n        <ul class=\"post-attachments\"><li class=\"post-attachment mime-application-msword\"><a href=\"https:\/\/wsse.krakow.pl\/page\/24-marca-2014-swiatowy-dzien-gruzlicy\/?download=1036\">24.III.2014.doc<\/a> <small>(345 kB)<\/small><\/li><\/ul><\/div>","protected":false},"excerpt":{"rendered":"<p style=\"text-align: justify;\"> \t\u015awiatowy Dzie\u0144 Gru\u017alicy, to coroczne \u015bwi\u0119to obchodzone 24 marca, wyznaczone przez&nbsp; \u015awiatow\u0105 Organizacj\u0119 Zdrowia (WHO). Dzie\u0144 ten upami\u0119tnia wydarzenie z roku 1882, w kt\u00f3rym dr Robert Koch odkry\u0142 bakteri\u0119 (pr\u0105tek gru\u017alicy) wywo\u0142uj\u0105c\u0105 gru\u017alic\u0119.<\/p>\n<p style=\"text-align: justify;\"> \tGru\u017alica jest chorob\u0105 zaka\u017an\u0105, w kt\u00f3rej g\u0142\u00f3wnym \u017ar\u00f3d\u0142em zaka\u017cenia jest chory cz\u0142owiek, rzadziej pr\u0105tkiem gru\u017alicy mo\u017cna zakazi\u0107 si\u0119 od chorych zwierz\u0105t. Schorzenie to dotyczy g\u0142\u00f3wnie p\u0142uc, ale mo\u017ce tak\u017ce atakowa\u0107 o\u015brodkowy uk\u0142ad nerwowy, naczynia krwiono\u015bne, uk\u0142ad limfatyczny, kostno-stawowy, moczowo-p\u0142ciowy czy sk\u00f3r\u0119. Gru\u017alica przenoszona jest drog\u0105 kropelkow\u0105 podczas kaszlu, kichania lub plucia. Do zaka\u017cenia dochodzi wskutek dostania si\u0119 bakterii do dr\u00f3g oddechowych wraz z wdychanym powietrzem.<\/p>\n","protected":false},"author":1,"featured_media":0,"comment_status":"closed","ping_status":"closed","sticky":false,"template":"","format":"standard","meta":{"_monsterinsights_skip_tracking":false,"_monsterinsights_sitenote_active":false,"_monsterinsights_sitenote_note":"","_monsterinsights_sitenote_category":0,"footnotes":""},"categories":[40],"tags":[],"class_list":["post-1035","post","type-post","status-publish","format-standard","hentry","category-promocja-zdrowia"],"_links":{"self":[{"href":"https:\/\/wsse.krakow.pl\/page\/wp-json\/wp\/v2\/posts\/1035","targetHints":{"allow":["GET"]}}],"collection":[{"href":"https:\/\/wsse.krakow.pl\/page\/wp-json\/wp\/v2\/posts"}],"about":[{"href":"https:\/\/wsse.krakow.pl\/page\/wp-json\/wp\/v2\/types\/post"}],"author":[{"embeddable":true,"href":"https:\/\/wsse.krakow.pl\/page\/wp-json\/wp\/v2\/users\/1"}],"replies":[{"embeddable":true,"href":"https:\/\/wsse.krakow.pl\/page\/wp-json\/wp\/v2\/comments?post=1035"}],"version-history":[{"count":0,"href":"https:\/\/wsse.krakow.pl\/page\/wp-json\/wp\/v2\/posts\/1035\/revisions"}],"wp:attachment":[{"href":"https:\/\/wsse.krakow.pl\/page\/wp-json\/wp\/v2\/media?parent=1035"}],"wp:term":[{"taxonomy":"category","embeddable":true,"href":"https:\/\/wsse.krakow.pl\/page\/wp-json\/wp\/v2\/categories?post=1035"},{"taxonomy":"post_tag","embeddable":true,"href":"https:\/\/wsse.krakow.pl\/page\/wp-json\/wp\/v2\/tags?post=1035"}],"curies":[{"name":"wp","href":"https:\/\/api.w.org\/{rel}","templated":true}]}}