{"id":1037,"date":"2014-03-24T09:59:28","date_gmt":"2014-03-24T08:59:28","guid":{"rendered":"http:\/\/wsse.krakow.pl\/page\/kurs-specjalizacyjny-w-dziedznie-zdrowie-publiczne\/"},"modified":"2014-03-24T09:59:28","modified_gmt":"2014-03-24T08:59:28","slug":"kurs-specjalizacyjny-w-dziedznie-zdrowie-publiczne","status":"publish","type":"post","link":"https:\/\/wsse.krakow.pl\/page\/kurs-specjalizacyjny-w-dziedznie-zdrowie-publiczne\/","title":{"rendered":"KURS SPECJALIZACYJNY W DZIEDZNIE ZDROWIE PUBLICZNE"},"content":{"rendered":"<p style=\"text-align: justify;\"> \tDyrektor Wojew\u00f3dzkiej Stacji Sanitarno-Epidemiologicznej w Krakowie uprzejmie informuje, \u017ce w dniach <strong>7-11 kwietnia 2014 r. <\/strong>odb\u0119dzie si\u0119 kurs specjalizacyjny <strong>\u201e<em>Organizacja opieki zdrowotnej w Polsce i na \u015bwiecie<\/em>\u201d<\/strong>, <em>wramach <strong>specjalizacji w dziedzinie Zdrowie Publiczne <\/strong><\/em>dla os\u00f3b posiadaj\u0105cych tytu\u0142 magistra lub magistra in\u017cyniera, specjalizuj\u0105cych si\u0119 w zdrowiu publicznym.<\/p>\n<p style=\"text-align: justify;\"> \t<u>Kierownik naukowy kursu:<\/u> <strong>mgr Marita Klemczak<\/strong><\/p>\n<p style=\"text-align: justify;\"> \t<u>Miejsce kursu:<\/u> Wojew\u00f3dzka Stacja Sanitarno-Epidemiologiczna w Krakowie, ul. Pr\u0105dnicka 76, 31-202 Krak\u00f3w<\/p>\n<p style=\"text-align: justify;\"> \t<u>Zg\u0142oszenie na kurs:<\/u><\/p>\n<p style=\"text-align: justify;\"> \tW celu dokonania zg\u0142oszenia na kurs, nale\u017cy wype\u0142ni\u0107 za\u0142\u0105czony formularz zg\u0142oszeniowy, a nast\u0119pnie przes\u0142a\u0107 go na adres <strong>e-mailowy:&nbsp; <\/strong><a href=\"mailto:pp@wsse.krakow.pl\"><strong>pp@wsse.krakow.pl<\/strong><\/a> lub przefaksowa\u0107 na nr: <strong>(12) 416 20 93.<\/strong><\/p>\n<p style=\"text-align: justify;\"> \tFormularz zg\u0142oszeniowy nale\u017cy przes\u0142a\u0107 do dnia <strong>1 kwietnia br.<\/strong><\/p>\n<p style=\"text-align: justify;\"> \t<u>P\u0142atno\u015b\u0107 za udzia\u0142 w kursie:<\/u><\/p>\n<p style=\"text-align: justify;\"> \tOp\u0142ata za udzia\u0142 w kursie specjalizacyjnym wynosi 569 z\u0142.<\/p>\n<p style=\"text-align: justify;\"> \t<u>Szczeg\u00f3\u0142owe informacje oraz zg\u0142oszenia na kurs:<\/u><\/p>\n<p style=\"text-align: justify;\"> \tMa\u0142gorzata Kulma, tel. (12) 25 49 429, e-mail: <a href=\"mailto:pp@wsse.krakow\">pp@wsse.krakow.pl<\/a><\/p>\n<p style=\"text-align: justify;\"> \t&nbsp;<\/p>\n<p style=\"text-align: justify;\"> \t<strong><u>UWAGA<\/u><\/strong><\/p>\n<p style=\"text-align: justify;\"> \tW kursie mog\u0105 wzi\u0105\u0107 r\u00f3wnie\u017c udzia\u0142 osoby nie bior\u0105ce udzia\u0142u w Specjalizacji w dziedzinie Zdrowie Publiczne.<\/p>\n<p style=\"text-align: justify;\"> \t&nbsp;<\/p>\n<p style=\"text-align: justify;\"> \t<strong><u>Pliki do pobrania:<\/u><\/strong><\/p>\n<p style=\"text-align: justify;\"> \t&#8211; FORMULARZ ZG\u0141OSZENIOWY<\/p>\n<p style=\"text-align: justify;\"> \t&#8211; HARMONOGRAM KURSU<\/p>\n<p style=\"text-align: justify;\"> \t&nbsp;<\/p>\n<p style=\"text-align: justify;\"> \tMa\u0142gorzata Kulma<br \/> \tDzia\u0142 Zdrowia Publicznego i Promocji Zdrowia<br \/> \tData wprowadzenia: 24.03.2014<br \/> \tData ostatniej aktualizacji: 24.03.2014<\/p>\n<!-- WP Attachments -->\r\n        <div style=\"width:100%;margin:10px 0 10px 0;\">\r\n            <h3>Pliki do pobrania:<\/h3>\r\n        <ul class=\"post-attachments\"><li class=\"post-attachment mime-application-msword\"><a href=\"https:\/\/wsse.krakow.pl\/page\/kurs-specjalizacyjny-w-dziedznie-zdrowie-publiczne\/?download=1038\">FORMULARZ ZGLOSZENIOWY- kurs 7-11 kwietnia 2014.doc<\/a> <small>(40 kB)<\/small><\/li><li class=\"post-attachment mime-application-msword\"><a href=\"https:\/\/wsse.krakow.pl\/page\/kurs-specjalizacyjny-w-dziedznie-zdrowie-publiczne\/?download=1039\">harmonogram kursu Organizacja opieki zdrowotnej, 7-11.04.2014.doc<\/a> <small>(44 kB)<\/small><\/li><\/ul><\/div>","protected":false},"excerpt":{"rendered":"<p style=\"text-align: justify;\"> \tDyrektor Wojew\u00f3dzkiej Stacji Sanitarno-Epidemiologicznej w Krakowie uprzejmie informuje, \u017ce w dniach <strong>7-11 kwietnia 2014 r. <\/strong>odb\u0119dzie si\u0119 kurs specjalizacyjny <strong>\u201e<em>Organizacja opieki zdrowotnej w Polsce i na \u015bwiecie<\/em>\u201d<\/strong>, <em>wramach <strong>specjalizacji w dziedzinie Zdrowie Publiczne <\/strong><\/em>dla os\u00f3b posiadaj\u0105cych tytu\u0142 magistra lub magistra in\u017cyniera, specjalizuj\u0105cych si\u0119 w zdrowiu publicznym.<\/p>\n","protected":false},"author":1,"featured_media":0,"comment_status":"closed","ping_status":"closed","sticky":false,"template":"","format":"standard","meta":{"_monsterinsights_skip_tracking":false,"_monsterinsights_sitenote_active":false,"_monsterinsights_sitenote_note":"","_monsterinsights_sitenote_category":0,"footnotes":""},"categories":[4],"tags":[],"class_list":["post-1037","post","type-post","status-publish","format-standard","hentry","category-komunikaty"],"_links":{"self":[{"href":"https:\/\/wsse.krakow.pl\/page\/wp-json\/wp\/v2\/posts\/1037","targetHints":{"allow":["GET"]}}],"collection":[{"href":"https:\/\/wsse.krakow.pl\/page\/wp-json\/wp\/v2\/posts"}],"about":[{"href":"https:\/\/wsse.krakow.pl\/page\/wp-json\/wp\/v2\/types\/post"}],"author":[{"embeddable":true,"href":"https:\/\/wsse.krakow.pl\/page\/wp-json\/wp\/v2\/users\/1"}],"replies":[{"embeddable":true,"href":"https:\/\/wsse.krakow.pl\/page\/wp-json\/wp\/v2\/comments?post=1037"}],"version-history":[{"count":0,"href":"https:\/\/wsse.krakow.pl\/page\/wp-json\/wp\/v2\/posts\/1037\/revisions"}],"wp:attachment":[{"href":"https:\/\/wsse.krakow.pl\/page\/wp-json\/wp\/v2\/media?parent=1037"}],"wp:term":[{"taxonomy":"category","embeddable":true,"href":"https:\/\/wsse.krakow.pl\/page\/wp-json\/wp\/v2\/categories?post=1037"},{"taxonomy":"post_tag","embeddable":true,"href":"https:\/\/wsse.krakow.pl\/page\/wp-json\/wp\/v2\/tags?post=1037"}],"curies":[{"name":"wp","href":"https:\/\/api.w.org\/{rel}","templated":true}]}}