{"id":1045,"date":"2014-04-03T09:02:53","date_gmt":"2014-04-03T07:02:53","guid":{"rendered":"http:\/\/wsse.krakow.pl\/page\/dzien-otwarty-w-wojewozkiej-stacji-sanitarno-epidemiologicznej-w-krakowie\/"},"modified":"2014-04-03T09:02:53","modified_gmt":"2014-04-03T07:02:53","slug":"dzien-otwarty-w-wojewozkiej-stacji-sanitarno-epidemiologicznej-w-krakowie","status":"publish","type":"post","link":"https:\/\/wsse.krakow.pl\/page\/dzien-otwarty-w-wojewozkiej-stacji-sanitarno-epidemiologicznej-w-krakowie\/","title":{"rendered":"DZIE\u0143 OTWARTY W WOJEW\u00d3DZKIEJ STACJI SANITARNO-EPIDEMIOLOGICZNEJ W KRAKOWIE"},"content":{"rendered":"<p style=\"margin-left: -1cm; text-align: justify;\"> \t&nbsp;<\/p>\n<p style=\"text-align: justify;\"> \tMIEJSCE: <strong>Krak\u00f3w, ul. Pr\u0105dnicka 76<\/strong> \u2013 Budynek Wojew\u00f3dzkiej Stacji Sanitarno-Epidemiologicznej <img loading=\"lazy\" decoding=\"async\" class=\" alignright size-full wp-image-1042\" alt=\"\" src=\"http:\/\/wsse.krakow.pl\/page\/wp-content\/uploads\/2014\/04\/chopiec_1.png\" style=\"width: 125px; height: 171px; float: right;\" width=\"125\" height=\"171\" srcset=\"https:\/\/wsse.krakow.pl\/page\/wp-content\/uploads\/2014\/04\/chopiec_1.png 125w, https:\/\/wsse.krakow.pl\/page\/wp-content\/uploads\/2014\/04\/chopiec_1-110x150.png 110w\" sizes=\"auto, (max-width: 125px) 100vw, 125px\" \/><\/p>\n<p style=\"text-align: justify;\"> \tDATA: <strong>Sobota, 12 kwietnia 2014 r., godz. 10:00 \u2013 14:00<\/strong><\/p>\n<p style=\"text-align: justify;\"> \t12 kwietnia 2014 r. Wojew\u00f3dzka Stacja Sanitarno-Epidemiologiczna w Krakowie, w ramach Dnia Otwartego, planuje przeprowadzenie akcji edukacyjnej pt. <strong>Bezpieczne otoczenie to zdrowie dzieci<\/strong>. Przedsi\u0119wzi\u0119cie ma na celu przybli\u017cenie rodzicom i opiekunom najwa\u017cniejszych aspekt\u00f3w dotycz\u0105cych bezpiecze\u0144stwa i zdrowia dzieci, m. in.:<\/p>\n<p style=\"margin-left: 35.45pt; text-align: justify;\"> \t\u00b7&nbsp;&nbsp;&nbsp;&nbsp;&nbsp;&nbsp; odpowiednich warunk\u00f3w do nauki i zabawy w szkole i w przedszkolu (prezentacja wynik\u00f3w raportu dot. bezpiecze\u0144stwa w ma\u0142opolskich przedszkolach),<\/p>\n<p style=\"margin-left: 38.75pt; text-align: justify;\"> \t\u00b7&nbsp;&nbsp;&nbsp;&nbsp;&nbsp;&nbsp;&nbsp;&nbsp; podstawowych aspekt\u00f3w zdrowego od\u017cywiania,<\/p>\n<p style=\"margin-left: 38.75pt; text-align: justify;\"> \t\u00b7&nbsp;&nbsp;&nbsp;&nbsp;&nbsp;&nbsp;&nbsp;&nbsp; zasad dotycz\u0105cych bezpiecze\u0144stwa \u017cywno\u015bci,<img loading=\"lazy\" decoding=\"async\" class=\" alignright size-full wp-image-1043\" alt=\"\" height=\"98\" src=\"http:\/\/wsse.krakow.pl\/page\/wp-content\/uploads\/2014\/04\/dziewczynka_1.png\" style=\"float: right;\" width=\"66\" \/><\/p>\n<p style=\"margin-left: 38.75pt; text-align: justify;\"> \t\u00b7&nbsp;&nbsp;&nbsp;&nbsp;&nbsp;&nbsp;&nbsp;&nbsp; chor\u00f3b zaka\u017anych u dzieci,<\/p>\n<p style=\"margin-left: 38.75pt; text-align: justify;\"> \t\u00b7&nbsp;&nbsp;&nbsp;&nbsp;&nbsp;&nbsp;&nbsp;&nbsp; znaczenia szczepie\u0144 ochronnych dla zdrowia i prawid\u0142owego rozwoju dzieci.<\/p>\n<p style=\"text-align: justify;\"> \tWszystkim odwiedzaj\u0105cym Wojew\u00f3dzk\u0105 Stacj\u0119 Sanitarno-Epidemiologiczn\u0105 w Dniu Otwartym, proponujemy udzia\u0142 w wyk\u0142adach prowadzonych przez zaproszonych specjalist\u00f3w &#8211;<strong> dr med. Anna Gorczyca<\/strong>, Ordynator Oddzia\u0142u Chor\u00f3b Infekcyjnych Dzieci i Hepatologii Dzieci\u0119cej oraz <strong>lek. med. Danuta Jurkiewicz-Badacz<\/strong>, kierownik Centrum Szczepie\u0144 Krakowskiego Szpitala Specjalistycznego im. Jana Paw\u0142a II w Krakowie. Zach\u0119camy tak\u017ce do skorzystania z mo\u017cliwo\u015bci zwiedzenia laboratorium, na co dzie\u0144 niedost\u0119pnego dla klient\u00f3w. Do dyspozycji uczestnik\u00f3w b\u0119dzie tak\u017ce:<\/p>\n<p style=\"margin-left: 35.45pt; text-align: justify;\"> \t\u00b7&nbsp;&nbsp;&nbsp;&nbsp;&nbsp;&nbsp; punkt konsultacyjny dot. wymog\u00f3w sanitarnych dla \u017c\u0142obk\u00f3w i przedszkoli,<\/p>\n<p style=\"margin-left: 35.45pt; text-align: justify;\"> \t\u00b7&nbsp;&nbsp;&nbsp;&nbsp;&nbsp;&nbsp; mo\u017cliwo\u015b\u0107 zbadania st\u0119\u017cenia glukozy we krwi,<\/p>\n<p style=\"margin-left: 35.45pt; text-align: justify;\"> \t\u00b7&nbsp;&nbsp;&nbsp;&nbsp;&nbsp;&nbsp; mo\u017cliwo\u015b\u0107 zbadania st\u0119\u017cenia tlenku w\u0119gla w wydychanym powietrzu,<\/p>\n<p style=\"margin-left: 35.45pt; text-align: justify;\"> \t\u00b7&nbsp;&nbsp;&nbsp;&nbsp;&nbsp;&nbsp; punkt badania twardo\u015bci wody (w tym celu nale\u017cy przynie\u015b\u0107 do punktu minimum<br \/> \t&nbsp;&nbsp;&nbsp;&nbsp;&nbsp;&nbsp;&nbsp; 100 ml wody, najlepiej w butelce po wodzie mineralnej).<\/p>\n<p style=\"text-align: justify;\"> \t&nbsp;<\/p>\n<p style=\"text-align: justify;\"> \tNajm\u0142odszym uczestnikom zapewnimy atrakcje takie jak:<\/p>\n<p style=\"text-align: justify;\"> \t<img loading=\"lazy\" decoding=\"async\" class=\" alignleft size-full wp-image-1044\" alt=\"\" src=\"http:\/\/wsse.krakow.pl\/page\/wp-content\/uploads\/2014\/04\/dziewczynka_2.png\" style=\"width: 108px; height: 150px; float: left;\" width=\"108\" height=\"150\" \/>\u00b7&nbsp;&nbsp;&nbsp;&nbsp;&nbsp;&nbsp;&nbsp;&nbsp; k\u0105cik zabaw,<\/p>\n<p style=\"text-align: justify;\"> \t\u00b7&nbsp;&nbsp;&nbsp;&nbsp;&nbsp;&nbsp;&nbsp;&nbsp; gry na \u015bwie\u017cym powietrzu,<\/p>\n<p style=\"text-align: justify;\"> \t\u00b7&nbsp;&nbsp;&nbsp;&nbsp;&nbsp;&nbsp;&nbsp;&nbsp; pokaz udzielania pierwszej pomocy,<\/p>\n<p style=\"text-align: justify;\"> \t\u00b7&nbsp;&nbsp;&nbsp;&nbsp;&nbsp;&nbsp;&nbsp;&nbsp; zabawy z klaunami,<\/p>\n<p style=\"text-align: justify;\"> \t\u00b7&nbsp;&nbsp;&nbsp;&nbsp;&nbsp;&nbsp;&nbsp;&nbsp; mo\u017cliwo\u015b\u0107 obejrzenia radiowozu, wozu stra\u017cackiego oraz ambulansu.<\/p>\n<p style=\"text-align: justify;\"> \tAnimatorami zabaw b\u0119d\u0105 studenci Uniwersytetu Pedagogicznego w Krakowie.<\/p>\n<p style=\"text-align: justify;\"> \t&nbsp;<\/p>\n<p style=\"text-align: justify;\"> \t<strong>Partnerzy:<\/strong><\/p>\n<p style=\"text-align: justify;\"> \tKrakowski Szpital Specjalistyczny im. Jana Paw\u0142a II<br \/> \tCoredea Sp. z o. o.<br \/> \tSzko\u0142a Aspirant\u00f3w Pa\u0144stwowej Stra\u017cy Po\u017carnej w Krakowie<br \/> \tKomenda Wojew\u00f3dzka Policji w Krakowie<br \/> \tMi\u0119dzynarodowe Stowarzyszenie Student\u00f3w Medycyny IFMSA Poland<br \/> \tZwi\u0105zek Harcerstwa Polskiego<br \/> \tCentrum Rodzinki Sp. z o. o.<br \/> \tFundacja Dr Clown<br \/> \t\u017bywiec Zdr\u00f3j<\/p>\n<p style=\"text-align: justify;\"> \t<strong>Patronat medialny:<\/strong><\/p>\n<p style=\"text-align: justify;\"> \tTVP Krak\u00f3w<br \/> \tRadio Krak\u00f3w<br \/> \t&nbsp;<\/p>\n<p style=\"text-align: justify;\"> \t<strong><span style=\"font-size:16px;\">PLAN DNIA<\/span><\/strong><\/p>\n<p style=\"text-align: justify;\"> \t<span style=\"font-size:14px;\"><strong><span style=\"background-color:#afeeee;\">SALA nr 3 (parter)<\/span><\/strong><\/span><\/p>\n<p> \t<strong>10:00 \u2013 10:30 przedstawienie wyniku raportu nt. bezpiecze\u0144stwa w ma\u0142opolskich przedszkolach (Ma\u0142opolski Pa\u0144stwowy Wojew\u00f3dzki Inspektor Sanitarny &#8211; dr Micha\u0142 Seweryn)<\/strong><\/p>\n<p> \t<strong>10:30 \u2013 11:00 Jak unika\u0107 chor\u00f3b infekcyjnych i paso\u017cytniczych. Co czyha na dziecko w otoczeniu? (dr med. Anna Gorczyca<\/strong>, Ordynator Oddzia\u0142u Chor\u00f3b Infekcyjnych Dzieci i Hepatologii Dzieci\u0119cej, Krakowski Szpital Specjalistyczny im. Jana Paw\u0142a II)<\/p>\n<p> \t<strong>11:00 \u2013 11:30<\/strong> <strong>Fakty i mity dotycz\u0105ce szczepie\u0144 u dzieci<\/strong> (<strong>lek. med. Danuta Jurkiewicz-Badacz<\/strong>, Kierownik Centrum Szczepie\u0144, Krakowski Szpital Specjalistyczny im. Jana Paw\u0142a II)<\/p>\n<p> \t<strong>12:10 \u2013 12:40 Zatrucia pokarmowe \u2013 co warto wiedzie\u0107? <\/strong>(p. S. Szupi\u0144ska-Hamerlik)<\/p>\n<p> \t<strong>12:40 \u2013 13:10<\/strong> <strong>Sp\u00f3r o jajko czyli plusy i minusy konsumpcji jaj <\/strong>(p. B. Ob\u0142\u0105k)<\/p>\n<p> \t<strong>13:10 \u2013 13:35<\/strong><strong>&nbsp;<\/strong> <strong>Prezentacja w\u0142a\u015bciwego sposobu uk\u0142adania \u017cywno\u015bci w lod\u00f3wce <\/strong><br \/> \t(p. P. Pokrzywa)<\/p>\n<p> \t<strong>13:35 \u2013 14:00<\/strong> <strong>Pola elektromagnetyczne \u2013 czy jest si\u0119 czego ba\u0107? <\/strong>(p. J. Szcze\u015bniak)<\/p>\n<h1> \t<span style=\"font-size:14px;\"><span style=\"background-color:#afeeee;\">Laboratorium (III pi\u0119tro)<\/span><\/span><\/h1>\n<p> \t<strong>11:30 \u2013 12:10 Zwiedzanie laboratorium mikrobiologii<\/strong> (pod opiek\u0105 p. S. Szupi\u0144skiej-Hamerlik)<\/p>\n<h1> \t<span style=\"font-size:14px;\"><span style=\"background-color:#afeeee;\">SALA nr 126 (I pi\u0119tro)<\/span><\/span><\/h1>\n<p> \t<strong>11:00 \u2013 11:30 Szkodniki spo\u017cywcze \u2013 om\u00f3wienie oraz prezentacja eksponat\u00f3w (p. M. Habrat)<\/strong><\/p>\n<p> \t<strong>11:30 \u2013 12:00 Rozdzia\u0142 barwnik\u00f3w spo\u017cywczych na kolumnie lub p\u0142ytce chromatograficznej (p. E. Witek)<\/strong><\/p>\n<p> \t<strong>12:15 \u2013 13:00 Pokaz pomiar\u00f3w telefon\u00f3w kom\u00f3rkowych, om\u00f3wienie zasad pomiar\u00f3w (p. J. Szcze\u015bniak, p. P. Kozaczka)<\/strong><\/p>\n<h1> \t<span style=\"font-size:14px;\"><span style=\"background-color:#afeeee;\">Punkt pomiaru twardo\u015bci wody (parter)<\/span><\/span><\/h1>\n<p> \t<strong>11:00 \u2013 14:00 Pomiar twardo\u015bci wody <span style=\"background-color:#ffff00;\">(aby skorzysta\u0107 z mo\u017cliwo\u015bci oceny twardo\u015bci wody, nale\u017cy przynie\u015b\u0107 do Punktu co najmniej 100 ml wody w czystej butelce po wodzie mineralnej)<\/span><\/strong><\/p>\n<p> \t&nbsp;<\/p>\n<h1> \t<span style=\"font-size:14px;\"><span style=\"background-color:#afeeee;\">Zaj\u0119cia na \u015bwie\u017cym powietrzu (ogr\u00f3d za budynkiem Stacji)<\/span><span style=\"background-color:#afeeee;\"> 10:00 \u2013 14:00<\/span><\/span><\/h1>\n<p> \t<strong>Mo\u017cliwo\u015b\u0107 obejrzenia:<\/strong><\/p>\n<p style=\"margin-left:36.0pt;\"> \t\u00b7&nbsp;&nbsp;&nbsp;&nbsp;&nbsp;&nbsp;&nbsp;&nbsp; <strong>Radiowozu (10:00 \u2013 12:30)<\/strong><\/p>\n<p style=\"margin-left:36.0pt;\"> \t\u00b7&nbsp;&nbsp;&nbsp;&nbsp;&nbsp;&nbsp;&nbsp;&nbsp; <strong>Ambulansu (10:00 \u2013 14:00)<\/strong><\/p>\n<p style=\"margin-left:36.0pt;\"> \t\u00b7&nbsp;&nbsp;&nbsp;&nbsp;&nbsp;&nbsp;&nbsp;&nbsp; <strong>Wozu stra\u017cackiego (11:00 \u2013 13:00)<\/strong><\/p>\n<p> \t&nbsp;<\/p>\n<p> \t<strong>Gry i zabawy na \u015bwie\u017cym powietrzu (pod opiek\u0105 student\u00f3w Uniwersytetu Pedagogicznego).<\/strong><\/p>\n<p> \t<strong>Pokaz iluzji, malowanie twarzy, zabawy z klaunami, balonowe zwierzaki (Wolontariusze z Fundacji Dr Clown).<\/strong><\/p>\n<p> \t<strong>Pokaz udzielania pierwszej pomocy w wykonaniu Harcerzy ze Zwi\u0105zku Harcerstwa Polskiego<\/strong>.<\/p>\n<p> \t<strong><span style=\"background-color:#ffa500;\">NOWE! Przegl\u0105d stomatologiczny dla dzieci (Wolontariusze &#8211; lekarze stomatolodzy z Fundacji Kraina Zdrowia)<\/span><\/strong><\/p>\n<p> \t<strong>Od godziny 10:00 do 14:00 do dyspozycji b\u0119dzie k\u0105cik dla dzieci wyposa\u017cony w zabawki, kredki, tablice do malowania\u2026<\/strong><\/p>\n<p> \t&nbsp;<\/p>\n<p style=\"text-align: justify;\"> \tEl\u017cbieta Kuras<br \/> \tDzia\u0142 Zdrowia Publicznego i Promocji Zdrowia<br \/> \tData wprowadzenia: 3 kwietnia 2014<br \/> \tData ostatniej aktualizacji: 10 kwietnia 2014<br \/> \t&nbsp;<\/p>\n<p style=\"text-align: justify;\"> \t<span style=\"font-size:9px;\">Darmowe grafiki zaczerpni\u0119te ze strony internetowej: pl.freepik.com<\/span><\/p>\n<p style=\"text-align: justify;\"> \t&nbsp;<\/p>\n<p style=\"text-align: justify;\"> \t&nbsp;<\/p>\n<!-- WP Attachments -->\r\n        <div style=\"width:100%;margin:10px 0 10px 0;\">\r\n            <h3>Pliki do pobrania:<\/h3>\r\n        <ul class=\"post-attachments\"><li class=\"post-attachment mime-image-png\"><a href=\"https:\/\/wsse.krakow.pl\/page\/dzien-otwarty-w-wojewozkiej-stacji-sanitarno-epidemiologicznej-w-krakowie\/?download=1042\">chopiec_1<\/a> <small>(16 kB)<\/small><\/li><li class=\"post-attachment mime-image-png\"><a href=\"https:\/\/wsse.krakow.pl\/page\/dzien-otwarty-w-wojewozkiej-stacji-sanitarno-epidemiologicznej-w-krakowie\/?download=1043\">dziewczynka_1<\/a> <small>(16 kB)<\/small><\/li><li class=\"post-attachment mime-image-png\"><a href=\"https:\/\/wsse.krakow.pl\/page\/dzien-otwarty-w-wojewozkiej-stacji-sanitarno-epidemiologicznej-w-krakowie\/?download=1044\">dziewczynka_2<\/a> <small>(17 kB)<\/small><\/li><\/ul><\/div>","protected":false},"excerpt":{"rendered":"<p style=\"margin-left: -1cm; text-align: justify;\"> \t&nbsp;<\/p>\n<p style=\"text-align: justify;\"> \tMIEJSCE: <strong>Krak\u00f3w, ul. Pr\u0105dnicka 76<\/strong> \u2013 Budynek Wojew\u00f3dzkiej Stacji Sanitarno-Epidemiologicznej <img loading=\"lazy\" decoding=\"async\" class=\" alignright size-full wp-image-1042\" alt=\"\" src=\"http:\/\/wsse.krakow.pl\/page\/wp-content\/uploads\/2014\/04\/chopiec_1.png\" style=\"width: 125px; height: 171px; float: right;\" width=\"125\" height=\"171\" srcset=\"https:\/\/wsse.krakow.pl\/page\/wp-content\/uploads\/2014\/04\/chopiec_1.png 125w, https:\/\/wsse.krakow.pl\/page\/wp-content\/uploads\/2014\/04\/chopiec_1-110x150.png 110w\" sizes=\"auto, (max-width: 125px) 100vw, 125px\" \/><\/p>\n<p style=\"text-align: justify;\"> \tDATA: <strong>Sobota, 12 kwietnia 2014 r., godz. 10:00 \u2013 14:00<\/strong><\/p>\n<p style=\"text-align: justify;\"> \t12 kwietnia 2014 r. Wojew\u00f3dzka Stacja Sanitarno-Epidemiologiczna w Krakowie, w ramach Dnia Otwartego, planuje przeprowadzenie akcji edukacyjnej pt. <strong>Bezpieczne otoczenie to zdrowie dzieci<\/strong>. Przedsi\u0119wzi\u0119cie ma na celu przybli\u017cenie rodzicom i opiekunom najwa\u017cniejszych aspekt\u00f3w dotycz\u0105cych bezpiecze\u0144stwa i zdrowia dzieci, m. in.:<\/p>\n<p style=\"margin-left: 35.45pt; text-align: justify;\"> \t\u00b7&nbsp;&nbsp;&nbsp;&nbsp;&nbsp;&nbsp; odpowiednich warunk\u00f3w do nauki i zabawy w szkole i w przedszkolu (prezentacja wynik\u00f3w raportu dot. bezpiecze\u0144stwa w ma\u0142opolskich przedszkolach),<\/p>\n<p style=\"margin-left: 38.75pt; text-align: justify;\"> \t\u00b7&nbsp;&nbsp;&nbsp;&nbsp;&nbsp;&nbsp;&nbsp;&nbsp; podstawowych aspekt\u00f3w zdrowego od\u017cywiania,<\/p>\n<p style=\"margin-left: 38.75pt; text-align: justify;\"> \t\u00b7&nbsp;&nbsp;&nbsp;&nbsp;&nbsp;&nbsp;&nbsp;&nbsp; zasad dotycz\u0105cych bezpiecze\u0144stwa \u017cywno\u015bci,<img loading=\"lazy\" decoding=\"async\" class=\" alignright size-full wp-image-1043\" alt=\"\" height=\"98\" src=\"http:\/\/wsse.krakow.pl\/page\/wp-content\/uploads\/2014\/04\/dziewczynka_1.png\" style=\"float: right;\" width=\"66\" \/><\/p>\n<p style=\"margin-left: 38.75pt; text-align: justify;\"> \t\u00b7&nbsp;&nbsp;&nbsp;&nbsp;&nbsp;&nbsp;&nbsp;&nbsp; chor\u00f3b zaka\u017anych u dzieci,<\/p>\n<p style=\"margin-left: 38.75pt; text-align: justify;\"> \t\u00b7&nbsp;&nbsp;&nbsp;&nbsp;&nbsp;&nbsp;&nbsp;&nbsp; znaczenia szczepie\u0144 ochronnych dla zdrowia i prawid\u0142owego rozwoju dzieci.<\/p>\n","protected":false},"author":1,"featured_media":0,"comment_status":"closed","ping_status":"closed","sticky":false,"template":"","format":"standard","meta":{"_monsterinsights_skip_tracking":false,"_monsterinsights_sitenote_active":false,"_monsterinsights_sitenote_note":"","_monsterinsights_sitenote_category":0,"footnotes":""},"categories":[49],"tags":[],"class_list":["post-1045","post","type-post","status-publish","format-standard","hentry","category-kampanie-spoleczne"],"_links":{"self":[{"href":"https:\/\/wsse.krakow.pl\/page\/wp-json\/wp\/v2\/posts\/1045","targetHints":{"allow":["GET"]}}],"collection":[{"href":"https:\/\/wsse.krakow.pl\/page\/wp-json\/wp\/v2\/posts"}],"about":[{"href":"https:\/\/wsse.krakow.pl\/page\/wp-json\/wp\/v2\/types\/post"}],"author":[{"embeddable":true,"href":"https:\/\/wsse.krakow.pl\/page\/wp-json\/wp\/v2\/users\/1"}],"replies":[{"embeddable":true,"href":"https:\/\/wsse.krakow.pl\/page\/wp-json\/wp\/v2\/comments?post=1045"}],"version-history":[{"count":0,"href":"https:\/\/wsse.krakow.pl\/page\/wp-json\/wp\/v2\/posts\/1045\/revisions"}],"wp:attachment":[{"href":"https:\/\/wsse.krakow.pl\/page\/wp-json\/wp\/v2\/media?parent=1045"}],"wp:term":[{"taxonomy":"category","embeddable":true,"href":"https:\/\/wsse.krakow.pl\/page\/wp-json\/wp\/v2\/categories?post=1045"},{"taxonomy":"post_tag","embeddable":true,"href":"https:\/\/wsse.krakow.pl\/page\/wp-json\/wp\/v2\/tags?post=1045"}],"curies":[{"name":"wp","href":"https:\/\/api.w.org\/{rel}","templated":true}]}}