{"id":1472,"date":"2014-12-11T09:47:20","date_gmt":"2014-12-11T08:47:20","guid":{"rendered":"http:\/\/wsse.krakow.pl\/page\/iv-ogolnopolski-dzien-szczepien\/"},"modified":"2014-12-11T09:47:20","modified_gmt":"2014-12-11T08:47:20","slug":"iv-ogolnopolski-dzien-szczepien","status":"publish","type":"post","link":"https:\/\/wsse.krakow.pl\/page\/iv-ogolnopolski-dzien-szczepien\/","title":{"rendered":"IV Og\u00f3lnopolski Dzie\u0144 Szczepie\u0144"},"content":{"rendered":"<p style=\"text-align: justify;\"> \t<img loading=\"lazy\" decoding=\"async\" class=\" alignleft size-full wp-image-1471\" alt=\"\" src=\"http:\/\/wsse.krakow.pl\/page\/wp-content\/uploads\/2014\/12\/Ogolnopolski_Dzien_Szczepien.gif\" style=\"width: 130px; height: 130px; float: left;\" width=\"130\" height=\"130\" \/>Celem obchod\u00f3w Og\u00f3lnopolskiego Dnia Szczepie\u0144 jest propagowanie szczepie\u0144 jako najskuteczniejszego sposobu zapobiegania chorobom oraz poprawa spo\u0142ecznej wiedzy na temat korzy\u015bci wynikaj\u0105cych ze stosowania szczepie\u0144 a tak\u017ce konieczno\u015bci poszerzania dost\u0119pu do tego rodzaju profilaktyki.<\/p>\n<p> \tOg\u00f3lnopolski Dzie\u0144 Szczepie\u0144, to nie jest jednodniowa akcja. Ka\u017cdego roku akcja edukacyjno-informacyjna rozpoczyna si\u0119 w kwietniu i trwa do grudnia. Dzia\u0142ania prowadzone s\u0105 w wielu polskich miastach.<\/p>\n<p style=\"text-align: justify;\"> \tW tym roku celem Europejskiego Dnia Szczepie\u0144 by\u0142a <strong>Eliminacja odry i r\u00f3\u017cyczki do 2015 roku oraz d\u0105\u017cenie do ca\u0142kowitej eliminacji wirusa Polio na \u015bwiecie.<\/strong><\/p>\n<p style=\"text-align: justify;\"> \t<strong>Fina\u0142 akcji odb\u0119dzie si\u0119 12 grudnia 2014 r. w Warszawie w Pa\u0142acu Stasica (ul. Nowy \u015awiat 72, Sala Lustrzana). Wydarzenie organizowane jest we wsp\u00f3\u0142pracy z <\/strong><strong>Oddzia\u0142em Warszawskim Polskiego Towarzystwa Pediatrycznego.<\/strong><\/p>\n<p style=\"text-align: justify;\"> \tWi\u0119cej informacji na stronie: <a href=\"http:\/\/www.ogolnopolskidzienszczepien.pl\">http:\/\/www.ogolnopolskidzienszczepien.pl<\/a><\/p>\n<p style=\"text-align: justify;\"> \tElzbieta Kuras<br \/> \tDzia\u0142 Zdrowia Publicznego i Promocji Zdrowia<br \/> \tData wprowadzenia: 11 grudnia 2014<br \/> \tdata ostatniej aktualizacji: 11 grudnia 2014<\/p>\n<!-- WP Attachments -->\r\n        <div style=\"width:100%;margin:10px 0 10px 0;\">\r\n            <h3>Pliki do pobrania:<\/h3>\r\n        <ul class=\"post-attachments\"><li class=\"post-attachment mime-image-gif\"><a href=\"https:\/\/wsse.krakow.pl\/page\/iv-ogolnopolski-dzien-szczepien\/?download=1471\">Ogolnopolski_Dzien_Szczepien<\/a> <small>(4 kB)<\/small><\/li><\/ul><\/div>","protected":false},"excerpt":{"rendered":"<p style=\"text-align: justify;\"> \t<img loading=\"lazy\" decoding=\"async\" class=\" alignleft size-full wp-image-1471\" alt=\"\" src=\"http:\/\/wsse.krakow.pl\/page\/wp-content\/uploads\/2014\/12\/Ogolnopolski_Dzien_Szczepien.gif\" style=\"width: 130px; height: 130px; float: left;\" width=\"130\" height=\"130\" \/>Celem obchod\u00f3w Og\u00f3lnopolskiego Dnia Szczepie\u0144 jest propagowanie szczepie\u0144 jako najskuteczniejszego sposobu zapobiegania chorobom oraz poprawa spo\u0142ecznej wiedzy na temat korzy\u015bci wynikaj\u0105cych ze stosowania szczepie\u0144 a tak\u017ce konieczno\u015bci poszerzania dost\u0119pu do tego rodzaju profilaktyki.<\/p>\n<p> \tOg\u00f3lnopolski Dzie\u0144 Szczepie\u0144, to nie jest jednodniowa akcja. Ka\u017cdego roku akcja edukacyjno-informacyjna rozpoczyna si\u0119 w kwietniu i trwa do grudnia. Dzia\u0142ania prowadzone s\u0105 w wielu polskich miastach.<\/p>\n","protected":false},"author":1,"featured_media":0,"comment_status":"closed","ping_status":"closed","sticky":false,"template":"","format":"standard","meta":{"_monsterinsights_skip_tracking":false,"_monsterinsights_sitenote_active":false,"_monsterinsights_sitenote_note":"","_monsterinsights_sitenote_category":0,"footnotes":""},"categories":[40],"tags":[],"class_list":["post-1472","post","type-post","status-publish","format-standard","hentry","category-promocja-zdrowia"],"_links":{"self":[{"href":"https:\/\/wsse.krakow.pl\/page\/wp-json\/wp\/v2\/posts\/1472","targetHints":{"allow":["GET"]}}],"collection":[{"href":"https:\/\/wsse.krakow.pl\/page\/wp-json\/wp\/v2\/posts"}],"about":[{"href":"https:\/\/wsse.krakow.pl\/page\/wp-json\/wp\/v2\/types\/post"}],"author":[{"embeddable":true,"href":"https:\/\/wsse.krakow.pl\/page\/wp-json\/wp\/v2\/users\/1"}],"replies":[{"embeddable":true,"href":"https:\/\/wsse.krakow.pl\/page\/wp-json\/wp\/v2\/comments?post=1472"}],"version-history":[{"count":0,"href":"https:\/\/wsse.krakow.pl\/page\/wp-json\/wp\/v2\/posts\/1472\/revisions"}],"wp:attachment":[{"href":"https:\/\/wsse.krakow.pl\/page\/wp-json\/wp\/v2\/media?parent=1472"}],"wp:term":[{"taxonomy":"category","embeddable":true,"href":"https:\/\/wsse.krakow.pl\/page\/wp-json\/wp\/v2\/categories?post=1472"},{"taxonomy":"post_tag","embeddable":true,"href":"https:\/\/wsse.krakow.pl\/page\/wp-json\/wp\/v2\/tags?post=1472"}],"curies":[{"name":"wp","href":"https:\/\/api.w.org\/{rel}","templated":true}]}}