{"id":1554,"date":"2015-02-09T10:23:29","date_gmt":"2015-02-09T09:23:29","guid":{"rendered":"http:\/\/wsse.krakow.pl\/page\/konferencja-wszawica-i-inne-choroby-wieku-dzieciecego\/"},"modified":"2015-02-09T10:23:29","modified_gmt":"2015-02-09T09:23:29","slug":"konferencja-wszawica-i-inne-choroby-wieku-dzieciecego","status":"publish","type":"post","link":"https:\/\/wsse.krakow.pl\/page\/konferencja-wszawica-i-inne-choroby-wieku-dzieciecego\/","title":{"rendered":"Konferencja &#8222;Wszawica i inne choroby wieku dzieci\u0119cego&#8221;"},"content":{"rendered":"<p style=\"text-align: justify;\"> \t<img loading=\"lazy\" decoding=\"async\" class=\" alignright size-full wp-image-1550\" alt=\"\" src=\"http:\/\/wsse.krakow.pl\/page\/wp-content\/uploads\/2015\/02\/przedszkole_2.png\" style=\"width: 299px; height: 125px; float: right; margin-left: 10px; margin-right: 10px;\" width=\"561\" height=\"235\" srcset=\"https:\/\/wsse.krakow.pl\/page\/wp-content\/uploads\/2015\/02\/przedszkole_2.png 561w, https:\/\/wsse.krakow.pl\/page\/wp-content\/uploads\/2015\/02\/przedszkole_2-150x63.png 150w, https:\/\/wsse.krakow.pl\/page\/wp-content\/uploads\/2015\/02\/przedszkole_2-300x126.png 300w\" sizes=\"auto, (max-width: 561px) 100vw, 561px\" \/>W dniu 5 lutego 2015 roku w siedzibie Wojew\u00f3dzkiej Stacji Sanitarno-Epidemiologicznej w Krakowie odby\u0142a si\u0119 konferencja pn. \u201eWszawica i inne choroby wieku dzieci\u0119cego\u201d, na kt\u00f3r\u0105 zaproszeni zostali pracownicy przedszkoli i szk\u00f3\u0142 podstawowych z terenu miasta Krakowa. W\u015br\u00f3d prelegent\u00f3w znale\u017ali si\u0119 specjali\u015bci w dziedzinie chor\u00f3b wieku dzieci\u0119cego, reprezentuj\u0105cy r\u00f3\u017cne \u015brodowiska.<\/p>\n<p style=\"text-align: justify;\"> \tKonferencj\u0119 uroczy\u015bcie otworzy\u0142a Pani Magdalena Koperny, kierownik Dzia\u0142u Zdrowia Publicznego i Promocji Zdrowia WSSE w Krakowie, podkre\u015blaj\u0105c wag\u0119 problemu chor\u00f3b wieku dzieci\u0119cego i wynikaj\u0105c\u0105 w zwi\u0105zku z tym konieczno\u015b\u0107 podejmowania szerokiej dyskusji.<\/p>\n<p style=\"text-align: justify;\"> \t<img loading=\"lazy\" decoding=\"async\" class=\" alignright size-full wp-image-1551\" alt=\"\" height=\"213\" src=\"http:\/\/wsse.krakow.pl\/page\/wp-content\/uploads\/2015\/02\/04.png\" style=\"margin-left: 10px; margin-right: 10px; float: right;\" width=\"285\" \/>Pierwszy, z zaplanowanego cyklu wyk\u0142ad\u00f3w, poprowadzi\u0142y Panie Bogus\u0142awa Kowalczyk oraz Wanda Tatara, reprezentuj\u0105ce <em>\u015ar\u00f3dmiejskie Centrum \u015arodowiska Szkolnego Scholar. <\/em>Prelegentki w kompleksowy spos\u00f3b zaprezentowa\u0142y problem wszawicy w\u015br\u00f3d dzieci z perspektywy piel\u0119gniarek oraz higienistek szkolnych. W wyst\u0105pieniu zaprezentowane zosta\u0142y najwa\u017cniejsze akty prawne, reguluj\u0105ce dzia\u0142ania z zakresu profilaktycznej opieki zdrowotnej w plac\u00f3wkach o\u015bwiatowych oraz praktyczne wytyczne co do profilaktyki wszawicy i post\u0119powania leczniczego w przypadku jej wyst\u0105pienia.<\/p>\n<p style=\"text-align: justify;\"> \tDrugi wyk\u0142ad poprowadzi\u0142a Pani Ma\u0142gorzata Frankowska z Oddzia\u0142u Nadzoru \u017bywno\u015bci, \u017bywienia i Proces\u00f3w Nauczania Wojew\u00f3dzkiej Stacji Sanitarno-Epidemiologicznej w Krakowie. W wyst\u0105pieniu zosta\u0142y poruszone przede wszystkim kwestie uregulowa\u0144 prawnych w zakresie wszawicy. Dyskutowana by\u0142a rola Inspekcji Sanitarnej, rodzic\u00f3w oraz instytucji o\u015bwiatowych w obszarze przeciwdzia\u0142ania wszawicy w\u015br\u00f3d dzieci ucz\u0119szczaj\u0105cych do plac\u00f3wek wychowawczo-o\u015bwiatowych.&nbsp;<\/p>\n<p style=\"text-align: justify;\"> \t<img loading=\"lazy\" decoding=\"async\" class=\" alignleft size-full wp-image-1552\" alt=\"\" height=\"202\" src=\"http:\/\/wsse.krakow.pl\/page\/wp-content\/uploads\/2015\/02\/05.png\" style=\"margin-left: 10px; margin-right: 10px; float: left;\" width=\"270\" srcset=\"https:\/\/wsse.krakow.pl\/page\/wp-content\/uploads\/2015\/02\/05.png 580w, https:\/\/wsse.krakow.pl\/page\/wp-content\/uploads\/2015\/02\/05-150x113.png 150w, https:\/\/wsse.krakow.pl\/page\/wp-content\/uploads\/2015\/02\/05-300x225.png 300w\" sizes=\"auto, (max-width: 270px) 100vw, 270px\" \/>Kolejny wyk\u0142ad, dotycz\u0105cy higieny w plac\u00f3wkach o\u015bwiatowych, wyg\u0142osi\u0142a Pani Natalia Synowska z Dzia\u0142u Zdrowia Publicznego i Promocji Zdrowia Wojew\u00f3dzkiej Stacji Sanitarno-Epidemiologicznej w Krakowie. Uczestnicy konferencji zostali zapoznani z wytycznymi z zakresu podstawowych zasad higieny, kt\u00f3re powinny by\u0107 wdra\u017cane w szko\u0142ach i przedszkolach. W trakcie wyst\u0105pienia prelegentka podkre\u015bla\u0142a jak istotn\u0105 rol\u0119, z punktu widzenia profilaktyki zdrowotnej, pe\u0142ni zaznajamianie dzieci z zasadami higieny ju\u017c od najm\u0142odszych lat.<\/p>\n<p style=\"text-align: justify;\"> \tOgromny wk\u0142ad w konferencj\u0119 wni\u00f3s\u0142 wyk\u0142ad zatytu\u0142owany \u201ePneumokoki, meningokoki i rotawirusy \u2013 zagro\u017cenia wieku dzieci\u0119cego. Dlaczego warto szczepi\u0107?\u201d zaprezentowany przez Pani\u0105 dr Hann\u0119 Czajk\u0119, kt\u00f3ra kieruje Poradni\u0105 Chor\u00f3b Zaka\u017anych w Wojew\u00f3dzkim Specjalistycznym Szpitalu Dzieci\u0119cym im. \u015bw. Ludwika w Krakowie. Zaprezentowane informacje dotycz\u0105ce szczepie\u0144 ochronnych w Polsce oraz na \u015bwiecie, poparte przyk\u0142adami zaczerpni\u0119tymi z praktyki zawodowej Pani doktor, zrobi\u0142y na uczestnikach szkolenia du\u017ce wra\u017cenie i podnios\u0142y \u015bwiadomo\u015b\u0107 na temat konieczno\u015bci szczepie\u0144.<\/p>\n<p style=\"text-align: justify;\"> \t<img loading=\"lazy\" decoding=\"async\" class=\" alignright size-full wp-image-1553\" alt=\"\" height=\"217\" src=\"http:\/\/wsse.krakow.pl\/page\/wp-content\/uploads\/2015\/02\/06.png\" style=\"float: right; margin-left: 10px; margin-right: 10px;\" width=\"290\" srcset=\"https:\/\/wsse.krakow.pl\/page\/wp-content\/uploads\/2015\/02\/06.png 580w, https:\/\/wsse.krakow.pl\/page\/wp-content\/uploads\/2015\/02\/06-150x113.png 150w, https:\/\/wsse.krakow.pl\/page\/wp-content\/uploads\/2015\/02\/06-300x225.png 300w\" sizes=\"auto, (max-width: 290px) 100vw, 290px\" \/>Ostatni wyk\u0142ad zaplanowany w ramach konferencji \u201eWszawica i inne choroby wieku dzieci\u0119cego\u201d, dotyczy\u0142 niezwykle istotnego problemu zdrowotnego jakim s\u0105 choroby paso\u017cytnicze u dzieci. Wyst\u0105pienie na ten temat przygotowa\u0142a Pani Bogus\u0142awa Szwaja z Oddzia\u0142u Laboratoryjnego Mikrobiologii Klinicznej Wojew\u00f3dzkiej Stacji Sanitarno-Epidemiologicznej w Krakowie. Wyk\u0142ad obejmowa\u0142 obszar prewencji i diagnostyki w odniesieniu do najpopularniejszych chor\u00f3b paso\u017cytniczych wyst\u0119puj\u0105cych w\u015br\u00f3d dzieci.<\/p>\n<p style=\"text-align: justify;\"> \tKonferencja zorganizowana przez Dzia\u0142 Zdrowia Publicznego i Promocji Zdrowia cieszy\u0142a si\u0119 bardzo du\u017cym zainteresowaniem. W spotkaniu uczestniczy\u0142o 54 przedstawicieli szk\u00f3\u0142 podstawowych i przedszkoli. Wysoka frekwencja oraz o\u017cywione dyskusje \u015bwiadcz\u0105 o potrzebie organizowania wydarze\u0144 o podobnej tematyce w przysz\u0142o\u015bci.<\/p>\n<p style=\"text-align: justify;\"> \t\u0179r\u00f3d\u0142o zdj\u0119\u0107: archiwum<br \/> \t\u0179r\u00f3d\u0142o grafik: pl.freepik.com<\/p>\n<p style=\"text-align: justify;\"> \tJoanna B\u0142o\u0144ska<br \/> \tDzia\u0142 Zdrowia Publicznego i Promocji Zdrowia<br \/> \tData wprowadzenia: 9 lutego 2015 r.<br \/> \tData ostatniej aktualizacji: 9 lutego 2015 r.<\/p>\n<!-- WP Attachments -->\r\n        <div style=\"width:100%;margin:10px 0 10px 0;\">\r\n            <h3>Pliki do pobrania:<\/h3>\r\n        <ul class=\"post-attachments\"><li class=\"post-attachment mime-image-png\"><a href=\"https:\/\/wsse.krakow.pl\/page\/konferencja-wszawica-i-inne-choroby-wieku-dzieciecego\/?download=1550\">przedszkole_2<\/a> <small>(136 kB)<\/small><\/li><li class=\"post-attachment mime-image-png\"><a href=\"https:\/\/wsse.krakow.pl\/page\/konferencja-wszawica-i-inne-choroby-wieku-dzieciecego\/?download=1553\">06<\/a> <small>(277 kB)<\/small><\/li><\/ul><\/div>","protected":false},"excerpt":{"rendered":"<p style=\"text-align: justify;\"> \t<img loading=\"lazy\" decoding=\"async\" class=\" alignright size-full wp-image-1550\" alt=\"\" src=\"http:\/\/wsse.krakow.pl\/page\/wp-content\/uploads\/2015\/02\/przedszkole_2.png\" style=\"width: 299px; height: 125px; float: right; margin-left: 10px; margin-right: 10px;\" width=\"561\" height=\"235\" srcset=\"https:\/\/wsse.krakow.pl\/page\/wp-content\/uploads\/2015\/02\/przedszkole_2.png 561w, https:\/\/wsse.krakow.pl\/page\/wp-content\/uploads\/2015\/02\/przedszkole_2-150x63.png 150w, https:\/\/wsse.krakow.pl\/page\/wp-content\/uploads\/2015\/02\/przedszkole_2-300x126.png 300w\" sizes=\"auto, (max-width: 561px) 100vw, 561px\" \/>W dniu 5 lutego 2015 roku w siedzibie Wojew\u00f3dzkiej Stacji Sanitarno-Epidemiologicznej w Krakowie odby\u0142a si\u0119 konferencja pn. \u201eWszawica i inne choroby wieku dzieci\u0119cego\u201d, na kt\u00f3r\u0105 zaproszeni zostali pracownicy przedszkoli i szk\u00f3\u0142 podstawowych z terenu miasta Krakowa. W\u015br\u00f3d prelegent\u00f3w znale\u017ali si\u0119 specjali\u015bci w dziedzinie chor\u00f3b wieku dzieci\u0119cego, reprezentuj\u0105cy r\u00f3\u017cne \u015brodowiska.<\/p>\n<p style=\"text-align: justify;\"> \tKonferencj\u0119 uroczy\u015bcie otworzy\u0142a Pani Magdalena Koperny, kierownik Dzia\u0142u Zdrowia Publicznego i Promocji Zdrowia WSSE w Krakowie, podkre\u015blaj\u0105c wag\u0119 problemu chor\u00f3b wieku dzieci\u0119cego i wynikaj\u0105c\u0105 w zwi\u0105zku z tym konieczno\u015b\u0107 podejmowania szerokiej dyskusji.<\/p>\n","protected":false},"author":1,"featured_media":0,"comment_status":"closed","ping_status":"closed","sticky":false,"template":"","format":"standard","meta":{"_monsterinsights_skip_tracking":false,"_monsterinsights_sitenote_active":false,"_monsterinsights_sitenote_note":"","_monsterinsights_sitenote_category":0,"footnotes":""},"categories":[40],"tags":[],"class_list":["post-1554","post","type-post","status-publish","format-standard","hentry","category-promocja-zdrowia"],"_links":{"self":[{"href":"https:\/\/wsse.krakow.pl\/page\/wp-json\/wp\/v2\/posts\/1554","targetHints":{"allow":["GET"]}}],"collection":[{"href":"https:\/\/wsse.krakow.pl\/page\/wp-json\/wp\/v2\/posts"}],"about":[{"href":"https:\/\/wsse.krakow.pl\/page\/wp-json\/wp\/v2\/types\/post"}],"author":[{"embeddable":true,"href":"https:\/\/wsse.krakow.pl\/page\/wp-json\/wp\/v2\/users\/1"}],"replies":[{"embeddable":true,"href":"https:\/\/wsse.krakow.pl\/page\/wp-json\/wp\/v2\/comments?post=1554"}],"version-history":[{"count":0,"href":"https:\/\/wsse.krakow.pl\/page\/wp-json\/wp\/v2\/posts\/1554\/revisions"}],"wp:attachment":[{"href":"https:\/\/wsse.krakow.pl\/page\/wp-json\/wp\/v2\/media?parent=1554"}],"wp:term":[{"taxonomy":"category","embeddable":true,"href":"https:\/\/wsse.krakow.pl\/page\/wp-json\/wp\/v2\/categories?post=1554"},{"taxonomy":"post_tag","embeddable":true,"href":"https:\/\/wsse.krakow.pl\/page\/wp-json\/wp\/v2\/tags?post=1554"}],"curies":[{"name":"wp","href":"https:\/\/api.w.org\/{rel}","templated":true}]}}