{"id":1556,"date":"2015-02-20T12:51:27","date_gmt":"2015-02-20T11:51:27","guid":{"rendered":"http:\/\/wsse.krakow.pl\/page\/23-lutego-ogolnopolski-dzien-walki-z-depresja\/"},"modified":"2015-02-20T12:51:27","modified_gmt":"2015-02-20T11:51:27","slug":"23-lutego-ogolnopolski-dzien-walki-z-depresja","status":"publish","type":"post","link":"https:\/\/wsse.krakow.pl\/page\/23-lutego-ogolnopolski-dzien-walki-z-depresja\/","title":{"rendered":"23 lutego \u2013 Og\u00f3lnopolski Dzie\u0144 Walki z Depresj\u0105"},"content":{"rendered":"<p style=\"text-align: justify;\"> \t<img loading=\"lazy\" decoding=\"async\" class=\" alignright size-full wp-image-1555\" alt=\"\" height=\"180\" src=\"http:\/\/wsse.krakow.pl\/page\/wp-content\/uploads\/2015\/02\/depres.png\" style=\"float: right; margin-left: 10px; margin-right: 10px;\" width=\"189\" srcset=\"https:\/\/wsse.krakow.pl\/page\/wp-content\/uploads\/2015\/02\/depres.png 323w, https:\/\/wsse.krakow.pl\/page\/wp-content\/uploads\/2015\/02\/depres-150x143.png 150w, https:\/\/wsse.krakow.pl\/page\/wp-content\/uploads\/2015\/02\/depres-300x286.png 300w\" sizes=\"auto, (max-width: 189px) 100vw, 189px\" \/>23 lutego, zgodnie z rozporz\u0105dzeniem Ministra Zdrowia, obchodzony jest Og\u00f3lnopolski Dzie\u0144 Walki z Depresj\u0105. Tegoroczne obchody przebiega\u0107 b\u0119d\u0105 pod has\u0142em <em>Depresja u kobiet.<\/em> Celem obchod\u00f3w jest zmiana postaw spo\u0142ecze\u0144stwa w stosunku do os\u00f3b cierpi\u0105cych na depresj\u0119, upowszechnienie wiedzy na temat zaburze\u0144 psychicznych oraz zach\u0119cenie os\u00f3b zmagaj\u0105cych si\u0119 z nimi do podj\u0119cia leczenia[1].<\/p>\n<p style=\"text-align: justify;\"> \tObni\u017cenie nastroju, problemy z koncentracj\u0105, bezsenno\u015b\u0107, my\u015bli samob\u00f3jcze, poczucie braku sensu \u017cycia &#8211; to tylko niekt\u00f3re objawy, z kt\u00f3rymi codziennie musz\u0105 si\u0119 mierzy\u0107 osoby dotkni\u0119te depresj\u0105. Niezwykle istotnym elementem prze\u0142amywania tabu na temat depresji jest poszerzanie \u015bwiadomo\u015bci spo\u0142ecze\u0144stwa na temat zaburze\u0144 psychicznych. Jedynie wsparcie otoczenia, po\u0142\u0105czone ze specjalistyczn\u0105 opiek\u0105, mo\u017ce pom\u00f3c chorym wyj\u015b\u0107 z depresji i powr\u00f3ci\u0107 do normalnego \u017cycia [2].<\/p>\n<p style=\"text-align: justify;\"> \tKonieczno\u015b\u0107 organizowania akcji spo\u0142ecznych dotycz\u0105cych chor\u00f3b psychicznych jest tym wi\u0119ksza, \u017ce jak wynika z szacunk\u00f3w \u015awiatowej Organizacji Zdrowia, a\u017c 25% spo\u0142ecze\u0144stwa zmaga si\u0119 z depresj\u0105 i zaburzeniami psychicznymi. Dane s\u0105 tym bardziej zatrwa\u017caj\u0105ce,<br \/> \t\u017ce co najmniej 50% chorych nie jest obj\u0119ta specjalistyczn\u0105 opiek\u0105. Tegoroczne obchody Og\u00f3lnopolskiego Dnia Walki z Depresj\u0105 koncentruj\u0105 si\u0119 na kwestii zaburze\u0144 psychicznych w\u015br\u00f3d kobiet. O wadze tego problemu \u015bwiadczy\u0107 mo\u017ce fakt, \u017ce choroba ta dotyka dwa razy wi\u0119cej kobiet ni\u017c m\u0119\u017cczyzn [3].<\/p>\n<p style=\"text-align: justify;\"> \tZ okazji Og\u00f3lnopolskiego Dnia Walki z Depresj\u0105, w ca\u0142ym kraju odbywa\u0107 si\u0119 b\u0119d\u0105 akcje promuj\u0105ce zdrowie psychiczne. W wielu miastach b\u0119dzie tak\u017ce mo\u017cna zasi\u0119gn\u0105\u0107 bezp\u0142atnej konsultacji psychologicznej. Wi\u0119cej informacji na temat obchod\u00f3w znale\u017a\u0107 mo\u017cna na stronie <strong>Stowarzyszenia Aktywnie Przeciwko Depresji.<\/strong><\/p>\n<p style=\"text-align: justify;\"> \t\u0179r\u00f3d\u0142a:<\/p>\n<p> \t<a href=\"http:\/\/www.depresja.org\/nowe.html\">http:\/\/www.depresja.org\/nowe.html<\/a> [dost\u0119p: 19.02.2015r.]<\/p>\n<p> \t<a href=\"http:\/\/psychiatria.mp.pl\/choroby\/69882,depresja\">http:\/\/psychiatria.mp.pl\/choroby\/69882,depresja<\/a> [dost\u0119p: 19.02.2015 r.]<\/p>\n<p> \t<a href=\"http:\/\/www.euro.who.int\/en\/health-topics\/noncommunicable-diseases\/mental-health\/news\/news\/2012\/10\/depression-in-europe\">http:\/\/www.euro.who.int\/en\/health-topics\/noncommunicable-diseases\/mental-health\/news\/news\/2012\/10\/depression-in-europe<\/a> [dost\u0119p: 19.02.2015 r.]<\/p>\n<p> \t\u0179r\u00f3d\u0142o grafik: http:\/\/pixabay.com\/<\/p>\n<p> \tJoanna B\u0142o\u0144ska<br \/> \tDzia\u0142 Zdrowia Publicznego i Promocji Zdrowia<br \/> \tData wprowadzenia: 20 lutego 2015 r.<br \/> \tData ostatniej aktualizacji: 20 lutego 2015 r.<\/p>\n<p style=\"text-align: justify;\"> \t&nbsp;<\/p>\n<!-- WP Attachments -->\r\n        <div style=\"width:100%;margin:10px 0 10px 0;\">\r\n            <h3>Pliki do pobrania:<\/h3>\r\n        <ul class=\"post-attachments\"><li class=\"post-attachment mime-image-png\"><a href=\"https:\/\/wsse.krakow.pl\/page\/23-lutego-ogolnopolski-dzien-walki-z-depresja\/?download=1555\">depres<\/a> <small>(93 kB)<\/small><\/li><\/ul><\/div>","protected":false},"excerpt":{"rendered":"<p style=\"text-align: justify;\"> \t<img loading=\"lazy\" decoding=\"async\" class=\" alignright size-full wp-image-1555\" alt=\"\" height=\"180\" src=\"http:\/\/wsse.krakow.pl\/page\/wp-content\/uploads\/2015\/02\/depres.png\" style=\"float: right; margin-left: 10px; margin-right: 10px;\" width=\"189\" srcset=\"https:\/\/wsse.krakow.pl\/page\/wp-content\/uploads\/2015\/02\/depres.png 323w, https:\/\/wsse.krakow.pl\/page\/wp-content\/uploads\/2015\/02\/depres-150x143.png 150w, https:\/\/wsse.krakow.pl\/page\/wp-content\/uploads\/2015\/02\/depres-300x286.png 300w\" sizes=\"auto, (max-width: 189px) 100vw, 189px\" \/>23 lutego, zgodnie z rozporz\u0105dzeniem Ministra Zdrowia, obchodzony jest Og\u00f3lnopolski Dzie\u0144 Walki z Depresj\u0105. Tegoroczne obchody przebiega\u0107 b\u0119d\u0105 pod has\u0142em <em>Depresja u kobiet.<\/em> Celem obchod\u00f3w jest zmiana postaw spo\u0142ecze\u0144stwa w stosunku do os\u00f3b cierpi\u0105cych na depresj\u0119, upowszechnienie wiedzy na temat zaburze\u0144 psychicznych oraz zach\u0119cenie os\u00f3b zmagaj\u0105cych si\u0119 z nimi do podj\u0119cia leczenia[1].<\/p>\n<p style=\"text-align: justify;\"> \tObni\u017cenie nastroju, problemy z koncentracj\u0105, bezsenno\u015b\u0107, my\u015bli samob\u00f3jcze, poczucie braku sensu \u017cycia &#8211; to tylko niekt\u00f3re objawy, z kt\u00f3rymi codziennie musz\u0105 si\u0119 mierzy\u0107 osoby dotkni\u0119te depresj\u0105. Niezwykle istotnym elementem prze\u0142amywania tabu na temat depresji jest poszerzanie \u015bwiadomo\u015bci spo\u0142ecze\u0144stwa na temat zaburze\u0144 psychicznych. Jedynie wsparcie otoczenia, po\u0142\u0105czone ze specjalistyczn\u0105 opiek\u0105, mo\u017ce pom\u00f3c chorym wyj\u015b\u0107 z depresji i powr\u00f3ci\u0107 do normalnego \u017cycia [2].<\/p>\n","protected":false},"author":1,"featured_media":0,"comment_status":"closed","ping_status":"closed","sticky":false,"template":"","format":"standard","meta":{"_monsterinsights_skip_tracking":false,"_monsterinsights_sitenote_active":false,"_monsterinsights_sitenote_note":"","_monsterinsights_sitenote_category":0,"footnotes":""},"categories":[40],"tags":[],"class_list":["post-1556","post","type-post","status-publish","format-standard","hentry","category-promocja-zdrowia"],"_links":{"self":[{"href":"https:\/\/wsse.krakow.pl\/page\/wp-json\/wp\/v2\/posts\/1556","targetHints":{"allow":["GET"]}}],"collection":[{"href":"https:\/\/wsse.krakow.pl\/page\/wp-json\/wp\/v2\/posts"}],"about":[{"href":"https:\/\/wsse.krakow.pl\/page\/wp-json\/wp\/v2\/types\/post"}],"author":[{"embeddable":true,"href":"https:\/\/wsse.krakow.pl\/page\/wp-json\/wp\/v2\/users\/1"}],"replies":[{"embeddable":true,"href":"https:\/\/wsse.krakow.pl\/page\/wp-json\/wp\/v2\/comments?post=1556"}],"version-history":[{"count":0,"href":"https:\/\/wsse.krakow.pl\/page\/wp-json\/wp\/v2\/posts\/1556\/revisions"}],"wp:attachment":[{"href":"https:\/\/wsse.krakow.pl\/page\/wp-json\/wp\/v2\/media?parent=1556"}],"wp:term":[{"taxonomy":"category","embeddable":true,"href":"https:\/\/wsse.krakow.pl\/page\/wp-json\/wp\/v2\/categories?post=1556"},{"taxonomy":"post_tag","embeddable":true,"href":"https:\/\/wsse.krakow.pl\/page\/wp-json\/wp\/v2\/tags?post=1556"}],"curies":[{"name":"wp","href":"https:\/\/api.w.org\/{rel}","templated":true}]}}