{"id":1560,"date":"2015-02-26T08:57:58","date_gmt":"2015-02-26T07:57:58","guid":{"rendered":"http:\/\/wsse.krakow.pl\/page\/95-lecie-sluzb-sanitarno-epidemiologicznych-oraz-60-lecie-funkcjonowania-panstwowej-inspekcji-sanitarnej-wreczenie-medali-i-odznaczen-dla-zasluzonych-pracownikow\/"},"modified":"2015-02-26T08:57:58","modified_gmt":"2015-02-26T07:57:58","slug":"95-lecie-sluzb-sanitarno-epidemiologicznych-oraz-60-lecie-funkcjonowania-panstwowej-inspekcji-sanitarnej-wreczenie-medali-i-odznaczen-dla-zasluzonych-pracownikow","status":"publish","type":"post","link":"https:\/\/wsse.krakow.pl\/page\/95-lecie-sluzb-sanitarno-epidemiologicznych-oraz-60-lecie-funkcjonowania-panstwowej-inspekcji-sanitarnej-wreczenie-medali-i-odznaczen-dla-zasluzonych-pracownikow\/","title":{"rendered":"95-lecie s\u0142u\u017cb sanitarno-epidemiologicznych oraz 60-lecie funkcjonowania Pa\u0144stwowej Inspekcji Sanitarnej. Wr\u0119czenie medali i odznacze\u0144 dla zas\u0142u\u017conych pracownik\u00f3w."},"content":{"rendered":"<p style=\"text-align: justify;\"> \t13 lutego 2015 roku, o godz. 12.00 w siedzibie Wojew\u00f3dzkiej Stacji Sanitarno-Epidemiologicznej w Krakowie, odby\u0142o si\u0119 wr\u0119czanie medalu i odznacze\u0144 pracownikom Pa\u0144stwowej Inspekcji Sanitarnej z terenu wojew\u00f3dztwa ma\u0142opolskiego.Prezydent Rzeczpospolitej Polskiej Bronis\u0142aw Komorowski przyzna\u0142 <strong>Pani Marii Budz<\/strong> Medal Z\u0142oty, za d\u0142ugoletni\u0105 s\u0142u\u017cb\u0119. W imieniu Prezydenta RP medal wr\u0119czy\u0142 Wojewoda Ma\u0142opolski Jerzy Miller oraz p.o. G\u0142\u00f3wnego Inspektora Sanitarnego &#8211; Marek Posobkiewicz.<\/p>\n<p style=\"text-align: justify;\"> \tMinister Zdrowia przyzna\u0142 Honorowe Odznaki za Zas\u0142ugi dla Ochrony Zdrowia nast\u0119puj\u0105cym pracownikom Pa\u0144stwowej Inspekcji Sanitarnej:<\/p>\n<p> \t<strong>&#8211; Jan Bana\u015b (PSSE w Krakowie)<br \/> \t&#8211; Ma\u0142gorzata G\u00f3rska (PSSE w Nowym S\u0105czu)<br \/> \t&#8211; Teresa Grabias (PSSE w Nowym S\u0105czu)<br \/> \t&#8211; Maria Gruca (PSSE w Nowym S\u0105czu)<br \/> \t&#8211; Lidia Jab\u0142czyk (PSSE w O\u015bwi\u0119cimiu)<br \/> \t&#8211; Krystyna Jaworska-Wilk (PSSE w Nowym S\u0105czu)<br \/> \t&#8211; Krystyna Jele\u0144 (PSSE w Nowym S\u0105czu)<br \/> \t&#8211; Magdalena Kad\u0142uczka (PSSE w Krakowie)<br \/> \t&#8211; Gra\u017cyna Kagan (PSSE w Chrzanowie)<br \/> \t&#8211; Agata Knapik (PSSE w Olkuszu)<br \/> \t&#8211; Maria Kne\u0107 (PSSE w Nowym S\u0105czu)<br \/> \t&#8211; Ewa Konstanty (PSSE w Krakowie)<br \/> \t&#8211; Anna Krzyk (PSSE w Nowym S\u0105czu)<br \/> \t&#8211; Celina Kulak-Czajkowska ((PSSE w Nowym Targu)<br \/> \t&#8211; Alicja Lipowska (PSSE w Krakowie)<br \/> \t&#8211; Genowefa Michalik (PSSE w Nowym S\u0105czu)<br \/> \t&#8211; Jolanta Niewiarowska (PSSE w Krakowie)<br \/> \t&#8211; Maria Oracz (PSSE w Nowym S\u0105czu)<br \/> \t&#8211; Barbara Potoczek (PSSE w Nowym S\u0105czu)<br \/> \t&#8211; Krystyna Rejowska (PSSE w Nowym S\u0105czu)<br \/> \t&#8211; Katarzyna Rudolphi (PSSE w Gorlicach)<br \/> \t&#8211; Barbara Skiba (PSSE w Nowym Targu)<br \/> \t&#8211; Tadeusz Skupie\u0144 (PSSE w Nowym Targu)<br \/> \t&#8211; Ma\u0142gorzata Sta\u0144czak (PSSE w Olkuszu)<br \/> \t&#8211; Anna Tylko (PSSE w Nowym Targu)<br \/> \t&#8211; Zofia Znamirowska (PSSE w Krakowie)<br \/> \t&#8211; Bronis\u0142awa \u017burek (PSSE w Nowym Targu).<\/strong><\/p>\n<p> \tZas\u0142u\u017conym odznaki wr\u0119czy\u0142 p.o. G\u0142\u00f3wnego Inspektora Sanitarnego Marek Posobkiewicz.<\/p>\n<p> \t<img loading=\"lazy\" decoding=\"async\" class=\" size-full wp-image-1552\" alt=\"\" height=\"372\" src=\"http:\/\/wsse.krakow.pl\/page\/wp-content\/uploads\/2015\/02\/05.png\" width=\"496\" srcset=\"https:\/\/wsse.krakow.pl\/page\/wp-content\/uploads\/2015\/02\/05.png 580w, https:\/\/wsse.krakow.pl\/page\/wp-content\/uploads\/2015\/02\/05-150x113.png 150w, https:\/\/wsse.krakow.pl\/page\/wp-content\/uploads\/2015\/02\/05-300x225.png 300w\" sizes=\"auto, (max-width: 496px) 100vw, 496px\" \/><\/p>\n<p> \t<img loading=\"lazy\" decoding=\"async\" class=\" alignleft size-full wp-image-1557\" alt=\"\" height=\"333\" src=\"http:\/\/wsse.krakow.pl\/page\/wp-content\/uploads\/2015\/02\/01.png\" style=\"float: left;\" width=\"496\" srcset=\"https:\/\/wsse.krakow.pl\/page\/wp-content\/uploads\/2015\/02\/01-150x100.png 150w, https:\/\/wsse.krakow.pl\/page\/wp-content\/uploads\/2015\/02\/01-300x200.png 300w\" sizes=\"auto, (max-width: 496px) 100vw, 496px\" \/><\/p>\n<p> \t&nbsp;<\/p>\n<p> \t&nbsp;<\/p>\n<p> \t&nbsp;<\/p>\n<p> \t&nbsp;<\/p>\n<p> \t&nbsp;<\/p>\n<p> \t&nbsp;<\/p>\n<p> \t&nbsp;<\/p>\n<p> \t&nbsp;<\/p>\n<p> \t&nbsp;<\/p>\n<p> \t&nbsp;<\/p>\n<p> \t&nbsp;<\/p>\n<p> \t&nbsp;<\/p>\n<p> \t&nbsp;<\/p>\n<p> \t<img loading=\"lazy\" decoding=\"async\" class=\" size-full wp-image-1558\" alt=\"\" height=\"331\" src=\"http:\/\/wsse.krakow.pl\/page\/wp-content\/uploads\/2015\/02\/02.png\" width=\"496\" srcset=\"https:\/\/wsse.krakow.pl\/page\/wp-content\/uploads\/2015\/02\/02.png 580w, https:\/\/wsse.krakow.pl\/page\/wp-content\/uploads\/2015\/02\/02-150x100.png 150w, https:\/\/wsse.krakow.pl\/page\/wp-content\/uploads\/2015\/02\/02-300x200.png 300w\" sizes=\"auto, (max-width: 496px) 100vw, 496px\" \/><\/p>\n<p> \t<img loading=\"lazy\" decoding=\"async\" class=\" size-full wp-image-1559\" alt=\"\" height=\"365\" src=\"http:\/\/wsse.krakow.pl\/page\/wp-content\/uploads\/2015\/02\/03.png\" width=\"242\" \/><img loading=\"lazy\" decoding=\"async\" class=\" size-full wp-image-1551\" alt=\"\" height=\"365\" src=\"http:\/\/wsse.krakow.pl\/page\/wp-content\/uploads\/2015\/02\/04.png\" style=\"margin-left: 10px; margin-right: 10px;\" width=\"244\" srcset=\"https:\/\/wsse.krakow.pl\/page\/wp-content\/uploads\/2015\/02\/04.png 387w, https:\/\/wsse.krakow.pl\/page\/wp-content\/uploads\/2015\/02\/04-100x150.png 100w, https:\/\/wsse.krakow.pl\/page\/wp-content\/uploads\/2015\/02\/04-200x300.png 200w\" sizes=\"auto, (max-width: 244px) 100vw, 244px\" \/><\/p>\n<p> \tEl\u017cbieta Kuras<br \/> \trzecznik prasowy<br \/> \tData wprowadzenia: 26 lutego 2015 r.<br \/> \tData ostatniej aktualizacji: 26 lutego 2015 r.<\/p>\n<p> \t&nbsp;<\/p>\n<p> \t&nbsp;<\/p>\n<p> \t&nbsp;<\/p>\n<p> \t&nbsp;<\/p>\n<p> \t&nbsp;<\/p>\n<p> \t&nbsp;<\/p>\n<!-- WP Attachments -->\r\n        <div style=\"width:100%;margin:10px 0 10px 0;\">\r\n            <h3>Pliki do pobrania:<\/h3>\r\n        <ul class=\"post-attachments\"><li class=\"post-attachment mime-image-png\"><a href=\"https:\/\/wsse.krakow.pl\/page\/95-lecie-sluzb-sanitarno-epidemiologicznych-oraz-60-lecie-funkcjonowania-panstwowej-inspekcji-sanitarnej-wreczenie-medali-i-odznaczen-dla-zasluzonych-pracownikow\/?download=1551\">04<\/a> <small>(302 kB)<\/small><\/li><li class=\"post-attachment mime-image-png\"><a href=\"https:\/\/wsse.krakow.pl\/page\/95-lecie-sluzb-sanitarno-epidemiologicznych-oraz-60-lecie-funkcjonowania-panstwowej-inspekcji-sanitarnej-wreczenie-medali-i-odznaczen-dla-zasluzonych-pracownikow\/?download=1552\">05<\/a> <small>(357 kB)<\/small><\/li><li class=\"post-attachment mime-image-png\"><a href=\"https:\/\/wsse.krakow.pl\/page\/95-lecie-sluzb-sanitarno-epidemiologicznych-oraz-60-lecie-funkcjonowania-panstwowej-inspekcji-sanitarnej-wreczenie-medali-i-odznaczen-dla-zasluzonych-pracownikow\/?download=1557\">01<\/a> <small>(330 kB)<\/small><\/li><li class=\"post-attachment mime-image-png\"><a href=\"https:\/\/wsse.krakow.pl\/page\/95-lecie-sluzb-sanitarno-epidemiologicznych-oraz-60-lecie-funkcjonowania-panstwowej-inspekcji-sanitarnej-wreczenie-medali-i-odznaczen-dla-zasluzonych-pracownikow\/?download=1558\">02<\/a> <small>(301 kB)<\/small><\/li><li class=\"post-attachment mime-image-png\"><a href=\"https:\/\/wsse.krakow.pl\/page\/95-lecie-sluzb-sanitarno-epidemiologicznych-oraz-60-lecie-funkcjonowania-panstwowej-inspekcji-sanitarnej-wreczenie-medali-i-odznaczen-dla-zasluzonych-pracownikow\/?download=1559\">03<\/a> <small>(301 kB)<\/small><\/li><\/ul><\/div>","protected":false},"excerpt":{"rendered":"<p style=\"text-align: justify;\"> \t13 lutego 2015 roku, o godz. 12.00 w siedzibie Wojew\u00f3dzkiej Stacji Sanitarno-Epidemiologicznej w Krakowie, odby\u0142o si\u0119 wr\u0119czanie medalu i odznacze\u0144 pracownikom Pa\u0144stwowej Inspekcji Sanitarnej z terenu wojew\u00f3dztwa ma\u0142opolskiego.Prezydent Rzeczpospolitej Polskiej Bronis\u0142aw Komorowski przyzna\u0142 <strong>Pani Marii Budz<\/strong> Medal Z\u0142oty, za d\u0142ugoletni\u0105 s\u0142u\u017cb\u0119. W imieniu Prezydenta RP medal wr\u0119czy\u0142 Wojewoda Ma\u0142opolski Jerzy Miller oraz p.o. G\u0142\u00f3wnego Inspektora Sanitarnego &#8211; Marek Posobkiewicz.<\/p>\n","protected":false},"author":1,"featured_media":0,"comment_status":"closed","ping_status":"closed","sticky":false,"template":"","format":"standard","meta":{"_monsterinsights_skip_tracking":false,"_monsterinsights_sitenote_active":false,"_monsterinsights_sitenote_note":"","_monsterinsights_sitenote_category":0,"footnotes":""},"categories":[4],"tags":[],"class_list":["post-1560","post","type-post","status-publish","format-standard","hentry","category-komunikaty"],"_links":{"self":[{"href":"https:\/\/wsse.krakow.pl\/page\/wp-json\/wp\/v2\/posts\/1560","targetHints":{"allow":["GET"]}}],"collection":[{"href":"https:\/\/wsse.krakow.pl\/page\/wp-json\/wp\/v2\/posts"}],"about":[{"href":"https:\/\/wsse.krakow.pl\/page\/wp-json\/wp\/v2\/types\/post"}],"author":[{"embeddable":true,"href":"https:\/\/wsse.krakow.pl\/page\/wp-json\/wp\/v2\/users\/1"}],"replies":[{"embeddable":true,"href":"https:\/\/wsse.krakow.pl\/page\/wp-json\/wp\/v2\/comments?post=1560"}],"version-history":[{"count":0,"href":"https:\/\/wsse.krakow.pl\/page\/wp-json\/wp\/v2\/posts\/1560\/revisions"}],"wp:attachment":[{"href":"https:\/\/wsse.krakow.pl\/page\/wp-json\/wp\/v2\/media?parent=1560"}],"wp:term":[{"taxonomy":"category","embeddable":true,"href":"https:\/\/wsse.krakow.pl\/page\/wp-json\/wp\/v2\/categories?post=1560"},{"taxonomy":"post_tag","embeddable":true,"href":"https:\/\/wsse.krakow.pl\/page\/wp-json\/wp\/v2\/tags?post=1560"}],"curies":[{"name":"wp","href":"https:\/\/api.w.org\/{rel}","templated":true}]}}