{"id":1563,"date":"2015-03-05T11:39:53","date_gmt":"2015-03-05T10:39:53","guid":{"rendered":"http:\/\/wsse.krakow.pl\/page\/odra-wciaz-obecna-wciaz-niebezpieczna\/"},"modified":"2015-03-05T11:39:53","modified_gmt":"2015-03-05T10:39:53","slug":"odra-wciaz-obecna-wciaz-niebezpieczna","status":"publish","type":"post","link":"https:\/\/wsse.krakow.pl\/page\/odra-wciaz-obecna-wciaz-niebezpieczna\/","title":{"rendered":"Odra \u2013 wci\u0105\u017c obecna, wci\u0105\u017c niebezpieczna"},"content":{"rendered":"<p style=\"text-align: justify;\"> \tOdra jest chorob\u0105 zaka\u017an\u0105 wywo\u0142an\u0105 przez wirus odry, kt\u00f3ry przenoszony jest drog\u0105 kropelkow\u0105, powietrzn\u0105 lub przez bezpo\u015bredni kontakt z osob\u0105 chor\u0105. Choroba rozpoczyna si\u0119 wyst\u0105pieniem objaw\u00f3w nie\u017cytowych:<\/p>\n<ul>\n<li style=\"text-align: justify;\"> \t\twysoka temperatura,<\/li>\n<li style=\"text-align: justify;\"> \t\tkaszel,<\/li>\n<li style=\"text-align: justify;\"> \t\tkatar,<\/li>\n<li style=\"text-align: justify;\"> \t\tostry nie\u017cyt b\u0142ony \u015bluzowej gard\u0142a,<\/li>\n<li style=\"text-align: justify;\"> \t\tnie\u017cyt spoj\u00f3wek,<\/li>\n<li style=\"text-align: justify;\"> \t\tpo 2-3 dniach pojawia si\u0119 wysypka na sk\u00f3rze twarzy i szyi, kt\u00f3ra rozprzestrzenia si\u0119 na tu\u0142\u00f3w i ko\u0144czyny,<\/li>\n<li style=\"text-align: justify;\"> \t\tpo 5-6 dniach wysypka ust\u0119puje w takiej kolejno\u015bci, w jakiej si\u0119 pojawi\u0142a. \t\t  \t<\/li>\n<\/ul>\n<p style=\"text-align: justify;\"> \tZachorowaniu cz\u0119sto towarzysz\u0105 powik\u0142ania, kt\u00f3rych ryzyko wzrasta wraz z wiekiem. Leczenie odry polega na \u0142agodzeniu objaw\u00f3w<br \/> \ti nawadnianiu chorego. Przechorowanie odry trwale uodparnia organizm.<\/p>\n<p style=\"text-align: justify;\"> \tDo powik\u0142a\u0144 w przebiegu odry nale\u017c\u0105:<\/p>\n<ul>\n<li style=\"text-align: justify;\"> \t\tbiegunka i silne odwodnienie organizmu,<\/li>\n<li style=\"text-align: justify;\"> \t\tzapalenie ucha \u015brodkowego,<\/li>\n<li style=\"text-align: justify;\"> \t\tzapalenie p\u0142uc,<\/li>\n<li style=\"text-align: justify;\"> \t\tzapalenie m\u00f3zgu,<\/li>\n<li style=\"text-align: justify;\"> \t\tdrgawki,&nbsp;<\/li>\n<li style=\"text-align: justify;\"> \t\tzgon wyst\u0119puje,<\/li>\n<li style=\"text-align: justify;\"> \t\tpodostre stwardniaj\u0105ce zapalenie m\u00f3zgu.<\/li>\n<\/ul>\n<p style=\"text-align: justify;\"> \tNajgro\u017aniejszym powik\u0142aniem w przebiegu odry jest podostre stwardniaj\u0105ce zapalenie m\u00f3zgu, kt\u00f3re ujawnia si\u0119 od 4 do 10 lat po przej\u015bciu choroby i objawia si\u0119 post\u0119puj\u0105cym ot\u0119pieniem, nasilaj\u0105cym si\u0119 napi\u0119ciem i sztywno\u015bci\u0105 mi\u0119\u015bni oraz drgawkami. Do zgonu dochodzi zwykle w ci\u0105gu 2 lat od pojawienia si\u0119 pierwszych objaw\u00f3w. Leczenie powik\u0142a\u0144 odry wymaga hospitalizacji i&nbsp;zale\u017cy od rodzaju powik\u0142a\u0144.<\/p>\n<p style=\"text-align: justify;\"> \t<strong>Szczepienie przeciwko odrze &#8211; Program Szczepie\u0144 Ochronnych<\/strong><\/p>\n<p style=\"text-align: justify;\"> \tW Polsce obowi\u0105zkowe szczepienia przeciw odrze wprowadzono w 1975 r. W Polsce dzieci i m\u0142odzie\u017c obj\u0119te s\u0105 obowi\u0105zkowymi szczepieniami przeciw odrze, \u015bwince i r\u00f3\u017cyczce od 13 miesi\u0105ca \u017cycia do uko\u0144czenia 19 roku \u017cycia. Osobom nie zaszczepionym przeciwko odrze zgodnie z aktualnym PSO, nale\u017cy poda\u0107 dwie dawki szczepionki skojarzonej w odst\u0119pie co najmniej 4 tygodni.<\/p>\n<p style=\"text-align: justify;\"> \tObecnie w Polsce dost\u0119pna jest skojarzona szczepionka zawieraj\u0105ca \u017cywe, atentowane (os\u0142abione) wirusy odry, \u015bwinki i r\u00f3\u017cyczki (szczepionka popularnie nazywana MMR) lub wirusy odry, \u015bwinki, r\u00f3\u017cyczki i ospy wietrznej (szczepionka MMR-V). Podanie tych szczepionek wywo\u0142uje odporno\u015b\u0107 przeciw odpowiednio trzem i czterem chorobom zaka\u017anym.<\/p>\n<p> \tSkuteczno\u015b\u0107 szczepionek MMR i MMR-V jest bardzo wysoka. Po otrzymaniu dw\u00f3ch dawek szczepionki MMR lub MMR-V co najmniej 96% (86%-100%) dzieci jest chronionych przed zachorowaniem na odr\u0119.&nbsp;<\/p>\n<p style=\"text-align: justify;\"> \tNajlepiej skuteczno\u015b\u0107 szczepionki obrazuje obserwacja trent\u00f3w zachorowalno\u015bci. W latach 1965-1974, liczba zachorowa\u0144 wynosi\u0142a od 70 000 do 130 000 w latach pomi\u0119dzy epidemiami oraz od 135 000 do 200 000 w latach epidemicznych. Wprowadzenie szczepienia przeciwko odrze spowodowa\u0142o ogromny spadek zachorowa\u0144 na odr\u0119.&nbsp; Przyk\u0142adowo: w 2010 r. &#8211; zarejestrowano 13 przypadk\u00f3w zachorowa\u0144, w 2011 r. &#8211; 39, w 2012 r. \u2013 70, w 2013 r. &#8211; 88, a w 2014 r. 110 os\u00f3b zachorowa\u0142o na odr\u0119.&nbsp;<\/p>\n<p style=\"text-align: justify;\"> \t&nbsp;<\/p>\n<p style=\"text-align: justify;\"> \t<span style=\"font-size:11px;\"><em>\u0179r\u00f3d\u0142o: <\/em><\/span><\/p>\n<p style=\"text-align: justify;\"> \t<span style=\"font-size:11px;\"><em>Magdzik W. \u201eChoroby Zaka\u017ane i paso\u017cytnicze \u2013 epidemiologia i profilaktyka\u201d Wydawnictwo alfa-medica Press. Bielsko Bia\u0142a 2007. <\/em><\/span><\/p>\n<p style=\"text-align: justify;\"> \t<span style=\"font-size:11px;\"><em><a href=\"http:\/\/szczepienia.pzh.gov.pl\/\">http:\/\/szczepienia.pzh.gov.pl\/<\/a><\/em><\/span><\/p>\n<p style=\"text-align: justify;\"> \t<span style=\"font-size:11px;\"><em><a href=\"http:\/\/pediatria.mp.pl\/\">http:\/\/pediatria.mp.pl\/<\/a><\/em><\/span><\/p>\n<p style=\"text-align: justify;\"> \t&nbsp;<\/p>\n<p style=\"text-align: justify;\"> \t&nbsp;<\/p>\n<p style=\"text-align: justify;\"> \tOddzia\u0142 Nadzoru Epidemiologii<\/p>\n<p style=\"text-align: justify;\"> \tData wprowadzenia: 05.02.2015 r.<\/p>\n<p style=\"text-align: justify;\"> \tData ostatniej aktualizacji: 05.02.2015 r.<\/p>\n<p style=\"text-align: justify;\"> \t&nbsp;<\/p>\n<p style=\"text-align: justify;\"> \t&nbsp;<\/p>\n","protected":false},"excerpt":{"rendered":"<p style=\"text-align: justify;\"> \tOdra jest chorob\u0105 zaka\u017an\u0105 wywo\u0142an\u0105 przez wirus odry, kt\u00f3ry przenoszony jest drog\u0105 kropelkow\u0105, powietrzn\u0105 lub przez bezpo\u015bredni kontakt z osob\u0105 chor\u0105. Choroba rozpoczyna si\u0119 wyst\u0105pieniem objaw\u00f3w nie\u017cytowych:<\/p>\n<ul>\n<li style=\"text-align: justify;\"> \t\twysoka temperatura,<\/li>\n<li style=\"text-align: justify;\"> \t\tkaszel,<\/li>\n<li style=\"text-align: justify;\"> \t\tkatar,<\/li>\n<li style=\"text-align: justify;\"> \t\tostry nie\u017cyt b\u0142ony \u015bluzowej gard\u0142a,<\/li>\n<li style=\"text-align: justify;\"> \t\tnie\u017cyt spoj\u00f3wek,<\/li>\n<li style=\"text-align: justify;\"> \t\tpo 2-3 dniach pojawia si\u0119 wysypka na sk\u00f3rze twarzy i szyi, kt\u00f3ra rozprzestrzenia si\u0119 na tu\u0142\u00f3w i ko\u0144czyny,<\/li>\n<li style=\"text-align: justify;\"> \t\tpo 5-6 dniach wysypka ust\u0119puje w takiej kolejno\u015bci, w jakiej si\u0119 pojawi\u0142a.<br \/> <br \/>\n","protected":false},"author":48,"featured_media":0,"comment_status":"closed","ping_status":"closed","sticky":false,"template":"","format":"standard","meta":{"_monsterinsights_skip_tracking":false,"_monsterinsights_sitenote_active":false,"_monsterinsights_sitenote_note":"","_monsterinsights_sitenote_category":0,"footnotes":""},"categories":[5],"tags":[110,113,112,111],"class_list":["post-1563","post","type-post","status-publish","format-standard","hentry","category-wsse","tag-odra","tag-powiklania-odry","tag-szczepienia-przeciwko-odrze","tag-zachorowania-na-choroby-zakazne"],"_links":{"self":[{"href":"https:\/\/wsse.krakow.pl\/page\/wp-json\/wp\/v2\/posts\/1563","targetHints":{"allow":["GET"]}}],"collection":[{"href":"https:\/\/wsse.krakow.pl\/page\/wp-json\/wp\/v2\/posts"}],"about":[{"href":"https:\/\/wsse.krakow.pl\/page\/wp-json\/wp\/v2\/types\/post"}],"author":[{"embeddable":true,"href":"https:\/\/wsse.krakow.pl\/page\/wp-json\/wp\/v2\/users\/48"}],"replies":[{"embeddable":true,"href":"https:\/\/wsse.krakow.pl\/page\/wp-json\/wp\/v2\/comments?post=1563"}],"version-history":[{"count":0,"href":"https:\/\/wsse.krakow.pl\/page\/wp-json\/wp\/v2\/posts\/1563\/revisions"}],"wp:attachment":[{"href":"https:\/\/wsse.krakow.pl\/page\/wp-json\/wp\/v2\/media?parent=1563"}],"wp:term":[{"taxonomy":"category","embeddable":true,"href":"https:\/\/wsse.krakow.pl\/page\/wp-json\/wp\/v2\/categories?post=1563"},{"taxonomy":"post_tag","embeddable":true,"href":"https:\/\/wsse.krakow.pl\/page\/wp-json\/wp\/v2\/tags?post=1563"}],"curies":[{"name":"wp","href":"https:\/\/api.w.org\/{rel}","templated":true}]}}