{"id":1613,"date":"2015-04-29T12:23:59","date_gmt":"2015-04-29T10:23:59","guid":{"rendered":"http:\/\/wsse.krakow.pl\/page\/obchody-swiatowego-dnia-zdrowia-w-2015-r-w-malopolsce\/"},"modified":"2015-04-29T12:23:59","modified_gmt":"2015-04-29T10:23:59","slug":"obchody-swiatowego-dnia-zdrowia-w-2015-r-w-malopolsce","status":"publish","type":"post","link":"https:\/\/wsse.krakow.pl\/page\/obchody-swiatowego-dnia-zdrowia-w-2015-r-w-malopolsce\/","title":{"rendered":"Obchody \u015awiatowego Dnia Zdrowia w 2015 r. w Ma\u0142opolsce"},"content":{"rendered":"<p style=\"text-align: justify;\"> \t7 kwietnia, w rocznic\u0119 powstania \u015awiatowej Organizacji Zdrowia (WHO) obchodzony jest&nbsp;\u015awiatowy Dzie\u0144 Zdrowia. W tym roku priorytetowym obszarem z punktu widzenia zdrowia publicznego by\u0142o bezpiecze\u0144stwo \u017cywno\u015bci obchodzone pod has\u0142em:&nbsp;\u201e<em>Z pola na st\u00f3\u0142 \u2013 uczy\u0144 jedzenie bezpiecznym\u201d. <\/em>W wojew\u00f3dztwie Ma\u0142opolskim Powiatowe Stacje Sanitarno-Epidemiologiczne podejmowa\u0142y liczne dzia\u0142ania i eventy w zwi\u0105zku z obchodami tego wa\u017cnego dnia.<\/p>\n<p style=\"text-align: justify;\"> \tPe\u0142na relacja z wydarze\u0144 znajduje si\u0119 w za\u0142\u0105czeniu.<\/p>\n<p style=\"text-align: justify;\"> \tMagdalena Koperny<br \/> \tDzia\u0142 Zdrowia Publicznego i Promocji Zdrowia<br \/> \tData wprowadzenia: 29 kwietnia 2015<br \/> \tData ostatniej aktualizacji: 30 kwietnia 2015<\/p>\n<!-- WP Attachments -->\r\n        <div style=\"width:100%;margin:10px 0 10px 0;\">\r\n            <h3>Pliki do pobrania:<\/h3>\r\n        <ul class=\"post-attachments\"><li class=\"post-attachment mime-application-pdf\"><a href=\"https:\/\/wsse.krakow.pl\/page\/obchody-swiatowego-dnia-zdrowia-w-2015-r-w-malopolsce\/?download=1614\">7 kwietnia 2015 w Malopolsce.pdf<\/a> <small>(950 kB)<\/small><\/li><\/ul><\/div>","protected":false},"excerpt":{"rendered":"<p style=\"text-align: justify;\"> \t7 kwietnia, w rocznic\u0119 powstania \u015awiatowej Organizacji Zdrowia (WHO) obchodzony jest&nbsp;\u015awiatowy Dzie\u0144 Zdrowia. W tym roku priorytetowym obszarem z punktu widzenia zdrowia publicznego by\u0142o bezpiecze\u0144stwo \u017cywno\u015bci obchodzone pod has\u0142em:&nbsp;\u201e<em>Z pola na st\u00f3\u0142 \u2013 uczy\u0144 jedzenie bezpiecznym\u201d. <\/em>W wojew\u00f3dztwie Ma\u0142opolskim Powiatowe Stacje Sanitarno-Epidemiologiczne podejmowa\u0142y liczne dzia\u0142ania i eventy w zwi\u0105zku z obchodami tego wa\u017cnego dnia.<\/p>\n","protected":false},"author":1,"featured_media":0,"comment_status":"closed","ping_status":"closed","sticky":false,"template":"","format":"standard","meta":{"_monsterinsights_skip_tracking":false,"_monsterinsights_sitenote_active":false,"_monsterinsights_sitenote_note":"","_monsterinsights_sitenote_category":0,"footnotes":""},"categories":[40],"tags":[],"class_list":["post-1613","post","type-post","status-publish","format-standard","hentry","category-promocja-zdrowia"],"_links":{"self":[{"href":"https:\/\/wsse.krakow.pl\/page\/wp-json\/wp\/v2\/posts\/1613","targetHints":{"allow":["GET"]}}],"collection":[{"href":"https:\/\/wsse.krakow.pl\/page\/wp-json\/wp\/v2\/posts"}],"about":[{"href":"https:\/\/wsse.krakow.pl\/page\/wp-json\/wp\/v2\/types\/post"}],"author":[{"embeddable":true,"href":"https:\/\/wsse.krakow.pl\/page\/wp-json\/wp\/v2\/users\/1"}],"replies":[{"embeddable":true,"href":"https:\/\/wsse.krakow.pl\/page\/wp-json\/wp\/v2\/comments?post=1613"}],"version-history":[{"count":0,"href":"https:\/\/wsse.krakow.pl\/page\/wp-json\/wp\/v2\/posts\/1613\/revisions"}],"wp:attachment":[{"href":"https:\/\/wsse.krakow.pl\/page\/wp-json\/wp\/v2\/media?parent=1613"}],"wp:term":[{"taxonomy":"category","embeddable":true,"href":"https:\/\/wsse.krakow.pl\/page\/wp-json\/wp\/v2\/categories?post=1613"},{"taxonomy":"post_tag","embeddable":true,"href":"https:\/\/wsse.krakow.pl\/page\/wp-json\/wp\/v2\/tags?post=1613"}],"curies":[{"name":"wp","href":"https:\/\/api.w.org\/{rel}","templated":true}]}}