{"id":1622,"date":"2015-05-19T10:54:07","date_gmt":"2015-05-19T08:54:07","guid":{"rendered":"http:\/\/wsse.krakow.pl\/page\/boze-cialo\/"},"modified":"2015-05-19T10:54:07","modified_gmt":"2015-05-19T08:54:07","slug":"boze-cialo","status":"publish","type":"post","link":"https:\/\/wsse.krakow.pl\/page\/boze-cialo\/","title":{"rendered":"WSTRZYMANIE PRZYJMOWANIA PR\u00d3BEK W ZWI\u0104ZKU ZE \u015aWI\u0118TEM BO\u017bEGO CIA\u0141A"},"content":{"rendered":"<div> \t<span style=\"font-family:arial,helvetica,sans-serif;\">Wojew\u00f3dzka Stacja Sanitarno-Epidemiologiczna w Krakowie informuje, \u017ce w zwi\u0105zku<\/span><\/div>\n<div> \t<span style=\"font-family:arial,helvetica,sans-serif;\">ze \u015bwi\u0119tem Bo\u017cego Cia\u0142a, w celu zachowania post\u0119powania zgodnego z procedurami<\/span><\/div>\n<div> \t<span style=\"font-family:arial,helvetica,sans-serif;\">badawczymi, <u><strong>wstrzymuje przyjmowanie pr\u00f3bek:<\/strong><\/u><\/span><\/div>\n<div> \t&nbsp;<\/div>\n<div> \t<span style=\"font-family:arial,helvetica,sans-serif;\">&#8211;&nbsp;&nbsp; <strong>ka\u0142u<\/strong>&nbsp;&nbsp;&nbsp;&nbsp;&nbsp;&nbsp;&nbsp;&nbsp;&nbsp;&nbsp; w okresie od 2 czerwca 2015 r. do 7 czerwca 2015 r.<\/span><\/div>\n<div> \t<span style=\"font-family:arial,helvetica,sans-serif;\">&#8211;&nbsp;&nbsp; <strong>\u017cywno\u015bci&nbsp; <\/strong>w okresie od 1 czerwca 2015 r. do 7 czerwca 2015 r.<\/span><\/div>\n<div> \t&nbsp;<\/div>\n<div> \t<span style=\"font-family:arial,helvetica,sans-serif;\"><u><strong>Wznowienie<\/strong><\/u> przyjmowania pr\u00f3bek do bada\u0144 nast\u0105pi&nbsp;&nbsp; <u><strong>8 czerwca 2015 r.<\/strong><\/u><\/span><\/div>\n<div> \t&nbsp;<\/div>\n<div> \t<span style=\"font-family:arial,helvetica,sans-serif;\">Jednocze\u015bnie Stacja zapewnia, \u017ce w przypadku zatru\u0107 pokarmowych, w sytuacjach zagro\u017cenie<\/span><\/div>\n<div> \t<span style=\"font-family:arial,helvetica,sans-serif;\">zdrowia lub \u017cycia, standardowo zostanie uruchomiona procedura niezw\u0142ocznego przebadania pr\u00f3bki.<\/span><\/div>\n<div> \t&nbsp;<\/div>\n","protected":false},"excerpt":{"rendered":"<p>Wojew\u00f3dzka Stacja Sanitarno-Epidemiologiczna w Krakowie informuje, \u017ce w zwi\u0105zku ze \u015bwi\u0119tem Bo\u017cego Cia\u0142a, w celu zachowania post\u0119powania zgodnego z procedurami badawczymi, wstrzymuje przyjmowanie pr\u00f3bek: &nbsp; &#8211;&nbsp;&nbsp; ka\u0142u&nbsp;&nbsp;&nbsp;&nbsp;&nbsp;&nbsp;&nbsp;&nbsp;&nbsp;&nbsp; w okresie od 2 czerwca 2015 r. do 7 czerwca 2015 r. &#8211;&nbsp;&nbsp; \u017cywno\u015bci&nbsp; w okresie od 1 czerwca 2015 r. do 7 czerwca 2015 r. &nbsp; Wznowienie [&hellip;]<\/p>\n","protected":false},"author":31,"featured_media":0,"comment_status":"closed","ping_status":"closed","sticky":false,"template":"","format":"standard","meta":{"_monsterinsights_skip_tracking":false,"_monsterinsights_sitenote_active":false,"_monsterinsights_sitenote_note":"","_monsterinsights_sitenote_category":0,"footnotes":""},"categories":[4],"tags":[],"class_list":["post-1622","post","type-post","status-publish","format-standard","hentry","category-komunikaty"],"_links":{"self":[{"href":"https:\/\/wsse.krakow.pl\/page\/wp-json\/wp\/v2\/posts\/1622","targetHints":{"allow":["GET"]}}],"collection":[{"href":"https:\/\/wsse.krakow.pl\/page\/wp-json\/wp\/v2\/posts"}],"about":[{"href":"https:\/\/wsse.krakow.pl\/page\/wp-json\/wp\/v2\/types\/post"}],"author":[{"embeddable":true,"href":"https:\/\/wsse.krakow.pl\/page\/wp-json\/wp\/v2\/users\/31"}],"replies":[{"embeddable":true,"href":"https:\/\/wsse.krakow.pl\/page\/wp-json\/wp\/v2\/comments?post=1622"}],"version-history":[{"count":0,"href":"https:\/\/wsse.krakow.pl\/page\/wp-json\/wp\/v2\/posts\/1622\/revisions"}],"wp:attachment":[{"href":"https:\/\/wsse.krakow.pl\/page\/wp-json\/wp\/v2\/media?parent=1622"}],"wp:term":[{"taxonomy":"category","embeddable":true,"href":"https:\/\/wsse.krakow.pl\/page\/wp-json\/wp\/v2\/categories?post=1622"},{"taxonomy":"post_tag","embeddable":true,"href":"https:\/\/wsse.krakow.pl\/page\/wp-json\/wp\/v2\/tags?post=1622"}],"curies":[{"name":"wp","href":"https:\/\/api.w.org\/{rel}","templated":true}]}}