{"id":1645,"date":"2015-06-15T13:13:51","date_gmt":"2015-06-15T11:13:51","guid":{"rendered":"http:\/\/wsse.krakow.pl\/page\/zakazenia-koronawirusem-mers-cov-w-w-korei-poludniowej\/"},"modified":"2015-06-15T13:13:51","modified_gmt":"2015-06-15T11:13:51","slug":"zakazenia-koronawirusem-mers-cov-w-w-korei-poludniowej","status":"publish","type":"post","link":"https:\/\/wsse.krakow.pl\/page\/zakazenia-koronawirusem-mers-cov-w-w-korei-poludniowej\/","title":{"rendered":"Zaka\u017cenia koronawirusem MERS-CoV w w Korei Po\u0142udniowej"},"content":{"rendered":"<p style=\"text-align: justify;\"><img loading=\"lazy\" decoding=\"async\" class=\" alignright size-full wp-image-1644\" src=\"http:\/\/wsse.krakow.pl\/page\/wp-content\/uploads\/2015\/06\/mers.jpg\" alt=\"\" style=\"width: 200px; height: 169px; float: right;\" width=\"1364\" height=\"936\" srcset=\"https:\/\/wsse.krakow.pl\/page\/wp-content\/uploads\/2015\/06\/mers.jpg 1364w, https:\/\/wsse.krakow.pl\/page\/wp-content\/uploads\/2015\/06\/mers-150x103.jpg 150w, https:\/\/wsse.krakow.pl\/page\/wp-content\/uploads\/2015\/06\/mers-300x206.jpg 300w, https:\/\/wsse.krakow.pl\/page\/wp-content\/uploads\/2015\/06\/mers-768x527.jpg 768w\" sizes=\"auto, (max-width: 1364px) 100vw, 1364px\" \/>Wg danych WHO do dnia <strong>12.06.2015 r<\/strong>. og&oacute;\u0142em na \u015bwiecie odnotowano 1289 potwierdzonych laboratoryjnie przypadk&oacute;w zaka\u017cenia MERS-CoV, w tym co najmniej 455 przypadk&oacute;w \u015bmiertelnych. W Korei Po\u0142udniowej odnotowano 126 zachorowa\u0144 (w tym 11 \u015bmiertelnych). U jednego z chorych zaka\u017cenie zosta\u0142o potwierdzone podczas jego pobytu na terenie Chin.<\/p>\n<p style=\"text-align: justify;\">Wszystkie odnotowane jak dot\u0105d zachorowania maj\u0105 bezpo\u015bredni zwi\u0105zek z pobytem w krajach Bliskiego Wschodu lub po\u015brednio wynikaj\u0105 z kontaktu z osobami, kt&oacute;re przebywaj\u0105c w tym regionie uleg\u0142y zaka\u017ceniu, a nast\u0119pnie powr&oacute;ci\u0142y do rodzimego kraju.<\/p>\n<p style=\"text-align: justify;\">W chwili obecnej za najbardziej prawdopodobne \u017ar&oacute;d\u0142o wirusa MERS-CoV dla ludzi uwa\u017ca si\u0119 wielb\u0142\u0105dy. Wirus mo\u017ce znajdowa\u0107 si\u0119 w wydzielinie dr&oacute;g oddechowych, kale, moczu oraz w mleku zaka\u017conych zwierz\u0105t.<\/p>\n<p style=\"text-align: justify;\">Kontakt z tymi wydzielinami mo\u017ce spowodowa\u0107 przeniesienie zaka\u017cenia. W okre\u015blonych warunkach mo\u017ce doj\u015b\u0107 r&oacute;wnie\u017c do dalszego przeniesienia zaka\u017cenia &ndash; z cz\u0142owieka na cz\u0142owieka &ndash; w\u015br&oacute;d os&oacute;b maj\u0105cych bliski kontakt z osobami chorymi, w\u0142\u0105czaj\u0105c w to rodzin\u0119, pracownik&oacute;w s\u0142u\u017cby zdrowia oraz innych pacjent&oacute;w.<\/p>\n<p style=\"text-align: justify;\">Przypadki zaka\u017cenia nowym koronawirusem MERS-CoV przebiegaj\u0105 z objawami ci\u0119\u017ckich infekcji uk\u0142adu oddechowego, z poprzedzaj\u0105cymi je niespecyficznymi objawami takimi jak: gor\u0105czka, kaszel, trudno\u015bci w oddychaniu, a tak\u017ce z objawami ze strony uk\u0142adu pokarmowego takimi jak: biegunka, wymioty, b&oacute;l brzucha. Odnotowuje si\u0119 tak\u017ce zachorowania o przebiegu \u0142agodnym lub ca\u0142kowicie bezobjawowym.<\/p>\n<p style=\"text-align: justify;\">Wed\u0142ug ECDC, chocia\u017c zachorowania w przebiegu zaka\u017cenia MERS-CoV w Korei Po\u0142udniowej stanowi\u0105 dotychczas najwi\u0119ksz\u0105 odnotowan\u0105 poza P&oacute;\u0142wyspem Arabskim grup\u0119 przypadk&oacute;w, grupa ta jest ograniczona do pacjent&oacute;w, bliskich krewnych pacjent&oacute;w, os&oacute;b odwiedzaj\u0105cych<br \/> i pracownik&oacute;w ochrony zdrowia w kilku plac&oacute;wkach powi\u0105zanych z przypadkiem indeksowym. Ognisko to jednak nie stanowi zwi\u0119kszonego ryzyka infekcji dla os&oacute;b podr&oacute;\u017cuj\u0105cych do Korei Po\u0142udniowej.<\/p>\n<p style=\"text-align: justify;\">Wed\u0142ug ekspert&oacute;w WHO utrwalenie transmisji wirusa w\u015br&oacute;d ludzi jest ma\u0142o prawdopodobne, potencja\u0142 pandemicznego szerzenia si\u0119 wirusa jest bardzo niski, a jego zaka\u017ano\u015b\u0107 nie ulega zmianom.<\/p>\n<p style=\"text-align: justify;\"><strong>WHO nie zaleca wprowadzania \u017cadnych ogranicze\u0144 w ruchu pasa\u017cerskim ani towarowym, jakkolwiek tury\u015bci wybieraj\u0105cy si\u0119 w podr&oacute;\u017c w rejon Bliskiego Wschodu powinni stosowa\u0107 zalecane \u015brodki ostro\u017cno\u015bci.<\/strong><\/p>\n<p style=\"text-align: justify;\">Obywatele pa\u0144stw Unii Europejskiej odwiedzaj\u0105cy tereny Korei Po\u0142udniowej powinni przestrzega\u0107 og&oacute;lnych zasad higieny, kt&oacute;re zmniejszaj\u0105 ryzyko zaka\u017cenia si\u0119 r&oacute;\u017cnymi patogenami:<\/p>\n<p style=\"text-align: justify;\">&#8211; cz\u0119sto my\u0107 r\u0119ce z u\u017cyciem wody, myd\u0142a oraz \u015brodka dezynfekuj\u0105cego,<\/p>\n<p style=\"text-align: justify;\">&#8211; unika\u0107 spo\u017cywania niedogotowanego\/niedosma\u017conego mi\u0119sa i niepasteryzowanego mleka, zw\u0142aszcza pochodz\u0105cego od wielb\u0142\u0105d&oacute;w,<\/p>\n<p style=\"text-align: justify;\">&#8211; unika\u0107 spo\u017cywania \u017cywno\u015bci przygotowanej w nieodpowiednich warunkach sanitarnych,<\/p>\n<p style=\"text-align: justify;\">&#8211; my\u0107 owoce i warzywa przed spo\u017cyciem,<\/p>\n<p style=\"text-align: justify;\">&#8211; zachowywa\u0107 odpowiednie \u015brodki ostro\u017cno\u015bci w kontaktach z osobami&nbsp;&nbsp; chorymi, zw\u0142aszcza maj\u0105cymi objawy grypopodobne, biegunk\u0119 (lub inne objawy nie\u017cytu \u017co\u0142\u0105dkowo-jelitowego).<\/p>\n<p style=\"text-align: justify;\">Szczeg&oacute;ln\u0105 ostro\u017cno\u015b\u0107 nale\u017cy zachowa\u0107 podczas wizyt lub pobytu w plac&oacute;wkach ochrony zdrowia, gdzie dochodzi do wi\u0119kszo\u015bci zaka\u017ce\u0144 wt&oacute;rnych.<\/p>\n<p style=\"margin-left: -9pt; text-align: justify;\">Ponadto nale\u017cy:<\/p>\n<p style=\"margin-left: -9pt; text-align: justify;\">&#8211; unika\u0107 odwiedzania farm z domowymi lub dzikimi zwierz\u0119tami.<\/p>\n<p style=\"margin-left: -9pt; text-align: justify;\">&#8211; unika\u0107 kontaktu z wydzielinami i wydalinami zwierz\u0105t (zw\u0142aszcza moczu i ka\u0142u).<\/p>\n<p style=\"margin-left: -9pt; text-align: justify;\">&#8211; zg\u0142osi\u0107 si\u0119 do lekarza, je\u015bli wyst\u0105pi\u0105 objawy choroby ze strony uk\u0142adu oddechowego podczas przebywania na obszarze Korei Po\u0142udniowej lub w ci\u0105gu 14 dni od daty powrotu, udzielaj\u0105c informacji na temat historii podr&oacute;\u017cy, mo\u017cliwych kontakt&oacute;w ze zwierz\u0119tami lub chorymi lud\u017ami. W miar\u0119 mo\u017cliwo\u015bci, informacja o historii podr&oacute;\u017cy powinna by\u0107 przekazana jeszcze przed wej\u015bciem na teren pomieszcze\u0144 plac&oacute;wki ochrony zdrowia.<\/p>\n<p style=\"margin-left: -9pt; text-align: justify;\">Osoby chore powinny:<\/p>\n<p style=\"margin-left: -9pt; text-align: justify;\">&#8211;&nbsp; zachowa\u0107 odpowiednie \u015brodki higieny podczas kaszlu, kichania (w czasie kaszlu i kichania zakrywa\u0107 nos i usta chusteczk\u0105 jednorazow\u0105, a w przypadku braku chusteczek &ndash; kaszle\u0107 i kicha\u0107 w zgi\u0119cie \u0142okciowe),<\/p>\n<p style=\"margin-left: -9pt; text-align: justify;\">&#8211;&nbsp; unika\u0107 bliskiego kontaktu z innymi osobami,<\/p>\n<p style=\"margin-left: -9pt; text-align: justify;\">&#8211; unika\u0107 udzia\u0142u w przygotowaniu posi\u0142k&oacute;w,<\/p>\n<p style=\"margin-left: -9pt; text-align: justify;\">&#8211; cz\u0119sto my\u0107 r\u0119ce z u\u017cyciem wody, myd\u0142a i \u015brodka dezynfekuj\u0105cego,<\/p>\n<p style=\"margin-left: -9pt; text-align: justify;\">&#8211;&nbsp; stosowa\u0107 si\u0119 do zasad higieny osobistej.<\/p>\n<p style=\"text-align: justify;\">&nbsp;<\/p>\n<p style=\"text-align: justify;\">W przypadku zawleczenia takiej choroby do Polski uruchamiane zostaj\u0105 procedury zabezpieczaj\u0105ce rozprzestrzenianie si\u0119 tej choroby.<\/p>\n<p style=\"text-align: justify;\">\u0179r&oacute;d\u0142o:<\/p>\n<p style=\"text-align: justify;\"><a href=\"http:\/\/gis.gov.pl\/ckfinder\/userfiles\/files\/EP\/informacje%20dla%20podr%C3%B3%C5%BCuj%C4%85cych\/12_06-%20MERS.pdf\">http:\/\/gis.gov.pl\/ckfinder\/userfiles\/files\/EP\/informacje%20dla%20podr%C3%B3%C5%BCuj%C4%85cych\/12_06-%20MERS.pdf<\/a><\/p>\n<p style=\"text-align: justify;\"><a href=\"http:\/\/www.emro.who.int\/surveillance-forecasting-response\/emerging-diseases\/mers-cov.html\">http:\/\/www.emro.who.int\/surveillance-forecasting-response\/emerging-diseases\/mers-cov.html<\/a><\/p>\n<p style=\"text-align: justify;\">&nbsp;<\/p>\n<p style=\"text-align: justify;\">Oddzia\u0142 Nazdroru Epidemiologii<br \/> Data wprowadzenia: 15 czerwca 2015<br \/> Data ostatniej aktualizacji: 15 czerwca 2015<\/p>\n<!-- WP Attachments -->\r\n        <div style=\"width:100%;margin:10px 0 10px 0;\">\r\n            <h3>Pliki do pobrania:<\/h3>\r\n        <ul class=\"post-attachments\"><li class=\"post-attachment mime-image-jpeg\"><a href=\"https:\/\/wsse.krakow.pl\/page\/zakazenia-koronawirusem-mers-cov-w-w-korei-poludniowej\/?download=1644\">mers<\/a> <small>(77 kB)<\/small><\/li><\/ul><\/div>","protected":false},"excerpt":{"rendered":"<p style=\"text-align: justify;\"><img loading=\"lazy\" decoding=\"async\" class=\" alignright size-full wp-image-1644\" src=\"http:\/\/wsse.krakow.pl\/page\/wp-content\/uploads\/2015\/06\/mers.jpg\" alt=\"\" style=\"width: 200px; height: 169px; float: right;\" width=\"1364\" height=\"936\" srcset=\"https:\/\/wsse.krakow.pl\/page\/wp-content\/uploads\/2015\/06\/mers.jpg 1364w, https:\/\/wsse.krakow.pl\/page\/wp-content\/uploads\/2015\/06\/mers-150x103.jpg 150w, https:\/\/wsse.krakow.pl\/page\/wp-content\/uploads\/2015\/06\/mers-300x206.jpg 300w, https:\/\/wsse.krakow.pl\/page\/wp-content\/uploads\/2015\/06\/mers-768x527.jpg 768w\" sizes=\"auto, (max-width: 1364px) 100vw, 1364px\" \/>Wg danych WHO do dnia <strong>12.06.2015 r<\/strong>. og&oacute;\u0142em na \u015bwiecie odnotowano 1289 potwierdzonych laboratoryjnie przypadk&oacute;w zaka\u017cenia MERS-CoV, w tym co najmniej 455 przypadk&oacute;w \u015bmiertelnych. W Korei Po\u0142udniowej odnotowano 126 zachorowa\u0144 (w tym 11 \u015bmiertelnych). U jednego z chorych zaka\u017cenie zosta\u0142o potwierdzone podczas jego pobytu na terenie Chin.<\/p>\n<p style=\"text-align: justify;\">Wszystkie odnotowane jak dot\u0105d zachorowania maj\u0105 bezpo\u015bredni zwi\u0105zek z pobytem w krajach Bliskiego Wschodu lub po\u015brednio wynikaj\u0105 z kontaktu z osobami, kt&oacute;re przebywaj\u0105c w tym regionie uleg\u0142y zaka\u017ceniu, a nast\u0119pnie powr&oacute;ci\u0142y do rodzimego kraju.<\/p>\n<p style=\"text-align: justify;\">W chwili obecnej za najbardziej prawdopodobne \u017ar&oacute;d\u0142o wirusa MERS-CoV dla ludzi uwa\u017ca si\u0119 wielb\u0142\u0105dy. Wirus mo\u017ce znajdowa\u0107 si\u0119 w wydzielinie dr&oacute;g oddechowych, kale, moczu oraz w mleku zaka\u017conych zwierz\u0105t.<\/p>\n","protected":false},"author":1,"featured_media":0,"comment_status":"closed","ping_status":"closed","sticky":false,"template":"","format":"standard","meta":{"_monsterinsights_skip_tracking":false,"_monsterinsights_sitenote_active":false,"_monsterinsights_sitenote_note":"","_monsterinsights_sitenote_category":0,"footnotes":""},"categories":[55],"tags":[],"class_list":["post-1645","post","type-post","status-publish","format-standard","hentry","category-nadzor-epidemiologii"],"_links":{"self":[{"href":"https:\/\/wsse.krakow.pl\/page\/wp-json\/wp\/v2\/posts\/1645","targetHints":{"allow":["GET"]}}],"collection":[{"href":"https:\/\/wsse.krakow.pl\/page\/wp-json\/wp\/v2\/posts"}],"about":[{"href":"https:\/\/wsse.krakow.pl\/page\/wp-json\/wp\/v2\/types\/post"}],"author":[{"embeddable":true,"href":"https:\/\/wsse.krakow.pl\/page\/wp-json\/wp\/v2\/users\/1"}],"replies":[{"embeddable":true,"href":"https:\/\/wsse.krakow.pl\/page\/wp-json\/wp\/v2\/comments?post=1645"}],"version-history":[{"count":0,"href":"https:\/\/wsse.krakow.pl\/page\/wp-json\/wp\/v2\/posts\/1645\/revisions"}],"wp:attachment":[{"href":"https:\/\/wsse.krakow.pl\/page\/wp-json\/wp\/v2\/media?parent=1645"}],"wp:term":[{"taxonomy":"category","embeddable":true,"href":"https:\/\/wsse.krakow.pl\/page\/wp-json\/wp\/v2\/categories?post=1645"},{"taxonomy":"post_tag","embeddable":true,"href":"https:\/\/wsse.krakow.pl\/page\/wp-json\/wp\/v2\/tags?post=1645"}],"curies":[{"name":"wp","href":"https:\/\/api.w.org\/{rel}","templated":true}]}}