{"id":1659,"date":"2015-08-05T13:13:06","date_gmt":"2015-08-05T11:13:06","guid":{"rendered":"http:\/\/wsse.krakow.pl\/page\/dopal-dopalaczom-wolni-od-narkotykow-kreatywni-w-zyciu\/"},"modified":"2015-08-05T13:13:06","modified_gmt":"2015-08-05T11:13:06","slug":"dopal-dopalaczom-wolni-od-narkotykow-kreatywni-w-zyciu","status":"publish","type":"post","link":"https:\/\/wsse.krakow.pl\/page\/dopal-dopalaczom-wolni-od-narkotykow-kreatywni-w-zyciu\/","title":{"rendered":"Dopal dopalaczom. Wolni od narkotyk\u00f3w &#8211; kreatywni w \u017cyciu."},"content":{"rendered":"<p style=\"text-align: justify;\">Z inicjatywy Ma\u0142opolskiego Pa\u0144stwowego Wojew\u00f3dzkiego Inspektora Sanitarnego we\u00a0 wsp\u00f3\u0142pracy z ma\u0142opolskimi Powiatowymi Stacjami Sanitarno-Epidemiologicznymi, Urz\u0119dem Marsza\u0142kowskim Wojew\u00f3dztwa Ma\u0142opolskiego &#8211; Ekspertem Wojew\u00f3dzkim ds. Informacji o Narkotykach i Narkomanii Wojew\u00f3dztwa Ma\u0142opolskiego oraz\u00a0 Kuratorium O\u015bwiaty w Krakowie, we wrze\u015bniu br. w Ma\u0142opolsce rusza kampania informacyjno-edukacyjna pod has\u0142em &#8222;Dopal dopalaczom. Wolni od narkotyk\u00f3w -kreatywni w \u017cyciu &#8222;, kt\u00f3rej adresatami s\u0105 uczniowie\u00a0 gimnazj\u00f3w wojew\u00f3dztwa ma\u0142opolskiego, ich rodzice, opiekunowie, a tak\u017ce nauczyciele i pedagodzy pracuj\u0105cy z m\u0142odzie\u017c\u0105, studenci oraz inne osoby doros\u0142e.<br \/> Celem kampanii jest u\u015bwiadamianie zagro\u017cenia dla zdrowia, jakie stanowi u\u017cywanie \u015brodk\u00f3w zast\u0119pczych oraz zminimalizowanie ryzykownych zachowa\u0144 prowadz\u0105cych do ich u\u017cywania.<br \/> Kampania prowadzona b\u0119dzie przy wsparciu medi\u00f3w, instytucji pa\u0144stwowych i organizacji pozarz\u0105dowych, m.in.: Komendy Wojew\u00f3dzkiej Policji, Stra\u017cy Miejskiej Miasta Krakowa, Stowarzyszenia MONAR, Katedry Toksykologii i Chor\u00f3b \u015arodowiskowych Uniwersytetu Jagiello\u0144skiego Collegium Medicum, Krakowskiego Szpitala Specjalistycznego im. Jana Paw\u0142a II. Kampani\u0119 obejm\u0105 patronatem honorowym Wojewoda Ma\u0142opolski oraz Marsza\u0142ek Wojew\u00f3dztwa Ma\u0142opolskiego, a tak\u017ce Wojew\u00f3dzki Konsultant w dziedzinie Psychiatrii Dzieci i M\u0142odzie\u017cy. O patronat medialny wyst\u0105pili\u015bmy do Radia KRAK\u00d3W.<br \/> Ambasadorem kampanii b\u0119dzie Fundacja Dru\u017cyna Mistrz\u00f3w, kt\u00f3ra przygotowa\u0142a klip i rozpocz\u0119\u0142a na profilach spo\u0142eczno\u015bciowych kampani\u0119 antydopalaczow\u0105 \u201eSPORT-MUZKA-PASJA KONTRA DOPALACZE!\u201d.<br \/> W ramach kampanii planujemy:<br \/> \u2022\u00a0\u00a0 \u00a0konferencje szkoleniowe dla wszystkich zainteresowanych pedagog\u00f3w ma\u0142opolskich gimnazj\u00f3w, kt\u00f3rych celem jest przygotowanie do prowadzenia zaj\u0119\u0107 edukacyjnych\u00a0\u00a0\u00a0\u00a0\u00a0 z uczniami oraz spotka\u0144 z rodzicami ( 21 wrze\u015bnia br. w Nowym S\u0105czu, 23 w Tarnowie, 29 w Nowym Targu, 1 pa\u017adziernika w Krakowie, 16 w Zatorze);<br \/> \u2022\u00a0\u00a0 \u00a0konkurs dla m\u0142odzie\u017cy gimnazjalnej na plakat \u201eWolni od narkotyk\u00f3w-kreatywni w \u017cyciu\u201d- I semestr roku szkolnego 2015\/2016;<br \/> \u2022\u00a0\u00a0 \u00a0konkurs dla student\u00f3w na spot pt. \u201eDopal Dopalaczom\u201d-\u00a0 I semestr roku akademickiego 2015\/2016;<br \/> \u2022\u00a0\u00a0 \u00a0nag\u0142o\u015bnienie w mass mediach poprzez:<br \/> -artyku\u0142y prasowe,<br \/> -audycje radiowe,<br \/> -konferencje prasowe;<br \/> \u2022\u00a0\u00a0 \u00a0konferencj\u0119 edukacyjn\u0105 dla uczni\u00f3w podsumowuj\u0105c\u0105 kampani\u0119, rozdanie nagr\u00f3d oraz prezentacj\u0119 nagrodzonych prac.<\/p>\n<p> Zapraszamy wszystkich mieszka\u0144c\u00f3w Ma\u0142opolski do udzia\u0142u w Kampanii!<\/p>\n<p> Dodatkowe informacje mo\u017cna uzyska\u0107 w Dziale Zdrowia Publicznego i Promocji Zdrowia WSSE Krakowie: tel.: 122 549 585; 122 549 429; e-mail: oz@wsse.krakow.pl<\/p>\n<p> Gra\u017cyna Prze\u017ami\u0144ska<br \/> Dzia\u0142 Zdrowia Publicznego i Promocji Zdrowia<\/p>\n","protected":false},"excerpt":{"rendered":"<p>Z inicjatywy Ma\u0142opolskiego Pa\u0144stwowego Wojew\u00f3dzkiego Inspektora Sanitarnego we\u00a0 wsp\u00f3\u0142pracy z ma\u0142opolskimi Powiatowymi Stacjami Sanitarno-Epidemiologicznymi, Urz\u0119dem Marsza\u0142kowskim Wojew\u00f3dztwa Ma\u0142opolskiego &#8211; Ekspertem Wojew\u00f3dzkim ds. Informacji o Narkotykach i Narkomanii Wojew\u00f3dztwa Ma\u0142opolskiego oraz\u00a0 Kuratorium O\u015bwiaty w Krakowie, we wrze\u015bniu br. w Ma\u0142opolsce rusza kampania informacyjno-edukacyjna pod has\u0142em &#8222;Dopal dopalaczom. Wolni od narkotyk\u00f3w -kreatywni w \u017cyciu &#8222;, kt\u00f3rej adresatami [&hellip;]<\/p>\n","protected":false},"author":1,"featured_media":0,"comment_status":"closed","ping_status":"closed","sticky":false,"template":"","format":"standard","meta":{"_monsterinsights_skip_tracking":false,"_monsterinsights_sitenote_active":false,"_monsterinsights_sitenote_note":"","_monsterinsights_sitenote_category":0,"footnotes":""},"categories":[40],"tags":[],"class_list":["post-1659","post","type-post","status-publish","format-standard","hentry","category-promocja-zdrowia"],"_links":{"self":[{"href":"https:\/\/wsse.krakow.pl\/page\/wp-json\/wp\/v2\/posts\/1659","targetHints":{"allow":["GET"]}}],"collection":[{"href":"https:\/\/wsse.krakow.pl\/page\/wp-json\/wp\/v2\/posts"}],"about":[{"href":"https:\/\/wsse.krakow.pl\/page\/wp-json\/wp\/v2\/types\/post"}],"author":[{"embeddable":true,"href":"https:\/\/wsse.krakow.pl\/page\/wp-json\/wp\/v2\/users\/1"}],"replies":[{"embeddable":true,"href":"https:\/\/wsse.krakow.pl\/page\/wp-json\/wp\/v2\/comments?post=1659"}],"version-history":[{"count":0,"href":"https:\/\/wsse.krakow.pl\/page\/wp-json\/wp\/v2\/posts\/1659\/revisions"}],"wp:attachment":[{"href":"https:\/\/wsse.krakow.pl\/page\/wp-json\/wp\/v2\/media?parent=1659"}],"wp:term":[{"taxonomy":"category","embeddable":true,"href":"https:\/\/wsse.krakow.pl\/page\/wp-json\/wp\/v2\/categories?post=1659"},{"taxonomy":"post_tag","embeddable":true,"href":"https:\/\/wsse.krakow.pl\/page\/wp-json\/wp\/v2\/tags?post=1659"}],"curies":[{"name":"wp","href":"https:\/\/api.w.org\/{rel}","templated":true}]}}