{"id":1678,"date":"2015-08-31T12:56:23","date_gmt":"2015-08-31T10:56:23","guid":{"rendered":"http:\/\/wsse.krakow.pl\/page\/podsumowanie-przedszkolnego-programu-edukacji-antytytoniowej-pt-czyste-powietrze-wokol-nas-2\/"},"modified":"2015-08-31T12:56:23","modified_gmt":"2015-08-31T10:56:23","slug":"podsumowanie-przedszkolnego-programu-edukacji-antytytoniowej-pt-czyste-powietrze-wokol-nas-2","status":"publish","type":"post","link":"https:\/\/wsse.krakow.pl\/page\/podsumowanie-przedszkolnego-programu-edukacji-antytytoniowej-pt-czyste-powietrze-wokol-nas-2\/","title":{"rendered":"Podsumowanie Przedszkolnego Programu Edukacji Antytytoniowej pt. \u201eCzyste powietrze wok\u00f3\u0142 nas&#8221;"},"content":{"rendered":"<p style=\"text-align: justify;\"><img loading=\"lazy\" decoding=\"async\" class=\" alignright size-full wp-image-1677\" src=\"http:\/\/wsse.krakow.pl\/page\/wp-content\/uploads\/2015\/08\/dino.jpg\" alt=\"\" style=\"float: right; width: 123px; height: 165px; margin-left: 10px; margin-right: 10px;\" width=\"480\" height=\"654\" srcset=\"https:\/\/wsse.krakow.pl\/page\/wp-content\/uploads\/2015\/08\/dino.jpg 480w, https:\/\/wsse.krakow.pl\/page\/wp-content\/uploads\/2015\/08\/dino-110x150.jpg 110w, https:\/\/wsse.krakow.pl\/page\/wp-content\/uploads\/2015\/08\/dino-220x300.jpg 220w\" sizes=\"auto, (max-width: 480px) 100vw, 480px\" \/>W zwi\u0105zku z zako\u0144czeniem realizacji VII edycji&nbsp; Przedszkolnego Programu Edukacji Antytytoniowej pt. <strong>&bdquo;Czyste powietrze wok&oacute;\u0142 nas&#8221; <\/strong>przedstawiamy podsumowanie realizacji programu w woj. ma\u0142opolskim. w roku szkolnym 2014\/2015.<\/p>\n<p style=\"text-align: justify;\">W roku szkolnym 2012\/13 na tereniewojew&oacute;dztwa ma\u0142opolskiegozako\u0144czy\u0142a si\u0119 realizacja VII edycji Przedszkolnego Programu Edukacji Antytytoniowej <strong>&bdquo;Czyste powietrze wok&oacute;\u0142 nas&rdquo;<\/strong>.<\/p>\n<p style=\"text-align: justify;\">Program koordynowany przez Pa\u0144stwow\u0105 Inspekcj\u0119 Sanitarn\u0105 realizowa\u0142y by\u0142 w<strong>871<\/strong> plac&oacute;wkach<br \/> w Ma\u0142opolsce:<\/p>\n<p style=\"text-align: justify;\">&middot;&nbsp;&nbsp;&nbsp;&nbsp;&nbsp;&nbsp;&nbsp;&nbsp; <strong>481<\/strong>przedszkolach<\/p>\n<p style=\"text-align: justify;\">&middot;&nbsp;&nbsp;&nbsp;&nbsp;&nbsp;&nbsp;&nbsp;&nbsp; <strong>282 <\/strong>oddzia\u0142ach przedszkolnych w szko\u0142ach podstawowych<\/p>\n<p style=\"text-align: justify;\">&middot;&nbsp;&nbsp;&nbsp;&nbsp;&nbsp;&nbsp;&nbsp;&nbsp; <strong>8<\/strong>punktach innych form wychowania przedszkolnego.<\/p>\n<p style=\"text-align: justify;\">&nbsp;<\/p>\n<p style=\"text-align: justify;\">Dzia\u0142aniami programowymi obj\u0119tych zosta\u0142o <strong>30 320<\/strong> dzieci w wieku przedszkolnym ucz\u0119szczaj\u0105ce do przedszkoli i oddzia\u0142&oacute;w przedszkolnych w szko\u0142ach podstawowych, w tym:<\/p>\n<p style=\"text-align: justify;\">&nbsp;<\/p>\n<p style=\"text-align: justify;\">&middot;&nbsp;&nbsp;&nbsp;&nbsp;&nbsp;&nbsp;&nbsp;&nbsp; <strong>20&nbsp;772<\/strong>dzieci ucz\u0119szczaj\u0105cych do przedszkoli<\/p>\n<p style=\"text-align: justify;\">&middot;&nbsp;&nbsp;&nbsp;&nbsp;&nbsp;&nbsp;&nbsp;&nbsp; <strong>9 400<\/strong>dzieci z oddzia\u0142&oacute;w przedszkolnych w szko\u0142ach<\/p>\n<p style=\"text-align: justify;\">&middot;&nbsp;&nbsp;&nbsp;&nbsp;&nbsp;&nbsp;&nbsp;&nbsp; <strong>148 <\/strong>korzystaj\u0105cych z innych form wychowani a przedszkolnego.<\/p>\n<p style=\"text-align: justify;\">&nbsp;<\/p>\n<p style=\"text-align: justify;\">W programie uczestniczy\u0142o r&oacute;wnie\u017c &nbsp;<strong>18&nbsp;499<\/strong> rodzic&oacute;w i opiekun&oacute;w dzieci.<br \/> &nbsp;<\/p>\n<p style=\"text-align: justify;\">W za\u0142\u0105czeniu prezentacja z realizacji programu w wojew&oacute;dztwie ma\u0142opolskim w roku szkolnym 2014\/2015.<\/p>\n<p style=\"text-align: justify;\"><em>W roku szkolnym 2015\/2016 rozpoczynamy VIII edycj\u0119 programu &bdquo;Czyste powietrze wok&oacute;\u0142 nas&rdquo;, do realizacji kt&oacute;rego zapraszamy zainteresowane przedszkola i szko\u0142y. <\/em><\/p>\n<p style=\"text-align: justify;\"><em>Zg\u0142oszenia do programu przyjmuj\u0105 pracownicy O\u015bwiaty Zdrowotnej i Promocji Zdrowia Powiatowych Stacji Sanitarno-Epidemiologicznych wojew&oacute;dztwa ma\u0142opolskiego.<\/em><\/p>\n<p style=\"text-align: justify;\">&nbsp;<\/p>\n<p style=\"text-align: justify;\">Bogus\u0142awa \u017bo\u0142y\u0144ska<br \/> Dzia\u0142 Zdrowia Publicznego i Promocji Zdrowia<br \/> Data wprowadzenia: 31 sierpnia 2015 r.<br \/> data ostatniej aktualizacji: 31 sierpnia 2015 r.<\/p>\n<!-- WP Attachments -->\r\n        <div style=\"width:100%;margin:10px 0 10px 0;\">\r\n            <h3>Pliki do pobrania:<\/h3>\r\n        <ul class=\"post-attachments\"><li class=\"post-attachment mime-image-jpeg\"><a href=\"https:\/\/wsse.krakow.pl\/page\/podsumowanie-przedszkolnego-programu-edukacji-antytytoniowej-pt-czyste-powietrze-wokol-nas-2\/?download=1677\">dino<\/a> <small>(40 kB)<\/small><\/li><li class=\"post-attachment mime-application-pdf\"><a href=\"https:\/\/wsse.krakow.pl\/page\/podsumowanie-przedszkolnego-programu-edukacji-antytytoniowej-pt-czyste-powietrze-wokol-nas-2\/?download=1679\">Podsumowanie VII edycji programu Czyste powietrze wokol nas.pdf<\/a> <small>(5 MB)<\/small><\/li><\/ul><\/div>","protected":false},"excerpt":{"rendered":"<p style=\"text-align: justify;\"><img loading=\"lazy\" decoding=\"async\" class=\" alignright size-full wp-image-1677\" src=\"http:\/\/wsse.krakow.pl\/page\/wp-content\/uploads\/2015\/08\/dino.jpg\" alt=\"\" style=\"float: right; width: 123px; height: 165px; margin-left: 10px; margin-right: 10px;\" width=\"480\" height=\"654\" srcset=\"https:\/\/wsse.krakow.pl\/page\/wp-content\/uploads\/2015\/08\/dino.jpg 480w, https:\/\/wsse.krakow.pl\/page\/wp-content\/uploads\/2015\/08\/dino-110x150.jpg 110w, https:\/\/wsse.krakow.pl\/page\/wp-content\/uploads\/2015\/08\/dino-220x300.jpg 220w\" sizes=\"auto, (max-width: 480px) 100vw, 480px\" \/>W zwi\u0105zku z zako\u0144czeniem realizacji VII edycji&nbsp; Przedszkolnego Programu Edukacji Antytytoniowej pt. <strong>&bdquo;Czyste powietrze wok&oacute;\u0142 nas&#8221; <\/strong>przedstawiamy podsumowanie realizacji programu w woj. ma\u0142opolskim. w roku szkolnym 2014\/2015.<\/p>\n<p style=\"text-align: justify;\">W roku szkolnym 2012\/13 na tereniewojew&oacute;dztwa ma\u0142opolskiegozako\u0144czy\u0142a si\u0119 realizacja VII edycji Przedszkolnego Programu Edukacji Antytytoniowej <strong>&bdquo;Czyste powietrze wok&oacute;\u0142 nas&rdquo;<\/strong>.<\/p>\n","protected":false},"author":1,"featured_media":0,"comment_status":"closed","ping_status":"closed","sticky":false,"template":"","format":"standard","meta":{"_monsterinsights_skip_tracking":false,"_monsterinsights_sitenote_active":false,"_monsterinsights_sitenote_note":"","_monsterinsights_sitenote_category":0,"footnotes":""},"categories":[41],"tags":[],"class_list":["post-1678","post","type-post","status-publish","format-standard","hentry","category-czyste-powietrze-wokol-nas"],"_links":{"self":[{"href":"https:\/\/wsse.krakow.pl\/page\/wp-json\/wp\/v2\/posts\/1678","targetHints":{"allow":["GET"]}}],"collection":[{"href":"https:\/\/wsse.krakow.pl\/page\/wp-json\/wp\/v2\/posts"}],"about":[{"href":"https:\/\/wsse.krakow.pl\/page\/wp-json\/wp\/v2\/types\/post"}],"author":[{"embeddable":true,"href":"https:\/\/wsse.krakow.pl\/page\/wp-json\/wp\/v2\/users\/1"}],"replies":[{"embeddable":true,"href":"https:\/\/wsse.krakow.pl\/page\/wp-json\/wp\/v2\/comments?post=1678"}],"version-history":[{"count":0,"href":"https:\/\/wsse.krakow.pl\/page\/wp-json\/wp\/v2\/posts\/1678\/revisions"}],"wp:attachment":[{"href":"https:\/\/wsse.krakow.pl\/page\/wp-json\/wp\/v2\/media?parent=1678"}],"wp:term":[{"taxonomy":"category","embeddable":true,"href":"https:\/\/wsse.krakow.pl\/page\/wp-json\/wp\/v2\/categories?post=1678"},{"taxonomy":"post_tag","embeddable":true,"href":"https:\/\/wsse.krakow.pl\/page\/wp-json\/wp\/v2\/tags?post=1678"}],"curies":[{"name":"wp","href":"https:\/\/api.w.org\/{rel}","templated":true}]}}