{"id":1698,"date":"2015-09-02T08:56:16","date_gmt":"2015-09-02T06:56:16","guid":{"rendered":"http:\/\/wsse.krakow.pl\/page\/nie-pal-przy-mnie-prosze-zakonczenie-v-edycji-programu-2\/"},"modified":"2015-09-02T08:56:16","modified_gmt":"2015-09-02T06:56:16","slug":"nie-pal-przy-mnie-prosze-zakonczenie-v-edycji-programu-2","status":"publish","type":"post","link":"https:\/\/wsse.krakow.pl\/page\/nie-pal-przy-mnie-prosze-zakonczenie-v-edycji-programu-2\/","title":{"rendered":"\u201eNie pal przy mnie, prosz\u0119&#8221; &#8211; zako\u0144czenie V edycji Programu"},"content":{"rendered":"<p>W zwi\u0105zku z zako\u0144czeniem V edycji programu edukacyjnego&nbsp; &bdquo;Nie pal przy mnie, prosz\u0119&#8221; skierowanego do uczni&oacute;w klas I-III szk&oacute;\u0142 podstawowych, przedstawiamy podsumowanie programu w woj. ma\u0142opolskim w roku szkolnym 2014\/2015.<\/p>\n<p>Magdalena Dro\u017adzik<br \/> Dzia\u0142 Zdrowia Publicznego i Promocji Zdrowia<br \/> Data wprowadzenia: 2 wrze\u015bnia 2015 r.<br \/> Data ostatniej aktualizacji: 2 wrze\u015bnia 2015 r.<\/p>\n<!-- WP Attachments -->\r\n        <div style=\"width:100%;margin:10px 0 10px 0;\">\r\n            <h3>Pliki do pobrania:<\/h3>\r\n        <ul class=\"post-attachments\"><li class=\"post-attachment mime-application-pdf\"><a href=\"https:\/\/wsse.krakow.pl\/page\/nie-pal-przy-mnie-prosze-zakonczenie-v-edycji-programu-2\/?download=1699\">Nie Pal Przy Mnie,  Prosze -sprawozdanie z realizacji w Polsce.pdf<\/a> <small>(852 kB)<\/small><\/li><li class=\"post-attachment mime-application-pdf\"><a href=\"https:\/\/wsse.krakow.pl\/page\/nie-pal-przy-mnie-prosze-zakonczenie-v-edycji-programu-2\/?download=1700\">Podsumowanie programu  Nie pal przy mnie, prosze 2015  w Malopolsce.pdf<\/a> <small>(2 MB)<\/small><\/li><\/ul><\/div>","protected":false},"excerpt":{"rendered":"<p>W zwi\u0105zku z zako\u0144czeniem V edycji programu edukacyjnego&nbsp; &bdquo;Nie pal przy mnie, prosz\u0119&#8221; skierowanego do uczni&oacute;w klas I-III szk&oacute;\u0142 podstawowych, przedstawiamy podsumowanie programu w woj. ma\u0142opolskim w roku szkolnym 2014\/2015.<\/p>\n","protected":false},"author":1,"featured_media":0,"comment_status":"closed","ping_status":"closed","sticky":false,"template":"","format":"standard","meta":{"_monsterinsights_skip_tracking":false,"_monsterinsights_sitenote_active":false,"_monsterinsights_sitenote_note":"","_monsterinsights_sitenote_category":0,"footnotes":""},"categories":[42],"tags":[],"class_list":["post-1698","post","type-post","status-publish","format-standard","hentry","category-nie-pal-przy-mnie-prosze"],"_links":{"self":[{"href":"https:\/\/wsse.krakow.pl\/page\/wp-json\/wp\/v2\/posts\/1698","targetHints":{"allow":["GET"]}}],"collection":[{"href":"https:\/\/wsse.krakow.pl\/page\/wp-json\/wp\/v2\/posts"}],"about":[{"href":"https:\/\/wsse.krakow.pl\/page\/wp-json\/wp\/v2\/types\/post"}],"author":[{"embeddable":true,"href":"https:\/\/wsse.krakow.pl\/page\/wp-json\/wp\/v2\/users\/1"}],"replies":[{"embeddable":true,"href":"https:\/\/wsse.krakow.pl\/page\/wp-json\/wp\/v2\/comments?post=1698"}],"version-history":[{"count":0,"href":"https:\/\/wsse.krakow.pl\/page\/wp-json\/wp\/v2\/posts\/1698\/revisions"}],"wp:attachment":[{"href":"https:\/\/wsse.krakow.pl\/page\/wp-json\/wp\/v2\/media?parent=1698"}],"wp:term":[{"taxonomy":"category","embeddable":true,"href":"https:\/\/wsse.krakow.pl\/page\/wp-json\/wp\/v2\/categories?post=1698"},{"taxonomy":"post_tag","embeddable":true,"href":"https:\/\/wsse.krakow.pl\/page\/wp-json\/wp\/v2\/tags?post=1698"}],"curies":[{"name":"wp","href":"https:\/\/api.w.org\/{rel}","templated":true}]}}