{"id":177,"date":"2013-08-05T08:20:55","date_gmt":"2013-08-05T06:20:55","guid":{"rendered":"http:\/\/wsse.krakow.pl\/page\/chronmy-dzieci-przed-dymem-tytoniowym\/"},"modified":"2013-08-05T08:20:55","modified_gmt":"2013-08-05T06:20:55","slug":"chronmy-dzieci-przed-dymem-tytoniowym","status":"publish","type":"post","link":"https:\/\/wsse.krakow.pl\/page\/chronmy-dzieci-przed-dymem-tytoniowym\/","title":{"rendered":"&#8222;Chro\u0144my dzieci przed dymem tytoniowym&#8221;"},"content":{"rendered":"<p style=\"text-align: justify;\"> \t<img loading=\"lazy\" decoding=\"async\" class=\" alignleft size-full wp-image-120\" alt=\"\" src=\"http:\/\/wsse.krakow.pl\/page\/wp-content\/uploads\/2013\/07\/logo_swiss.png\" style=\"width: 160px; height: 60px; float: left; margin: 5px;\" width=\"230\" height=\"60\" \/>Pa\u0144stwowa Inspekcja Sanitarna wojew\u00f3dztwa ma\u0142opolskiego rozpoczyna realizacj\u0119 kampanii spo\u0142ecznej <em>\u201eChro\u0144my dzieci przed dymem tytoniowym\u201d<\/em> w ramach ,,Profilaktycznego programu w zakresie przeciwdzia\u0142ania uzale\u017cnieniu od alkoholu, tytoniu i innych \u015brodk\u00f3w psychoaktywnych\u201d. Patronat honorowy nad kampani\u0105 obj\u0105\u0142 Pan Marek Sowa- Marsza\u0142ek Wojew\u00f3dztwa Ma\u0142opolskiego.<\/p>\n<p style=\"text-align: justify;\"> \tKampania potrwa do grudnia 2013r., a jej celem b\u0119dzie zwi\u0119kszenie wiedzy nt. wp\u0142ywu dymu tytoniowego na zdrowie kobiet i ich potomstwo, poprzez&nbsp; edukacj\u0119 w zakresie biernego palenia oraz motywowanie m\u0142odych ludzi (szczeg\u00f3lnie kobiet) do zaprzestania, ograniczania i nie rozpoczynania palenia. Adresatami kampanii b\u0119d\u0105 osoby w wieku 19 &#8211; 39 lat (ze szczeg\u00f3lnym ukierunkowaniem na kobiety planuj\u0105ce ci\u0105\u017c\u0119, ci\u0119\u017carne i m\u0142ode matki oraz ich partner\u00f3w) tj. pacjentki poradni ginekologicznych, szk\u00f3\u0142 rodzenia, opiekunowie dzieci przebywaj\u0105cych na oddzia\u0142ach szpitalnych, w przychodniach pediatrycznych, przedszkolach, \u017c\u0142obkach, studenci, kobiety korzystaj\u0105ce z klub\u00f3w fitness.<\/p>\n<p style=\"text-align: justify;\"> \tWed\u0142ug danych szacunkowych, w Polsce ka\u017cdego roku rodzi si\u0119 ok. 100 tys. noworodk\u00f3w, kt\u00f3rych matki w czasie ci\u0105\u017cy pali\u0142y papierosy, a oko\u0142o 3 mln polskich dzieci nara\u017conych jest na mimowolne wdychanie dymu tytoniowego, czyli na bierne palenie. Boczny strumie\u0144 dymu tytoniowego zawiera 35 razy wi\u0119cej dwutlenku w\u0119gla i 4 razy wi\u0119cej nikotyny ni\u017c dym wdychany przez aktywnych palaczy. Zawiera ponadto wiele substancji alergizuj\u0105cych powoduj\u0105cych kaszel i \u0142zawienie oczu. Dzieci wdychaj\u0105ce dym tytoniowy cz\u0119\u015bciej zapadaj\u0105 na zapalenia ucha \u015brodkowego, infekcje dr\u00f3g oddechowych, s\u0105 bardziej nara\u017cone na astm\u0119. S\u0105 doniesienia wskazuj\u0105ce na to, \u017ce bierne palenie wp\u0142ywa na obni\u017cenie mo\u017cliwo\u015bci intelektualnych dziecka, mo\u017ce by\u0107 przyczyn\u0105 nadpobudliwo\u015bci i k\u0142opot\u00f3w z koncentracj\u0105, mo\u017ce wywo\u0142ywa\u0107 tak\u017ce nowotwory.<\/p>\n<p> \tZach\u0119camy Pa\u0144stwa do udzia\u0142u w kampanii.<\/p>\n<p> \t&nbsp;<\/p>\n<p style=\"text-align: center;\"> \t<img loading=\"lazy\" decoding=\"async\" class=\" size-full wp-image-174\" alt=\"\" src=\"http:\/\/wsse.krakow.pl\/page\/wp-content\/uploads\/2013\/08\/plakat_mini.png\" style=\"width: 580px; height: 818px;\" width=\"580\" height=\"818\" srcset=\"https:\/\/wsse.krakow.pl\/page\/wp-content\/uploads\/2013\/08\/plakat_mini.png 580w, https:\/\/wsse.krakow.pl\/page\/wp-content\/uploads\/2013\/08\/plakat_mini-106x150.png 106w, https:\/\/wsse.krakow.pl\/page\/wp-content\/uploads\/2013\/08\/plakat_mini-213x300.png 213w\" sizes=\"auto, (max-width: 580px) 100vw, 580px\" \/><\/p>\n<p style=\"text-align: center;\"> \tPlakat do kampanii (format A2- 610&#215;430 mm.)<\/p>\n<p style=\"text-align: center;\"> \t&nbsp;<\/p>\n<p style=\"text-align: center;\"> \t<img loading=\"lazy\" decoding=\"async\" class=\" size-full wp-image-175\" alt=\"\" src=\"http:\/\/wsse.krakow.pl\/page\/wp-content\/uploads\/2013\/08\/ulotka1_mini.png\" style=\"width: 580px; height: 410px;\" width=\"580\" height=\"410\" srcset=\"https:\/\/wsse.krakow.pl\/page\/wp-content\/uploads\/2013\/08\/ulotka1_mini.png 580w, https:\/\/wsse.krakow.pl\/page\/wp-content\/uploads\/2013\/08\/ulotka1_mini-150x106.png 150w, https:\/\/wsse.krakow.pl\/page\/wp-content\/uploads\/2013\/08\/ulotka1_mini-300x212.png 300w\" sizes=\"auto, (max-width: 580px) 100vw, 580px\" \/><\/p>\n<p style=\"text-align: center;\"> \tUlotka do kampanii (str.1 i 4)<\/p>\n<p style=\"text-align: center;\"> \t&nbsp;<\/p>\n<p style=\"text-align: center;\"> \t<img loading=\"lazy\" decoding=\"async\" class=\" size-full wp-image-176\" alt=\"\" src=\"http:\/\/wsse.krakow.pl\/page\/wp-content\/uploads\/2013\/08\/ulotka2_mini.png\" style=\"width: 580px; height: 410px;\" width=\"580\" height=\"410\" srcset=\"https:\/\/wsse.krakow.pl\/page\/wp-content\/uploads\/2013\/08\/ulotka2_mini.png 580w, https:\/\/wsse.krakow.pl\/page\/wp-content\/uploads\/2013\/08\/ulotka2_mini-150x106.png 150w, https:\/\/wsse.krakow.pl\/page\/wp-content\/uploads\/2013\/08\/ulotka2_mini-300x212.png 300w\" sizes=\"auto, (max-width: 580px) 100vw, 580px\" \/><\/p>\n<p style=\"text-align: center;\"> \tulotka do kampanii (str.2 i 3)<\/p>\n<p style=\"text-align: center;\"> \tFormat A4 sk\u0142adana do A5 (210 x297 mm. do 148 x 210mm.)<\/p>\n<p style=\"text-align: center;\"> \t&nbsp;<\/p>\n<p style=\"text-align: justify;\"> \tMateria\u0142y kampanijne (plakat, ulotka) mo\u017cna otrzyma\u0107 w Wojew\u00f3dzkiej i Powiatowych Stacjach Sanitarno-Epidemiologicznych wojew\u00f3dztwa ma\u0142opolskiego.<\/p>\n<p style=\"text-align: justify;\"> \tBibliografia:<\/p>\n<ul>\n<li style=\"text-align: justify;\"> \t\tSta\u0144czyk Jerzy ,,Wp\u0142yw palenia tytoniu na stan zdrowia dzieci i m\u0142odzie\u017cy\u201d [w]: Podr\u0119cznik Polskiego Forum Profilaktyki, Tom 2 ,pod red. prof. dr.&nbsp; hab. Piotra Podolca, Krak\u00f3w 2010<\/li>\n<li style=\"text-align: justify;\"> \t\tMierzecki Artur, Godycki- \u0106wirko Maciej, Wrzeciono Barbara, Mi\u0105czy\u0144ska Magdalena ,,Palenie papieros\u00f3w- profilaktyka i leczenie w praktyce lekarza rodzinnego\u201d [w]:&nbsp; Podr\u0119cznik Polskiego Forum Profilaktyki, Tom 2, pod red. prof. dr.&nbsp; hab. Piotra Podolca, Krak\u00f3w 2010<\/li>\n<\/ul>\n<p style=\"text-align: justify;\"> \t&nbsp;<\/p>\n<p style=\"text-align: justify;\"> \tMagdalena Dro\u017adzik<br \/> \tOddzia\u0142 O\u015bwiaty Zdrowotnej i Promocji Zdrowia<\/p>\n<p style=\"text-align: justify;\"> \tData wprowadzenia: 02.08.2013<\/p>\n<p style=\"text-align: justify;\"> \tData ostatniej aktualizacji: 02.08.2013<\/p>\n<p style=\"text-align: justify;\"> \t&nbsp;<\/p>\n<!-- WP Attachments -->\r\n        <div style=\"width:100%;margin:10px 0 10px 0;\">\r\n            <h3>Pliki do pobrania:<\/h3>\r\n        <ul class=\"post-attachments\"><li class=\"post-attachment mime-image-png\"><a href=\"https:\/\/wsse.krakow.pl\/page\/chronmy-dzieci-przed-dymem-tytoniowym\/?download=174\">plakat_mini<\/a> <small>(495 kB)<\/small><\/li><li class=\"post-attachment mime-image-png\"><a href=\"https:\/\/wsse.krakow.pl\/page\/chronmy-dzieci-przed-dymem-tytoniowym\/?download=175\">ulotka1_mini<\/a> <small>(310 kB)<\/small><\/li><li class=\"post-attachment mime-image-png\"><a href=\"https:\/\/wsse.krakow.pl\/page\/chronmy-dzieci-przed-dymem-tytoniowym\/?download=176\">ulotka2_mini<\/a> <small>(412 kB)<\/small><\/li><li class=\"post-attachment mime-image-jpeg\"><a href=\"https:\/\/wsse.krakow.pl\/page\/chronmy-dzieci-przed-dymem-tytoniowym\/?download=178\">plakat.jpg<\/a> <small>(359 kB)<\/small><\/li><li class=\"post-attachment mime-image-jpeg\"><a href=\"https:\/\/wsse.krakow.pl\/page\/chronmy-dzieci-przed-dymem-tytoniowym\/?download=179\">ulotka strona 1 i 4.jpg<\/a> <small>(463 kB)<\/small><\/li><li class=\"post-attachment mime-image-jpeg\"><a href=\"https:\/\/wsse.krakow.pl\/page\/chronmy-dzieci-przed-dymem-tytoniowym\/?download=180\">ulotka strona 2 i 3<\/a> <small>(449 kB)<\/small><\/li><\/ul><\/div>","protected":false},"excerpt":{"rendered":"<p style=\"text-align: justify;\"> \t<img loading=\"lazy\" decoding=\"async\" class=\" alignleft size-full wp-image-120\" alt=\"\" src=\"http:\/\/wsse.krakow.pl\/page\/wp-content\/uploads\/2013\/07\/logo_swiss.png\" style=\"width: 160px; height: 60px; float: left; margin: 5px;\" width=\"230\" height=\"60\" \/>Pa\u0144stwowa Inspekcja Sanitarna wojew\u00f3dztwa ma\u0142opolskiego rozpoczyna realizacj\u0119 kampanii spo\u0142ecznej <em>\u201eChro\u0144my dzieci przed dymem tytoniowym\u201d<\/em> w ramach ,,Profilaktycznego programu w zakresie przeciwdzia\u0142ania uzale\u017cnieniu od alkoholu, tytoniu i innych \u015brodk\u00f3w psychoaktywnych\u201d. Patronat honorowy nad kampani\u0105 obj\u0105\u0142 Pan Marek Sowa- Marsza\u0142ek Wojew\u00f3dztwa Ma\u0142opolskiego.<\/p>\n","protected":false},"author":1,"featured_media":0,"comment_status":"closed","ping_status":"closed","sticky":false,"template":"","format":"standard","meta":{"_monsterinsights_skip_tracking":false,"_monsterinsights_sitenote_active":false,"_monsterinsights_sitenote_note":"","_monsterinsights_sitenote_category":0,"footnotes":""},"categories":[48],"tags":[],"class_list":["post-177","post","type-post","status-publish","format-standard","hentry","category-swiss-contribution"],"_links":{"self":[{"href":"https:\/\/wsse.krakow.pl\/page\/wp-json\/wp\/v2\/posts\/177","targetHints":{"allow":["GET"]}}],"collection":[{"href":"https:\/\/wsse.krakow.pl\/page\/wp-json\/wp\/v2\/posts"}],"about":[{"href":"https:\/\/wsse.krakow.pl\/page\/wp-json\/wp\/v2\/types\/post"}],"author":[{"embeddable":true,"href":"https:\/\/wsse.krakow.pl\/page\/wp-json\/wp\/v2\/users\/1"}],"replies":[{"embeddable":true,"href":"https:\/\/wsse.krakow.pl\/page\/wp-json\/wp\/v2\/comments?post=177"}],"version-history":[{"count":0,"href":"https:\/\/wsse.krakow.pl\/page\/wp-json\/wp\/v2\/posts\/177\/revisions"}],"wp:attachment":[{"href":"https:\/\/wsse.krakow.pl\/page\/wp-json\/wp\/v2\/media?parent=177"}],"wp:term":[{"taxonomy":"category","embeddable":true,"href":"https:\/\/wsse.krakow.pl\/page\/wp-json\/wp\/v2\/categories?post=177"},{"taxonomy":"post_tag","embeddable":true,"href":"https:\/\/wsse.krakow.pl\/page\/wp-json\/wp\/v2\/tags?post=177"}],"curies":[{"name":"wp","href":"https:\/\/api.w.org\/{rel}","templated":true}]}}