{"id":1822,"date":"2016-07-18T11:28:50","date_gmt":"2016-07-18T09:28:50","guid":{"rendered":"http:\/\/wsse.krakow.pl\/page\/wstrzymanie-przyjmowania-probek-do-badan-2\/"},"modified":"2016-07-18T11:28:50","modified_gmt":"2016-07-18T09:28:50","slug":"wstrzymanie-przyjmowania-probek-do-badan-2","status":"publish","type":"post","link":"https:\/\/wsse.krakow.pl\/page\/wstrzymanie-przyjmowania-probek-do-badan-2\/","title":{"rendered":"Wstrzymanie przyjmowania pr\u00f3bek do bada\u0144"},"content":{"rendered":"<div>\n<p style=\"margin: 0px; text-align: justify; line-height: 150%;\"><span style=\"font-family: 'tahoma','sans-serif';\">W zwi\u0105zku z konieczno\u015bci\u0105 zapewnienia bezpiecze\u0144stwa sanitarno-epidemiologicznego uczestnik&oacute;w \u015awiatowych Dni M\u0142odzie\u017cy, go\u015bci oraz mieszka\u0144c&oacute;w Ma\u0142opolski uprzejmie informujemy, i\u017c Dzia\u0142 Laboratoryjny Wojew&oacute;dzkiej Stacji Sanitarno-Epidemiologicznejw Krakowie, w czasie trwania \u015aDM wykonywa\u0107 b\u0119dzie zadania zwi\u0105zane z badaniami w sytuacji zatru\u0107 pokarmowych, zaka\u017ce\u0144 oraz potencjalnych zagro\u017ce\u0144 zdrowia czy \u017cycia ludzi.&nbsp; <\/span><\/p>\n<p style=\"margin: 0px; text-align: justify; line-height: 150%;\"><span style=\"font-size: 10pt;\"><span style=\"line-height: 150%; font-family: 'tahoma','sans-serif';\">W zwi\u0105zku z tym, w okresie od 25 do 31 lipca br.<span style=\"text-decoration: underline;\"> wstrzymane zostanie przyjmowanie pr&oacute;bek ka\u0142u, \u017cywno\u015bci i wody<\/span> badanych odp\u0142atnie na zlecenie dla klienta zewn\u0119trznego<\/span><span style=\"font-family: 'tahoma','sans-serif';\">.<\/span><\/span><\/p>\n<p style=\"margin: 0px;\"><span style=\"font-family: arial,helvetica,sans-serif;\"><strong><span style=\"text-decoration: underline;\">Wznowienie<\/span><\/strong>&nbsp;przyjmowania pr&oacute;bek do bada\u0144 nast\u0105pi&nbsp;<strong><span style=\"text-decoration: underline;\">od 1 sierpnia 2016 r.<\/span><\/strong><\/span><\/p>\n<\/p><\/div>\n","protected":false},"excerpt":{"rendered":"<p>W zwi\u0105zku z konieczno\u015bci\u0105 zapewnienia bezpiecze\u0144stwa sanitarno-epidemiologicznego uczestnik&oacute;w \u015awiatowych Dni M\u0142odzie\u017cy, go\u015bci oraz mieszka\u0144c&oacute;w Ma\u0142opolski uprzejmie informujemy, i\u017c Dzia\u0142 Laboratoryjny Wojew&oacute;dzkiej Stacji Sanitarno-Epidemiologicznejw Krakowie, w czasie trwania \u015aDM wykonywa\u0107 b\u0119dzie zadania zwi\u0105zane z badaniami w sytuacji zatru\u0107 pokarmowych, zaka\u017ce\u0144 oraz potencjalnych zagro\u017ce\u0144 zdrowia czy \u017cycia ludzi.&nbsp; W zwi\u0105zku z tym, w okresie od 25 do [&hellip;]<\/p>\n","protected":false},"author":31,"featured_media":0,"comment_status":"closed","ping_status":"closed","sticky":false,"template":"","format":"standard","meta":{"_monsterinsights_skip_tracking":false,"_monsterinsights_sitenote_active":false,"_monsterinsights_sitenote_note":"","_monsterinsights_sitenote_category":0,"footnotes":""},"categories":[4],"tags":[],"class_list":["post-1822","post","type-post","status-publish","format-standard","hentry","category-komunikaty"],"_links":{"self":[{"href":"https:\/\/wsse.krakow.pl\/page\/wp-json\/wp\/v2\/posts\/1822","targetHints":{"allow":["GET"]}}],"collection":[{"href":"https:\/\/wsse.krakow.pl\/page\/wp-json\/wp\/v2\/posts"}],"about":[{"href":"https:\/\/wsse.krakow.pl\/page\/wp-json\/wp\/v2\/types\/post"}],"author":[{"embeddable":true,"href":"https:\/\/wsse.krakow.pl\/page\/wp-json\/wp\/v2\/users\/31"}],"replies":[{"embeddable":true,"href":"https:\/\/wsse.krakow.pl\/page\/wp-json\/wp\/v2\/comments?post=1822"}],"version-history":[{"count":0,"href":"https:\/\/wsse.krakow.pl\/page\/wp-json\/wp\/v2\/posts\/1822\/revisions"}],"wp:attachment":[{"href":"https:\/\/wsse.krakow.pl\/page\/wp-json\/wp\/v2\/media?parent=1822"}],"wp:term":[{"taxonomy":"category","embeddable":true,"href":"https:\/\/wsse.krakow.pl\/page\/wp-json\/wp\/v2\/categories?post=1822"},{"taxonomy":"post_tag","embeddable":true,"href":"https:\/\/wsse.krakow.pl\/page\/wp-json\/wp\/v2\/tags?post=1822"}],"curies":[{"name":"wp","href":"https:\/\/api.w.org\/{rel}","templated":true}]}}