{"id":1825,"date":"2016-07-19T09:59:09","date_gmt":"2016-07-19T07:59:09","guid":{"rendered":"http:\/\/wsse.krakow.pl\/page\/swiatowe-dni-mlodziezy-krakow-2016\/"},"modified":"2016-07-19T09:59:09","modified_gmt":"2016-07-19T07:59:09","slug":"swiatowe-dni-mlodziezy-krakow-2016","status":"publish","type":"post","link":"https:\/\/wsse.krakow.pl\/page\/swiatowe-dni-mlodziezy-krakow-2016\/","title":{"rendered":"\u015awiatowe Dni M\u0142odzie\u017cy &#8211; Krak\u00f3w 2016"},"content":{"rendered":"<p style=\"text-align: justify;\">W imieniu G\u0142&oacute;wnego Inspektoratu Sanitarnego, przekazujemy &#8211; do wykorzystania przez organizator&oacute;w, s\u0142u\u017cby medyczne i&nbsp;inne zainteresowane podmioty &#8211; ulotki wykonane w&nbsp;o\u015bmiu wersjach j\u0119zykowych,&nbsp; zawieraj\u0105ce podstawowe informacje dotycz\u0105ce bezpiecze\u0144stwa zdrowotnego uczestnik&oacute;w \u015awiatowych Dni M\u0142odzie\u017cy Krak&oacute;w 2016.<\/p>\n<p><img loading=\"lazy\" decoding=\"async\" class=\" size-full wp-image-1823\" src=\"http:\/\/wsse.krakow.pl\/page\/wp-content\/uploads\/2016\/07\/PL_1.jpg\" alt=\"PL 1\" width=\"600\" height=\"849\" srcset=\"https:\/\/wsse.krakow.pl\/page\/wp-content\/uploads\/2016\/07\/PL_1.jpg 2620w, https:\/\/wsse.krakow.pl\/page\/wp-content\/uploads\/2016\/07\/PL_1-106x150.jpg 106w, https:\/\/wsse.krakow.pl\/page\/wp-content\/uploads\/2016\/07\/PL_1-212x300.jpg 212w, https:\/\/wsse.krakow.pl\/page\/wp-content\/uploads\/2016\/07\/PL_1-768x1087.jpg 768w, https:\/\/wsse.krakow.pl\/page\/wp-content\/uploads\/2016\/07\/PL_1-1060x1500.jpg 1060w\" sizes=\"auto, (max-width: 600px) 100vw, 600px\" \/><\/p>\n<p><img loading=\"lazy\" decoding=\"async\" class=\" size-full wp-image-1824\" src=\"http:\/\/wsse.krakow.pl\/page\/wp-content\/uploads\/2016\/07\/PL2.jpg\" alt=\"PL2\" width=\"600\" height=\"849\" srcset=\"https:\/\/wsse.krakow.pl\/page\/wp-content\/uploads\/2016\/07\/PL2.jpg 2620w, https:\/\/wsse.krakow.pl\/page\/wp-content\/uploads\/2016\/07\/PL2-106x150.jpg 106w, https:\/\/wsse.krakow.pl\/page\/wp-content\/uploads\/2016\/07\/PL2-212x300.jpg 212w, https:\/\/wsse.krakow.pl\/page\/wp-content\/uploads\/2016\/07\/PL2-768x1087.jpg 768w, https:\/\/wsse.krakow.pl\/page\/wp-content\/uploads\/2016\/07\/PL2-1060x1500.jpg 1060w\" sizes=\"auto, (max-width: 600px) 100vw, 600px\" \/><\/p>\n<p>Dzia\u0142 Zdrowia Publicznego i Promocji Zdrwowia<br \/>Data wprowadzenia: 18 lipca 2016<br \/>Data ostatniej aktualizacji: 19 lipca 2016<\/p>\n<!-- WP Attachments -->\r\n        <div style=\"width:100%;margin:10px 0 10px 0;\">\r\n            <h3>Pliki do pobrania:<\/h3>\r\n        <ul class=\"post-attachments\"><li class=\"post-attachment mime-image-jpeg\"><a href=\"https:\/\/wsse.krakow.pl\/page\/swiatowe-dni-mlodziezy-krakow-2016\/?download=1823\">PL 1<\/a> <small>(558 kB)<\/small><\/li><li class=\"post-attachment mime-image-jpeg\"><a href=\"https:\/\/wsse.krakow.pl\/page\/swiatowe-dni-mlodziezy-krakow-2016\/?download=1824\">PL2<\/a> <small>(418 kB)<\/small><\/li><li class=\"post-attachment mime-image-jpeg\"><a href=\"https:\/\/wsse.krakow.pl\/page\/swiatowe-dni-mlodziezy-krakow-2016\/?download=1826\">ENG.jpg<\/a> <small>(569 kB)<\/small><\/li><li class=\"post-attachment mime-image-jpeg\"><a href=\"https:\/\/wsse.krakow.pl\/page\/swiatowe-dni-mlodziezy-krakow-2016\/?download=1827\">ESP.jpg<\/a> <small>(647 kB)<\/small><\/li><li class=\"post-attachment mime-image-jpeg\"><a href=\"https:\/\/wsse.krakow.pl\/page\/swiatowe-dni-mlodziezy-krakow-2016\/?download=1828\">FR.jpg<\/a> <small>(651 kB)<\/small><\/li><li class=\"post-attachment mime-image-jpeg\"><a href=\"https:\/\/wsse.krakow.pl\/page\/swiatowe-dni-mlodziezy-krakow-2016\/?download=1829\">GER.jpg<\/a> <small>(697 kB)<\/small><\/li><li class=\"post-attachment mime-image-jpeg\"><a href=\"https:\/\/wsse.krakow.pl\/page\/swiatowe-dni-mlodziezy-krakow-2016\/?download=1830\">IT.jpg<\/a> <small>(645 kB)<\/small><\/li><li class=\"post-attachment mime-image-jpeg\"><a href=\"https:\/\/wsse.krakow.pl\/page\/swiatowe-dni-mlodziezy-krakow-2016\/?download=1831\">PORT.jpg<\/a> <small>(592 kB)<\/small><\/li><li class=\"post-attachment mime-image-jpeg\"><a href=\"https:\/\/wsse.krakow.pl\/page\/swiatowe-dni-mlodziezy-krakow-2016\/?download=1832\">RUS.jpg<\/a> <small>(647 kB)<\/small><\/li><li class=\"post-attachment mime-image-jpeg\"><a href=\"https:\/\/wsse.krakow.pl\/page\/swiatowe-dni-mlodziezy-krakow-2016\/?download=1833\">UKR.jpg<\/a> <small>(634 kB)<\/small><\/li><li class=\"post-attachment mime-image-jpeg\"><a href=\"https:\/\/wsse.krakow.pl\/page\/swiatowe-dni-mlodziezy-krakow-2016\/?download=1834\">PL1.jpg<\/a> <small>(558 kB)<\/small><\/li><li class=\"post-attachment mime-image-jpeg\"><a href=\"https:\/\/wsse.krakow.pl\/page\/swiatowe-dni-mlodziezy-krakow-2016\/?download=1835\">PL2.jpg<\/a> <small>(418 kB)<\/small><\/li><\/ul><\/div>","protected":false},"excerpt":{"rendered":"<p style=\"text-align: justify;\">W imieniu G\u0142&oacute;wnego Inspektoratu Sanitarnego, przekazujemy &#8211; do wykorzystania przez organizator&oacute;w, s\u0142u\u017cby medyczne i&nbsp;inne zainteresowane podmioty &#8211; ulotki wykonane w&nbsp;o\u015bmiu wersjach j\u0119zykowych,&nbsp; zawieraj\u0105ce podstawowe informacje dotycz\u0105ce bezpiecze\u0144stwa zdrowotnego uczestnik&oacute;w \u015awiatowych Dni M\u0142odzie\u017cy Krak&oacute;w 2016.<\/p>\n<p><img loading=\"lazy\" decoding=\"async\" class=\" size-full wp-image-1823\" src=\"http:\/\/wsse.krakow.pl\/page\/wp-content\/uploads\/2016\/07\/PL_1.jpg\" alt=\"PL 1\" width=\"600\" height=\"849\" srcset=\"https:\/\/wsse.krakow.pl\/page\/wp-content\/uploads\/2016\/07\/PL_1.jpg 2620w, https:\/\/wsse.krakow.pl\/page\/wp-content\/uploads\/2016\/07\/PL_1-106x150.jpg 106w, https:\/\/wsse.krakow.pl\/page\/wp-content\/uploads\/2016\/07\/PL_1-212x300.jpg 212w, https:\/\/wsse.krakow.pl\/page\/wp-content\/uploads\/2016\/07\/PL_1-768x1087.jpg 768w, https:\/\/wsse.krakow.pl\/page\/wp-content\/uploads\/2016\/07\/PL_1-1060x1500.jpg 1060w\" sizes=\"auto, (max-width: 600px) 100vw, 600px\" \/><\/p>\n<p><img loading=\"lazy\" decoding=\"async\" class=\" size-full wp-image-1824\" src=\"http:\/\/wsse.krakow.pl\/page\/wp-content\/uploads\/2016\/07\/PL2.jpg\" alt=\"PL2\" width=\"600\" height=\"849\" srcset=\"https:\/\/wsse.krakow.pl\/page\/wp-content\/uploads\/2016\/07\/PL2.jpg 2620w, https:\/\/wsse.krakow.pl\/page\/wp-content\/uploads\/2016\/07\/PL2-106x150.jpg 106w, https:\/\/wsse.krakow.pl\/page\/wp-content\/uploads\/2016\/07\/PL2-212x300.jpg 212w, https:\/\/wsse.krakow.pl\/page\/wp-content\/uploads\/2016\/07\/PL2-768x1087.jpg 768w, https:\/\/wsse.krakow.pl\/page\/wp-content\/uploads\/2016\/07\/PL2-1060x1500.jpg 1060w\" sizes=\"auto, (max-width: 600px) 100vw, 600px\" \/><\/p>\n","protected":false},"author":1,"featured_media":0,"comment_status":"closed","ping_status":"closed","sticky":false,"template":"","format":"standard","meta":{"_monsterinsights_skip_tracking":false,"_monsterinsights_sitenote_active":false,"_monsterinsights_sitenote_note":"","_monsterinsights_sitenote_category":0,"footnotes":""},"categories":[4],"tags":[],"class_list":["post-1825","post","type-post","status-publish","format-standard","hentry","category-komunikaty"],"_links":{"self":[{"href":"https:\/\/wsse.krakow.pl\/page\/wp-json\/wp\/v2\/posts\/1825","targetHints":{"allow":["GET"]}}],"collection":[{"href":"https:\/\/wsse.krakow.pl\/page\/wp-json\/wp\/v2\/posts"}],"about":[{"href":"https:\/\/wsse.krakow.pl\/page\/wp-json\/wp\/v2\/types\/post"}],"author":[{"embeddable":true,"href":"https:\/\/wsse.krakow.pl\/page\/wp-json\/wp\/v2\/users\/1"}],"replies":[{"embeddable":true,"href":"https:\/\/wsse.krakow.pl\/page\/wp-json\/wp\/v2\/comments?post=1825"}],"version-history":[{"count":0,"href":"https:\/\/wsse.krakow.pl\/page\/wp-json\/wp\/v2\/posts\/1825\/revisions"}],"wp:attachment":[{"href":"https:\/\/wsse.krakow.pl\/page\/wp-json\/wp\/v2\/media?parent=1825"}],"wp:term":[{"taxonomy":"category","embeddable":true,"href":"https:\/\/wsse.krakow.pl\/page\/wp-json\/wp\/v2\/categories?post=1825"},{"taxonomy":"post_tag","embeddable":true,"href":"https:\/\/wsse.krakow.pl\/page\/wp-json\/wp\/v2\/tags?post=1825"}],"curies":[{"name":"wp","href":"https:\/\/api.w.org\/{rel}","templated":true}]}}