{"id":1843,"date":"2016-08-31T12:27:23","date_gmt":"2016-08-31T10:27:23","guid":{"rendered":"http:\/\/wsse.krakow.pl\/page\/podsumowanie-viii-edycji-programu-czyste-powietrze-wokol-nas\/"},"modified":"2016-08-31T12:27:23","modified_gmt":"2016-08-31T10:27:23","slug":"podsumowanie-viii-edycji-programu-czyste-powietrze-wokol-nas","status":"publish","type":"post","link":"https:\/\/wsse.krakow.pl\/page\/podsumowanie-viii-edycji-programu-czyste-powietrze-wokol-nas\/","title":{"rendered":"Podsumowanie VIII edycji programu \u201eCzyste powietrze wok\u00f3\u0142 nas\u201d"},"content":{"rendered":"<p style=\"margin-bottom: 0.0001pt; text-align: center;\"><strong><span style=\"font-size: 11pt; line-height: 115%; font-family: 'Tahoma',sans-serif;\">Podsumowanie realizacji programu Przedszkolnej edukacji antytytoniowej pt. &bdquo;Czyste powietrze wok&oacute;\u0142 nas&rdquo; w roku szkolnym 2015\/2016<\/span><\/strong><\/p>\n<p>&nbsp;<\/p>\n<p style=\"margin-top: 0cm; margin-right: 3.1pt; margin-bottom: 0.0001pt; text-align: justify;\"><span style=\"font-size: 11pt; line-height: 115%; font-family: 'Tahoma',sans-serif;\">W roku szkolnym 2015\/2016 na terenie Ma\u0142opolski realizowana by\u0142a VIII edycja programu &bdquo;Czyste powietrze wok&oacute;\u0142 nas&rdquo;, skierowanego do dzieci 5 &ndash; 6 letnich oraz ich rodzic&oacute;w <br \/> i opiekun&oacute;w. Celem programu by\u0142o zwi\u0119kszenie wiedzy na temat szkodliwo\u015b\u0107 i skutk&oacute;w palenia tytoniu, wykszta\u0142cenie u dzieci umiej\u0119tno\u015bci \u015bwiadomej postawy ochrony w\u0142asnego zdrowia w sytuacjach, gdy s\u0105 nara\u017cone na bezpo\u015bredni kontakt z dymem papierosowym.<\/span><\/p>\n<p style=\"margin-top: 0cm; margin-right: 3.1pt; margin-bottom: 0.0001pt; text-align: justify;\"><span style=\"font-size: 11pt; line-height: 115%; font-family: 'Tahoma',sans-serif;\">Realizacja programu prowadzona by\u0142a w formie zaj\u0119\u0107 warsztatowych poruszaj\u0105cych m.in. nast\u0119puj\u0105c\u0105 tematyk\u0119: <\/span><\/p>\n<p style=\"margin-top: 0cm; margin-right: 3.1pt; margin-bottom: 0.0001pt; text-align: justify;\"><span style=\"font-size: 11pt; line-height: 115%; font-family: 'Tahoma',sans-serif;\">&ndash; jak si\u0119 czuj\u0119 kiedy dymi papieros?<\/span><\/p>\n<p style=\"margin-top: 0cm; margin-right: 3.1pt; margin-bottom: 0.0001pt; text-align: justify;\"><span style=\"font-size: 11pt; line-height: 115%; font-family: 'Tahoma',sans-serif;\">&ndash; co si\u0119 dzieje kiedy ludzie pal\u0105?<\/span><\/p>\n<p style=\"margin-top: 0cm; margin-right: 3.1pt; margin-bottom: 0.0001pt; text-align: justify;\"><span style=\"font-size: 11pt; line-height: 115%; font-family: 'Tahoma',sans-serif;\">&ndash; jak unika\u0107 dymu tytoniowego?<\/span><\/p>\n<p style=\"margin-top: 0cm; margin-right: 3.1pt; margin-bottom: 0.0001pt; text-align: justify;\"><span style=\"font-size: 11pt; line-height: 115%; font-family: 'Tahoma',sans-serif;\">W programie uczestniczy\u0142o <strong>30 245<\/strong> dzieci z <strong>867<\/strong> przedszkoli i oddzia\u0142&oacute;w przedszkolnych <br \/> w szko\u0142ach oraz <strong>17 380<\/strong> rodzic&oacute;w i opiekun&oacute;w dzieci z terenu wojew&oacute;dztwa ma\u0142opolskiego.<\/span><\/p>\n<p style=\"line-height: normal; text-align: justify;\"><strong><span style=\"font-size: 11pt; font-family: 'Tahoma',sans-serif;\">W roku szkolnym 2016\/2017 rozpoczynamy IX edycj\u0119 programu &bdquo;Czyste powietrze wok&oacute;\u0142 nas&rdquo;. Zainteresowane realizacj\u0105 programu przedszkola i szko\u0142y podstawowe zapraszamy do udzia\u0142u w programie. Zg\u0142oszenia do programu przyjmuj\u0105 pracownicy O\u015bwiaty Zdrowotnej i Promocji Zdrowia Powiatowych Stacji Sanitarno-Epidemiologicznych woj. ma\u0142opolskiego.<\/span><\/strong><\/p>\n","protected":false},"excerpt":{"rendered":"<p>Podsumowanie realizacji programu Przedszkolnej edukacji antytytoniowej pt. &bdquo;Czyste powietrze wok&oacute;\u0142 nas&rdquo; w roku szkolnym 2015\/2016 &nbsp; W roku szkolnym 2015\/2016 na terenie Ma\u0142opolski realizowana by\u0142a VIII edycja programu &bdquo;Czyste powietrze wok&oacute;\u0142 nas&rdquo;, skierowanego do dzieci 5 &ndash; 6 letnich oraz ich rodzic&oacute;w i opiekun&oacute;w. Celem programu by\u0142o zwi\u0119kszenie wiedzy na temat szkodliwo\u015b\u0107 i skutk&oacute;w palenia [&hellip;]<\/p>\n","protected":false},"author":1,"featured_media":0,"comment_status":"closed","ping_status":"closed","sticky":false,"template":"","format":"standard","meta":{"_monsterinsights_skip_tracking":false,"_monsterinsights_sitenote_active":false,"_monsterinsights_sitenote_note":"","_monsterinsights_sitenote_category":0,"footnotes":""},"categories":[41],"tags":[],"class_list":["post-1843","post","type-post","status-publish","format-standard","hentry","category-czyste-powietrze-wokol-nas"],"_links":{"self":[{"href":"https:\/\/wsse.krakow.pl\/page\/wp-json\/wp\/v2\/posts\/1843","targetHints":{"allow":["GET"]}}],"collection":[{"href":"https:\/\/wsse.krakow.pl\/page\/wp-json\/wp\/v2\/posts"}],"about":[{"href":"https:\/\/wsse.krakow.pl\/page\/wp-json\/wp\/v2\/types\/post"}],"author":[{"embeddable":true,"href":"https:\/\/wsse.krakow.pl\/page\/wp-json\/wp\/v2\/users\/1"}],"replies":[{"embeddable":true,"href":"https:\/\/wsse.krakow.pl\/page\/wp-json\/wp\/v2\/comments?post=1843"}],"version-history":[{"count":0,"href":"https:\/\/wsse.krakow.pl\/page\/wp-json\/wp\/v2\/posts\/1843\/revisions"}],"wp:attachment":[{"href":"https:\/\/wsse.krakow.pl\/page\/wp-json\/wp\/v2\/media?parent=1843"}],"wp:term":[{"taxonomy":"category","embeddable":true,"href":"https:\/\/wsse.krakow.pl\/page\/wp-json\/wp\/v2\/categories?post=1843"},{"taxonomy":"post_tag","embeddable":true,"href":"https:\/\/wsse.krakow.pl\/page\/wp-json\/wp\/v2\/tags?post=1843"}],"curies":[{"name":"wp","href":"https:\/\/api.w.org\/{rel}","templated":true}]}}