{"id":1847,"date":"2016-09-14T07:23:05","date_gmt":"2016-09-14T05:23:05","guid":{"rendered":"http:\/\/wsse.krakow.pl\/page\/spoleczna-kampania-profilaktyki-grypy\/"},"modified":"2016-09-14T07:23:05","modified_gmt":"2016-09-14T05:23:05","slug":"spoleczna-kampania-profilaktyki-grypy","status":"publish","type":"post","link":"https:\/\/wsse.krakow.pl\/page\/spoleczna-kampania-profilaktyki-grypy\/","title":{"rendered":"Spo\u0142eczna kampania profilaktyki grypy"},"content":{"rendered":"<p style=\"line-height: normal; text-align: justify;\"><strong><span style=\"font-size: 11pt;\"><img loading=\"lazy\" decoding=\"async\" class=\" alignleft size-full wp-image-1836\" src=\"http:\/\/wsse.krakow.pl\/page\/wp-content\/uploads\/2016\/08\/FluMania_plakat_A2-.jpg\" alt=\"FluMania plakat A2 \" width=\"200\" height=\"284\" style=\"float: left;\" \/>Co warto wiedzie\u0107 o grypie<\/span><\/strong><\/p>\n<p style=\"line-height: normal; text-align: justify;\"><span style=\"font-size: 11pt;\">Okres jesienno-zimowy to czas licznych zachorowa\u0144 na <strong>gryp\u0119 <\/strong><\/span><span style=\"font-size: 11pt;\">&ndash; zaka\u017an\u0105 chorob\u0119 wirusow\u0105 uk\u0142adu oddechowego. <\/span><\/p>\n<p style=\"line-height: normal; text-align: justify;\"><span style=\"font-size: 11pt;\">Co roku w Polsce grypa i przezi\u0119bienie dotyka milion&oacute;w Polak&oacute;w. Jak podaje Narodowy Instytut Zdrowia Publicznego Pa\u0144stwowy Zak\u0142ad Higieny tylko w okresie od 1 &ndash; 7 wrze\u015bnia bie\u017c\u0105cego roku zarejestrowano w Polsce <strong>33&nbsp;441<\/strong> zachorowa\u0144 i podejrze\u0144 zachorowa\u0144 na gryp\u0119. W samym wojew&oacute;dztwie ma\u0142opolskim zachorowa\u0142y <strong>3 173<\/strong> osoby. <\/span><\/p>\n<p style=\"line-height: normal; text-align: justify;\"><span style=\"font-size: 11pt;\">W \u0142agodnej formie grypa mo\u017ce by\u0107 pomylona z przezi\u0119bieniem, poniewa\u017c objawy obu infekcji bywaj\u0105 podobne. Grypa jednak jest o wiele bardziej niebezpieczna. Wirus atakuje <br \/> i niszczy b\u0142on\u0119 \u015bluzow\u0105 uk\u0142adu oddechowego oraz przenika do krwi, co powoduje dolegliwo\u015bci w ca\u0142ym organizmie.<\/span><\/p>\n<p style=\"margin-bottom: 0.0001pt; line-height: normal; text-align: justify;\"><strong><span style=\"font-size: 11pt;\">W jaki spos&oacute;b zaka\u017camy si\u0119 gryp\u0105 ?<\/span><\/strong><\/p>\n<p style=\"margin-top: 6pt; margin-right: 0cm; margin-bottom: 0.0001pt; line-height: normal; text-align: justify;\"><span style=\"font-size: 11pt;\">Podczas bezpo\u015bredniego kontaktu osoba doros\u0142a zaka\u017cona<strong> wirusem grypy <\/strong>mo\u017ce zaka\u017ca\u0107 innych przez 3-5 dni od chwili pojawienia si\u0119 objaw&oacute;w chorobowych, natomiast dziecko mo\u017ce by\u0107 \u017ar&oacute;d\u0142em zaka\u017cenia dla innych nawet do 7 dni.<\/span><\/p>\n<p style=\"margin-bottom: 0.0001pt; line-height: normal; text-align: justify;\"><strong><span style=\"font-size: 11pt;\">Jak rozpozna\u0107 gryp\u0119?<\/span><\/strong><\/p>\n<p style=\"margin-top: 6pt; margin-right: 0cm; margin-bottom: 0.0001pt; line-height: normal; text-align: justify;\"><span style=\"font-size: 11pt;\">Grypa atakuje nagle &ndash; p<\/span><span style=\"font-size: 11pt;\">ierwsze objawy, kt&oacute;re pojawiaj\u0105 si\u0119 w ci\u0105gu 48 godzin od zaka\u017cenia to:<\/span><\/p>\n<p style=\"margin-bottom: 0.0001pt; line-height: normal; text-align: justify;\"><span style=\"font-size: 11pt;\">&ndash; wysoka gor\u0105czka <\/span><span style=\"font-size: 11pt;\">(ponad 38 stopni)<\/span><\/p>\n<p style=\"margin-bottom: 0.0001pt; line-height: normal; text-align: justify;\"><span style=\"font-size: 11pt;\">&ndash; dreszcze<\/span><\/p>\n<p style=\"margin-bottom: 0.0001pt; line-height: normal; text-align: justify;\"><span style=\"font-size: 11pt;\">&ndash; b&oacute;le mi\u0119\u015bni, staw&oacute;w (<\/span><span style=\"font-size: 11pt;\">poczucie og&oacute;lnego rozbicia)<\/span><\/p>\n<p style=\"margin-bottom: 0.0001pt; line-height: normal; text-align: justify;\"><span style=\"font-size: 11pt;\">&ndash; <\/span><span style=\"font-size: 11pt;\">intensywny b&oacute;l g\u0142owy, kt&oacute;remu cz\u0119sto towarzyszy b&oacute;l oczu, \u015bwiat\u0142owstr\u0119t <\/span><\/p>\n<p style=\"margin-bottom: 0.0001pt; line-height: normal; text-align: justify;\"><span style=\"font-size: 11pt;\">&ndash; zaj\u0119cie uk\u0142adu oddechowego objawiaj\u0105ce si\u0119 kichaniem, zapaleniem b\u0142ony \u015bluzowej nosa, b&oacute;lem gard\u0142a, suchym napadowym kaszlem. <\/span><\/p>\n<p style=\"text-align: justify;\">&nbsp;<\/p>\n<p style=\"margin-bottom: 0.0001pt; line-height: normal; text-align: justify;\"><strong><span style=\"font-size: 11pt;\">Jak odr&oacute;\u017cni\u0107 przezi\u0119bienie od grypy? <\/span><\/strong><\/p>\n<p style=\"margin-top: 6pt; margin-right: 0cm; margin-bottom: 0.0001pt; line-height: normal; text-align: justify;\"><span style=\"font-size: 11pt;\">Dolegliwo\u015bci zwi\u0105zane z przezi\u0119bieniem rozwijaj\u0105 si\u0119 stopniowo.<\/span><span style=\"font-size: 11pt;\">Cech\u0105 charakterystyczn\u0105 przezi\u0119bienia jest zazwyczaj:<\/span><\/p>\n<p style=\"margin-bottom: 0.0001pt; line-height: normal; text-align: justify;\"><span style=\"font-size: 11pt;\">&ndash; stan podgor\u0105czkowy (nie przekraczaj\u0105cy 38 st.) <\/span><\/p>\n<p style=\"margin-bottom: 0.0001pt; line-height: normal; text-align: justify;\"><span style=\"font-size: 11pt;\">&ndash; \u015brednie objawy zm\u0119czenia, os\u0142abienia<\/span><\/p>\n<p style=\"margin-bottom: 0.0001pt; line-height: normal; text-align: justify;\"><span style=\"font-size: 11pt;\">&ndash; b&oacute;l oczu<\/span><\/p>\n<p style=\"margin-bottom: 0.0001pt; line-height: normal; text-align: justify;\"><span style=\"font-size: 11pt;\">&ndash; m\u0119cz\u0105cy, mokry<\/span><span style=\"font-size: 11pt;\">kaszel <\/span><\/p>\n<p style=\"margin-bottom: 0.0001pt; line-height: normal; text-align: justify;\"><span style=\"font-size: 11pt;\">&ndash; katar<\/span><\/p>\n<p style=\"margin-bottom: 0.0001pt; line-height: normal; text-align: justify;\"><span style=\"font-size: 11pt;\">&ndash; b&oacute;l gard\u0142a<\/span><\/p>\n<p style=\"margin-bottom: 0.0001pt; line-height: normal; text-align: justify;\"><span style=\"font-size: 11pt;\">&ndash; b&oacute;l g\u0142owy wyst\u0119puj\u0105 rzadko. <\/span><\/p>\n<p style=\"text-align: justify;\">&nbsp;<\/p>\n<p style=\"text-align: justify;\">&nbsp;<\/p>\n<p style=\"margin-bottom: 0.0001pt; line-height: normal; text-align: justify;\"><strong><span style=\"font-size: 11pt;\">Co nale\u017cy zrobi\u0107, aby uchroni\u0107 si\u0119 przed zachorowaniem na gryp\u0119?<\/span><\/strong><\/p>\n<p style=\"margin-top: 6pt; margin-right: 0cm; margin-bottom: 0.0001pt; line-height: normal; text-align: justify;\"><span style=\"font-size: 11pt;\">Najskuteczniejsz\u0105 i najta\u0144sz\u0105 metod\u0105 zapobiegania grypie s\u0105 szczepienia ochronne. Zgodnie <br \/> z zaleceniami WHO zaszczepi\u0107 si\u0119 powinni wszyscy ch\u0119tni, a zw\u0142aszcza: <\/span><\/p>\n<p style=\"margin-top: 6pt; margin-right: 0cm; margin-bottom: 0.0001pt; line-height: normal; text-align: justify;\"><span style=\"font-size: 11pt;\">&ndash; osoby z grup wysokiego ryzyka bez wzgl\u0119du na wiek oraz cz\u0142onkowie ich rodzin<\/span><\/p>\n<p style=\"margin-bottom: 0.0001pt; line-height: normal; text-align: justify;\"><span style=\"font-size: 11pt;\">&ndash; dzieci od 6 do 18. roku \u017cycia <\/span><\/p>\n<p style=\"margin-bottom: 0.0001pt; line-height: normal; text-align: justify;\"><span style=\"font-size: 11pt;\">&ndash; osoby opiekuj\u0105ce si\u0119 dzie\u0107mi poni\u017cej 6. miesi\u0105ca \u017cycia.<\/span><\/p>\n<p style=\"margin-top: 6pt; margin-right: 0cm; margin-bottom: 0.0001pt; line-height: normal; text-align: justify;\"><span style=\"font-size: 11pt;\">Osoby z grup podwy\u017cszonego ryzyka powinny si\u0119 zaszczepi\u0107, kiedy tylko szczepionka b\u0119dzie dost\u0119pna w aptece &ndash; nale\u017cy jednak pami\u0119ta\u0107, \u017ce o szczepieniu decyduje lekarz. <\/span><\/p>\n<p style=\"margin-bottom: 0.0001pt; line-height: normal; text-align: justify;\"><span style=\"font-size: 11pt;\">Ponadto w profilaktyce wa\u017cne jest tak\u017ce zachowywanie podstawowych <strong>zasad higieny<\/strong>, tj.:<\/span><\/p>\n<ul style=\"text-align: justify;\">\n<li><span style=\"font-size: 11pt;\">cz\u0119ste mycie r\u0105k<\/span><\/li>\n<\/ul>\n<ul style=\"margin-top: 0cm; text-align: justify;\">\n<li style=\"margin-bottom: 0.0001pt; line-height: normal;\"><span style=\"font-size: 11pt;\">zakrywanie ust podczas kichania\/kas\u0142ania chusteczk\u0105 higieniczn\u0105 b\u0105d\u017a grzbietow\u0105 cz\u0119\u015bci\u0105 d\u0142oni<\/span><\/li>\n<li style=\"margin-bottom: 0.0001pt; line-height: normal;\"><span style=\"font-size: 11pt;\">cz\u0119ste wietrzenie pomieszczenia w kt&oacute;rym przebywamy<\/span><\/li>\n<li style=\"margin-bottom: 0.0001pt; line-height: normal;\"><span style=\"font-size: 11pt;\">unikanie kontaktu z osobami chorymi<\/span><\/li>\n<li style=\"margin-bottom: 0.0001pt; line-height: normal;\"><span style=\"font-size: 11pt;\">w wolnym czasie przebywanie na \u015bwie\u017cym powietrzu.<\/span><\/li>\n<\/ul>\n<p style=\"text-align: justify;\">&nbsp;<\/p>\n<p style=\"margin-bottom: 0.0001pt; line-height: normal; text-align: justify;\">\u0179r&oacute;d\u0142o:<\/p>\n<p style=\"margin-bottom: 0.0001pt; line-height: normal; text-align: justify;\"><a href=\"http:\/\/wwwold.pzh.gov.pl\/oldpage\/epimeld\/grypa\/index.htm\">http:\/\/wwwold.pzh.gov.pl\/oldpage\/epimeld\/grypa\/index.htm<\/a><\/p>\n<p style=\"margin-bottom: 0.0001pt; line-height: normal; text-align: justify;\"><a href=\"http:\/\/www.portalemedyczne.pl\/5574\/9121\/prawda-i-mity-na-temat-grypy\/\">http:\/\/www.portalemedyczne.pl\/5574\/9121\/prawda-i-mity-na-temat-grypy\/<\/a><\/p>\n<p style=\"margin-bottom: 0.0001pt; line-height: normal; text-align: justify;\"><a href=\"http:\/\/polki.pl\/zdrowie\/grypa-i-przeziebienie,jak-uniknac-grypy,10400011,artykul.html\">http:\/\/polki.pl\/zdrowie\/grypa-i-przeziebienie,jak-uniknac-grypy,10400011,artykul.html<\/a><\/p>\n<p style=\"text-align: justify;\">W za\u0142\u0105czeniu: materia\u0142y informacyjne dotycz\u0105ce profilaktyki grypy &ndash; w wersji elektronicznej<\/p>\n<p>&nbsp;<\/p>\n<p>Bogus\u0142awa \u017bo\u0142ynska<br \/>Dzia\u0142 Zdrowia Publicznego i Promocji Zdrowia<br \/>Data wprowadzenia: 14 wrze\u015bnia 2016<br \/>Data ostatniej aktualizacji: 14 wrze\u015bnia 2016<\/p>\n<!-- WP Attachments -->\r\n        <div style=\"width:100%;margin:10px 0 10px 0;\">\r\n            <h3>Pliki do pobrania:<\/h3>\r\n        <ul class=\"post-attachments\"><li class=\"post-attachment mime-image-jpeg\"><a href=\"https:\/\/wsse.krakow.pl\/page\/spoleczna-kampania-profilaktyki-grypy\/?download=1836\">FluMania plakat A2<\/a> <small>(492 kB)<\/small><\/li><li class=\"post-attachment mime-image-jpeg\"><a href=\"https:\/\/wsse.krakow.pl\/page\/spoleczna-kampania-profilaktyki-grypy\/?download=1838\">ulotka FLU --1.jpg<\/a> <small>(285 kB)<\/small><\/li><li class=\"post-attachment mime-image-jpeg\"><a href=\"https:\/\/wsse.krakow.pl\/page\/spoleczna-kampania-profilaktyki-grypy\/?download=1839\">ulotka FLU --2.jpg<\/a> <small>(249 kB)<\/small><\/li><li class=\"post-attachment mime-image-jpeg\"><a href=\"https:\/\/wsse.krakow.pl\/page\/spoleczna-kampania-profilaktyki-grypy\/?download=1840\">FluMania plakat A2-.jpg<\/a> <small>(492 kB)<\/small><\/li><\/ul><\/div>","protected":false},"excerpt":{"rendered":"<p style=\"line-height: normal; text-align: justify;\"><strong><span style=\"font-size: 11pt;\"><img loading=\"lazy\" decoding=\"async\" class=\" alignleft size-full wp-image-1836\" src=\"http:\/\/wsse.krakow.pl\/page\/wp-content\/uploads\/2016\/08\/FluMania_plakat_A2-.jpg\" alt=\"FluMania plakat A2 \" width=\"200\" height=\"284\" style=\"float: left;\" \/>Co warto wiedzie\u0107 o grypie<\/span><\/strong><\/p>\n<p style=\"line-height: normal; text-align: justify;\"><span style=\"font-size: 11pt;\">Okres jesienno-zimowy to czas licznych zachorowa\u0144 na <strong>gryp\u0119 <\/strong><\/span><span style=\"font-size: 11pt;\">&ndash; zaka\u017an\u0105 chorob\u0119 wirusow\u0105 uk\u0142adu oddechowego. <\/span><\/p>\n<p style=\"line-height: normal; text-align: justify;\"><span style=\"font-size: 11pt;\">Co roku w Polsce grypa i przezi\u0119bienie dotyka milion&oacute;w Polak&oacute;w. Jak podaje Narodowy Instytut Zdrowia Publicznego Pa\u0144stwowy Zak\u0142ad Higieny tylko w okresie od 1 &ndash; 7 wrze\u015bnia bie\u017c\u0105cego roku zarejestrowano w Polsce <strong>33&nbsp;441<\/strong> zachorowa\u0144 i podejrze\u0144 zachorowa\u0144 na gryp\u0119. W samym wojew&oacute;dztwie ma\u0142opolskim zachorowa\u0142y <strong>3 173<\/strong> osoby. <\/span><\/p>\n<p style=\"line-height: normal; text-align: justify;\"><span style=\"font-size: 11pt;\">W \u0142agodnej formie grypa mo\u017ce by\u0107 pomylona z przezi\u0119bieniem, poniewa\u017c objawy obu infekcji bywaj\u0105 podobne. Grypa jednak jest o wiele bardziej niebezpieczna. Wirus atakuje <br \/> i niszczy b\u0142on\u0119 \u015bluzow\u0105 uk\u0142adu oddechowego oraz przenika do krwi, co powoduje dolegliwo\u015bci w ca\u0142ym organizmie.<\/span><\/p>\n<p style=\"margin-bottom: 0.0001pt; line-height: normal; text-align: justify;\"><strong><span style=\"font-size: 11pt;\">W jaki spos&oacute;b zaka\u017camy si\u0119 gryp\u0105 ?<\/span><\/strong><\/p>\n<p style=\"margin-top: 6pt; margin-right: 0cm; margin-bottom: 0.0001pt; line-height: normal; text-align: justify;\"><span style=\"font-size: 11pt;\">Podczas bezpo\u015bredniego kontaktu osoba doros\u0142a zaka\u017cona<strong> wirusem grypy <\/strong>mo\u017ce zaka\u017ca\u0107 innych przez 3-5 dni od chwili pojawienia si\u0119 objaw&oacute;w chorobowych, natomiast dziecko mo\u017ce by\u0107 \u017ar&oacute;d\u0142em zaka\u017cenia dla innych nawet do 7 dni.<\/span><\/p>\n<p style=\"margin-bottom: 0.0001pt; line-height: normal; text-align: justify;\"><strong><span style=\"font-size: 11pt;\">Jak rozpozna\u0107 gryp\u0119?<\/span><\/strong><\/p>\n<p style=\"margin-top: 6pt; margin-right: 0cm; margin-bottom: 0.0001pt; line-height: normal; text-align: justify;\"><span style=\"font-size: 11pt;\">Grypa atakuje nagle &ndash; p<\/span><span style=\"font-size: 11pt;\">ierwsze objawy, kt&oacute;re pojawiaj\u0105 si\u0119 w ci\u0105gu 48 godzin od zaka\u017cenia to:<\/span><\/p>\n<p style=\"margin-bottom: 0.0001pt; line-height: normal; text-align: justify;\"><span style=\"font-size: 11pt;\">&ndash; wysoka gor\u0105czka <\/span><span style=\"font-size: 11pt;\">(ponad 38 stopni)<\/span><\/p>\n<p style=\"margin-bottom: 0.0001pt; line-height: normal; text-align: justify;\"><span style=\"font-size: 11pt;\">&ndash; dreszcze<\/span><\/p>\n<p style=\"margin-bottom: 0.0001pt; line-height: normal; text-align: justify;\"><span style=\"font-size: 11pt;\">&ndash; b&oacute;le mi\u0119\u015bni, staw&oacute;w (<\/span><span style=\"font-size: 11pt;\">poczucie og&oacute;lnego rozbicia)<\/span><\/p>\n<p style=\"margin-bottom: 0.0001pt; line-height: normal; text-align: justify;\"><span style=\"font-size: 11pt;\">&ndash; <\/span><span style=\"font-size: 11pt;\">intensywny b&oacute;l g\u0142owy, kt&oacute;remu cz\u0119sto towarzyszy b&oacute;l oczu, \u015bwiat\u0142owstr\u0119t <\/span><\/p>\n<p style=\"margin-bottom: 0.0001pt; line-height: normal; text-align: justify;\"><span style=\"font-size: 11pt;\">&ndash; zaj\u0119cie uk\u0142adu oddechowego objawiaj\u0105ce si\u0119 kichaniem, zapaleniem b\u0142ony \u015bluzowej nosa, b&oacute;lem gard\u0142a, suchym napadowym kaszlem. <\/span><\/p>\n<p style=\"text-align: justify;\">&nbsp;<\/p>\n<p style=\"margin-bottom: 0.0001pt; line-height: normal; text-align: justify;\"><strong><span style=\"font-size: 11pt;\">Jak odr&oacute;\u017cni\u0107 przezi\u0119bienie od grypy? <\/span><\/strong><\/p>\n<p style=\"margin-top: 6pt; margin-right: 0cm; margin-bottom: 0.0001pt; line-height: normal; text-align: justify;\"><span style=\"font-size: 11pt;\">Dolegliwo\u015bci zwi\u0105zane z przezi\u0119bieniem rozwijaj\u0105 si\u0119 stopniowo.<\/span><span style=\"font-size: 11pt;\">Cech\u0105 charakterystyczn\u0105 przezi\u0119bienia jest zazwyczaj:<\/span><\/p>\n<p style=\"margin-bottom: 0.0001pt; line-height: normal; text-align: justify;\"><span style=\"font-size: 11pt;\">&ndash; stan podgor\u0105czkowy (nie przekraczaj\u0105cy 38 st.) <\/span><\/p>\n<p style=\"margin-bottom: 0.0001pt; line-height: normal; text-align: justify;\"><span style=\"font-size: 11pt;\">&ndash; \u015brednie objawy zm\u0119czenia, os\u0142abienia<\/span><\/p>\n<p style=\"margin-bottom: 0.0001pt; line-height: normal; text-align: justify;\"><span style=\"font-size: 11pt;\">&ndash; b&oacute;l oczu<\/span><\/p>\n<p style=\"margin-bottom: 0.0001pt; line-height: normal; text-align: justify;\"><span style=\"font-size: 11pt;\">&ndash; m\u0119cz\u0105cy, mokry<\/span><span style=\"font-size: 11pt;\">kaszel <\/span><\/p>\n<p style=\"margin-bottom: 0.0001pt; line-height: normal; text-align: justify;\"><span style=\"font-size: 11pt;\">&ndash; katar<\/span><\/p>\n<p style=\"margin-bottom: 0.0001pt; line-height: normal; text-align: justify;\"><span style=\"font-size: 11pt;\">&ndash; b&oacute;l gard\u0142a<\/span><\/p>\n<p style=\"margin-bottom: 0.0001pt; line-height: normal; text-align: justify;\"><span style=\"font-size: 11pt;\">&ndash; b&oacute;l g\u0142owy wyst\u0119puj\u0105 rzadko. <\/span><\/p>\n<p style=\"text-align: justify;\">&nbsp;<\/p>\n","protected":false},"author":1,"featured_media":0,"comment_status":"closed","ping_status":"closed","sticky":false,"template":"","format":"standard","meta":{"_monsterinsights_skip_tracking":false,"_monsterinsights_sitenote_active":false,"_monsterinsights_sitenote_note":"","_monsterinsights_sitenote_category":0,"footnotes":""},"categories":[40],"tags":[],"class_list":["post-1847","post","type-post","status-publish","format-standard","hentry","category-promocja-zdrowia"],"_links":{"self":[{"href":"https:\/\/wsse.krakow.pl\/page\/wp-json\/wp\/v2\/posts\/1847","targetHints":{"allow":["GET"]}}],"collection":[{"href":"https:\/\/wsse.krakow.pl\/page\/wp-json\/wp\/v2\/posts"}],"about":[{"href":"https:\/\/wsse.krakow.pl\/page\/wp-json\/wp\/v2\/types\/post"}],"author":[{"embeddable":true,"href":"https:\/\/wsse.krakow.pl\/page\/wp-json\/wp\/v2\/users\/1"}],"replies":[{"embeddable":true,"href":"https:\/\/wsse.krakow.pl\/page\/wp-json\/wp\/v2\/comments?post=1847"}],"version-history":[{"count":0,"href":"https:\/\/wsse.krakow.pl\/page\/wp-json\/wp\/v2\/posts\/1847\/revisions"}],"wp:attachment":[{"href":"https:\/\/wsse.krakow.pl\/page\/wp-json\/wp\/v2\/media?parent=1847"}],"wp:term":[{"taxonomy":"category","embeddable":true,"href":"https:\/\/wsse.krakow.pl\/page\/wp-json\/wp\/v2\/categories?post=1847"},{"taxonomy":"post_tag","embeddable":true,"href":"https:\/\/wsse.krakow.pl\/page\/wp-json\/wp\/v2\/tags?post=1847"}],"curies":[{"name":"wp","href":"https:\/\/api.w.org\/{rel}","templated":true}]}}