{"id":1888,"date":"2016-11-07T13:18:18","date_gmt":"2016-11-07T12:18:18","guid":{"rendered":"http:\/\/wsse.krakow.pl\/page\/relacja-z-konferencji-zywienie-w-placowkach-nauczania-i-wychowania-madrze-zdrowo-i-zgodnie-z-prawem-2\/"},"modified":"2016-11-07T13:18:18","modified_gmt":"2016-11-07T12:18:18","slug":"relacja-z-konferencji-zywienie-w-placowkach-nauczania-i-wychowania-madrze-zdrowo-i-zgodnie-z-prawem-2","status":"publish","type":"post","link":"https:\/\/wsse.krakow.pl\/page\/relacja-z-konferencji-zywienie-w-placowkach-nauczania-i-wychowania-madrze-zdrowo-i-zgodnie-z-prawem-2\/","title":{"rendered":"Relacja z konferencji \u201e\u017bywienie w plac\u00f3wkach nauczania i wychowania \u2013 m\u0105drze zdrowo i zgodnie z prawem\u201d"},"content":{"rendered":"<p style=\"text-align: justify;\"><img loading=\"lazy\" decoding=\"async\" class=\" alignleft size-full wp-image-1886\" src=\"http:\/\/wsse.krakow.pl\/page\/wp-content\/uploads\/2016\/11\/warzywa.jpg\" alt=\"warzywa\" width=\"259\" height=\"181\" style=\"float: left;\" srcset=\"https:\/\/wsse.krakow.pl\/page\/wp-content\/uploads\/2016\/11\/warzywa.jpg 450w, https:\/\/wsse.krakow.pl\/page\/wp-content\/uploads\/2016\/11\/warzywa-150x105.jpg 150w, https:\/\/wsse.krakow.pl\/page\/wp-content\/uploads\/2016\/11\/warzywa-300x210.jpg 300w\" sizes=\"auto, (max-width: 259px) 100vw, 259px\" \/>W dniu 28.10.2016r. w Urz\u0119dzie Miasta Krakowa odby\u0142a si\u0119 konferencja: &bdquo;\u017bywienie w plac&oacute;wkach nauczania i wychowania &ndash; m\u0105drze zdrowo i zgodnie z prawem&rdquo;, kt&oacute;rej celem by\u0142o zaznajomienie dyrektor&oacute;w plac&oacute;wek o\u015bwiatowych, intendent&oacute;w i innych os&oacute;b odpowiedzialnych za organizacj\u0119 \u017cywienia w plac&oacute;wkach nauczania i wychowania, ze znowelizowanymi przepisami dotycz\u0105cymi planowania i przygotowywania posi\u0142k&oacute;w w przedszkolach i szko\u0142ach. Organizatorem konferencji by\u0142a Wojew&oacute;dzka Stacja Sanitarno-Epidemiologiczna w Krakowie we wsp&oacute;\u0142pracy Urz\u0119du Miasta Krakowa.<\/p>\n<p style=\"text-align: justify;\">Uroczystego otwarcia konferencji dokona\u0142a p. Magdalena Koperny, kierownik Dzia\u0142u Zdrowia Publicznego i Promocji Zdrowia w WSSE w Krakowie oraz p. Marzena Paszkot, pe\u0142nomocnik Prezydenta Miasta Krakowa ds. Rodziny.<\/p>\n<p style=\"text-align: justify;\">Pierwsz\u0105 cz\u0119\u015b\u0107 konferencji poprowadzi\u0142a p. Dorota R&oacute;\u017cycka &ndash; pracownik dzia\u0142u Nadzoru Higieny \u017bywno\u015bci i \u017bywienia w WSSE w Krakowie, kt&oacute;ra dokona\u0142a interpretacji znowelizowanych w 2016 roku przepis&oacute;w, dotycz\u0105cych \u017cywienia w plac&oacute;wkach nauczania i wychowania. Po zaprezentowanych przez p. Dorot\u0119 zmianach w przepisach prawnych, uczestnicy konferencji mieli czas na zadawanie pyta\u0144 i dyskusj\u0119.<\/p>\n<p>&nbsp;<\/p>\n<p style=\"text-align: justify;\">Tematem przewodnim drugiej cz\u0119\u015bci konferencji by\u0142o zaprezentowanie wynik&oacute;w badania w kt&oacute;rym dokonano oceny \u017cywienia uczni&oacute;w klas 1-3 szk&oacute;\u0142 podstawowych powiatu my\u015blenickiego i miasta Krakowa. Om&oacute;wienia wynik&oacute;w dokona\u0142a p. dr in\u017c. Ja\u015bmina \u017bwirska, asystentka w Zak\u0142adzie \u017bywienia Cz\u0142owieka Uniwersytetu Jagiello\u0144skiego Collegium Medicum.<\/p>\n<p style=\"text-align: justify;\">Wskaz&oacute;wek i pomys\u0142&oacute;w dotycz\u0105cych organizowania, przygotowywania i komponowania posi\u0142k&oacute;w uczestnikom konferencji, dostarczy\u0142y wyst\u0105pienia prelegentek: p. Marii Maziarek, nauczyciel wychowania przedszkolnego w Samorz\u0105dowym Przedszkolu nr 83 w Krakowie i p. Wioletty B\u0119tkowskiej &ndash; opiekuna \u015bwietlicy szkolnej w Szkole Podstawowej nr 89 w Krakowie. Panie zaprezentowa\u0142y dzia\u0142ania prozdrowotne (akcje profilaktyczne, wyk\u0142ady dla rodzic&oacute;w, zabawy z dzie\u0107mi, imprezy plenerowe) realizowane przez plac&oacute;wki, kt&oacute;re reprezentuj\u0105.<\/p>\n<p><img loading=\"lazy\" decoding=\"async\" class=\" size-full wp-image-1887\" src=\"http:\/\/wsse.krakow.pl\/page\/wp-content\/uploads\/2016\/11\/DSC_0080.JPG\" alt=\"DSC 0080\" width=\"618\" height=\"347\" srcset=\"https:\/\/wsse.krakow.pl\/page\/wp-content\/uploads\/2016\/11\/DSC_0080.JPG 3840w, https:\/\/wsse.krakow.pl\/page\/wp-content\/uploads\/2016\/11\/DSC_0080-150x84.jpg 150w, https:\/\/wsse.krakow.pl\/page\/wp-content\/uploads\/2016\/11\/DSC_0080-300x169.jpg 300w, https:\/\/wsse.krakow.pl\/page\/wp-content\/uploads\/2016\/11\/DSC_0080-768x432.jpg 768w, https:\/\/wsse.krakow.pl\/page\/wp-content\/uploads\/2016\/11\/DSC_0080-1500x844.jpg 1500w\" sizes=\"auto, (max-width: 618px) 100vw, 618px\" \/><\/p>\n<p>Dzia\u0142 Zdrowia Publicznego i Promocji Zdrowia<br \/>Data wprowadzenia: 7 listopada 2016<br \/>Data ostatniej aktualizacji: 7 listopada 2016<\/p>\n<!-- WP Attachments -->\r\n        <div style=\"width:100%;margin:10px 0 10px 0;\">\r\n            <h3>Pliki do pobrania:<\/h3>\r\n        <ul class=\"post-attachments\"><li class=\"post-attachment mime-image-jpeg\"><a href=\"https:\/\/wsse.krakow.pl\/page\/relacja-z-konferencji-zywienie-w-placowkach-nauczania-i-wychowania-madrze-zdrowo-i-zgodnie-z-prawem-2\/?download=1886\">warzywa<\/a> <small>(19 kB)<\/small><\/li><li class=\"post-attachment mime-image-jpeg\"><a href=\"https:\/\/wsse.krakow.pl\/page\/relacja-z-konferencji-zywienie-w-placowkach-nauczania-i-wychowania-madrze-zdrowo-i-zgodnie-z-prawem-2\/?download=1887\">DSC 0080<\/a> <small>(961 kB)<\/small><\/li><\/ul><\/div>","protected":false},"excerpt":{"rendered":"<p style=\"text-align: justify;\"><img loading=\"lazy\" decoding=\"async\" class=\" alignleft size-full wp-image-1886\" src=\"http:\/\/wsse.krakow.pl\/page\/wp-content\/uploads\/2016\/11\/warzywa.jpg\" alt=\"warzywa\" width=\"259\" height=\"181\" style=\"float: left;\" srcset=\"https:\/\/wsse.krakow.pl\/page\/wp-content\/uploads\/2016\/11\/warzywa.jpg 450w, https:\/\/wsse.krakow.pl\/page\/wp-content\/uploads\/2016\/11\/warzywa-150x105.jpg 150w, https:\/\/wsse.krakow.pl\/page\/wp-content\/uploads\/2016\/11\/warzywa-300x210.jpg 300w\" sizes=\"auto, (max-width: 259px) 100vw, 259px\" \/>W dniu 28.10.2016r. w Urz\u0119dzie Miasta Krakowa odby\u0142a si\u0119 konferencja: &bdquo;\u017bywienie w plac&oacute;wkach nauczania i wychowania &ndash; m\u0105drze zdrowo i zgodnie z prawem&rdquo;, kt&oacute;rej celem by\u0142o zaznajomienie dyrektor&oacute;w plac&oacute;wek o\u015bwiatowych, intendent&oacute;w i innych os&oacute;b odpowiedzialnych za organizacj\u0119 \u017cywienia w plac&oacute;wkach nauczania i wychowania, ze znowelizowanymi przepisami dotycz\u0105cymi planowania i przygotowywania posi\u0142k&oacute;w w przedszkolach i szko\u0142ach. Organizatorem konferencji by\u0142a Wojew&oacute;dzka Stacja Sanitarno-Epidemiologiczna w Krakowie we wsp&oacute;\u0142pracy Urz\u0119du Miasta Krakowa.<\/p>\n<p style=\"text-align: justify;\">Uroczystego otwarcia konferencji dokona\u0142a p. Magdalena Koperny, kierownik Dzia\u0142u Zdrowia Publicznego i Promocji Zdrowia w WSSE w Krakowie oraz p. Marzena Paszkot, pe\u0142nomocnik Prezydenta Miasta Krakowa ds. Rodziny.<\/p>\n<p style=\"text-align: justify;\">Pierwsz\u0105 cz\u0119\u015b\u0107 konferencji poprowadzi\u0142a p. Dorota R&oacute;\u017cycka &ndash; pracownik dzia\u0142u Nadzoru Higieny \u017bywno\u015bci i \u017bywienia w WSSE w Krakowie, kt&oacute;ra dokona\u0142a interpretacji znowelizowanych w 2016 roku przepis&oacute;w, dotycz\u0105cych \u017cywienia w plac&oacute;wkach nauczania i wychowania. Po zaprezentowanych przez p. Dorot\u0119 zmianach w przepisach prawnych, uczestnicy konferencji mieli czas na zadawanie pyta\u0144 i dyskusj\u0119.<\/p>\n<p>&nbsp;<\/p>\n","protected":false},"author":1,"featured_media":0,"comment_status":"closed","ping_status":"closed","sticky":false,"template":"","format":"standard","meta":{"_monsterinsights_skip_tracking":false,"_monsterinsights_sitenote_active":false,"_monsterinsights_sitenote_note":"","_monsterinsights_sitenote_category":0,"footnotes":""},"categories":[40],"tags":[],"class_list":["post-1888","post","type-post","status-publish","format-standard","hentry","category-promocja-zdrowia"],"_links":{"self":[{"href":"https:\/\/wsse.krakow.pl\/page\/wp-json\/wp\/v2\/posts\/1888","targetHints":{"allow":["GET"]}}],"collection":[{"href":"https:\/\/wsse.krakow.pl\/page\/wp-json\/wp\/v2\/posts"}],"about":[{"href":"https:\/\/wsse.krakow.pl\/page\/wp-json\/wp\/v2\/types\/post"}],"author":[{"embeddable":true,"href":"https:\/\/wsse.krakow.pl\/page\/wp-json\/wp\/v2\/users\/1"}],"replies":[{"embeddable":true,"href":"https:\/\/wsse.krakow.pl\/page\/wp-json\/wp\/v2\/comments?post=1888"}],"version-history":[{"count":0,"href":"https:\/\/wsse.krakow.pl\/page\/wp-json\/wp\/v2\/posts\/1888\/revisions"}],"wp:attachment":[{"href":"https:\/\/wsse.krakow.pl\/page\/wp-json\/wp\/v2\/media?parent=1888"}],"wp:term":[{"taxonomy":"category","embeddable":true,"href":"https:\/\/wsse.krakow.pl\/page\/wp-json\/wp\/v2\/categories?post=1888"},{"taxonomy":"post_tag","embeddable":true,"href":"https:\/\/wsse.krakow.pl\/page\/wp-json\/wp\/v2\/tags?post=1888"}],"curies":[{"name":"wp","href":"https:\/\/api.w.org\/{rel}","templated":true}]}}