{"id":1897,"date":"2016-11-08T11:50:11","date_gmt":"2016-11-08T10:50:11","guid":{"rendered":"http:\/\/wsse.krakow.pl\/page\/relacja-z-konferencji-dopalacze-dlaczego-sa-tak-niebezpieczne-2\/"},"modified":"2016-11-08T11:50:11","modified_gmt":"2016-11-08T10:50:11","slug":"relacja-z-konferencji-dopalacze-dlaczego-sa-tak-niebezpieczne-2","status":"publish","type":"post","link":"https:\/\/wsse.krakow.pl\/page\/relacja-z-konferencji-dopalacze-dlaczego-sa-tak-niebezpieczne-2\/","title":{"rendered":"Relacja z konferencji \u201eDopalacze &#8211; dlaczego s\u0105 tak niebezpieczne?\u201d"},"content":{"rendered":"<p style=\"text-align: justify;\"><img loading=\"lazy\" decoding=\"async\" class=\" alignright size-full wp-image-1889\" src=\"http:\/\/wsse.krakow.pl\/page\/wp-content\/uploads\/2016\/11\/glowo_laogo.jpg\" alt=\"glowo laogo\" width=\"154\" height=\"220\" style=\"float: right;\" \/>4 listopada 2016 r. w Centrum Konferencyjno-Szkoleniowym Krakowskiego Szpitala Specjalistycznego im. Jana Paw\u0142a II w Krakowie odby\u0142a si\u0119 konferencja pt.: &bdquo;Dopalacze &ndash; dlaczego s\u0105 tak niebezpieczne?&rdquo;, kt&oacute;rej organizatorem by\u0142 G\u0142&oacute;wny Inspektorat Sanitarny i Wojew&oacute;dzka Stacja Sanitarno-Epidemiologiczna w Krakowie. Celem jaki przy\u015bwieca\u0142 konferencji, by\u0142o zaprezentowanie uczestnikom zagro\u017ce\u0144 dla zdrowia publicznego stwarzanych przez tzw. &bdquo;dopalacze&rdquo; oraz u\u015bwiadomienie, \u017ce wsp&oacute;\u0142praca organ&oacute;w nadzoru uzupe\u0142niona o odpowiednie dzia\u0142ania edukacyjne jest jedyn\u0105 skuteczn\u0105 strategi\u0105 walki z &bdquo;dopalaczami&rdquo;. Adresatami konferencji by\u0142y grupy, kt&oacute;re ze wzgl\u0119du na charakter swojej pracy, mog\u0105 mie\u0107 bezpo\u015bredni kontakt z osobami przyjmuj\u0105cymi nowe \u015brodki psychoaktywne tj. zespo\u0142y ratownictwa medycznego oraz personel szpitalnych oddzia\u0142&oacute;w ratunkowych, pracownicy plac&oacute;wek opieku\u0144czo-wychowawczych, pracownicy o\u015brodk&oacute;w pomocy spo\u0142ecznej oraz pracownicy organ&oacute;w Pa\u0144stwowej Inspekcji Sanitarnej wojew&oacute;dztwa ma\u0142opolskiego.<\/p>\n<p style=\"text-align: justify;\">Swoj\u0105 obecno\u015bci\u0105 na konferencji zaszczycili nas liczni go\u015bcie min.: Ma\u0142gorzata Lechowicz &ndash; przedstawiciel Wojewody Ma\u0142opolskiego, zast\u0119pca Dyrektora Wydzia\u0142u Polityki Spo\u0142ecznej Ma\u0142opolskiego Urz\u0119du Wojew&oacute;dzkiego; Ma\u0142gorzata Pop\u0142awska &ndash; Dyrektor Krakowskiego Pogotowia Ratunkowego; Krystyna Teresa W\u0142osik &ndash; przedstawiciel Biura ds. Ochrony Zdrowia Urz\u0119du Miasta Krakowa; Pawe\u0142 Poche\u0107 &ndash; Pa\u0144stwowy Inspektor MSW; Adam Chrapisi\u0144ski &ndash; Dyrektor Miejskiego Centrum Profilaktyki Uzale\u017cnie\u0144 w Krakowie oraz Pa\u0144stwowi Powiatowi Inspektorzy Sanitarni woj. ma\u0142opolskiego.<\/p>\n<p style=\"text-align: justify;\">Uroczystego powitania licznie zgromadzonych uczestnik&oacute;w dokona\u0142 Jaros\u0142aw Foremny &ndash; Ma\u0142opolski Pa\u0144stwowy Wojew&oacute;dzki Inspektor Sanitarny, Ewa Waluk &ndash; radca G\u0142&oacute;wnego Inspektora Sanitarnego; Departament Nadzoru nad \u015arodkami Zast\u0119pczymi G\u0142&oacute;wnego Inspektoratu Sanitarnego; Rafa\u0142 Babi\u0144ski &shy;&ndash; Prokurator Okr\u0119gowy Prokuratury Okr\u0119gowej w Krakowie.<\/p>\n<p>&nbsp;<\/p>\n<p style=\"text-align: justify;\">Konferencja sk\u0142ada\u0142a si\u0119 z trzech sesji tematycznych. Pierwsz\u0105 cz\u0119\u015b\u0107 otworzy\u0142a Joanna Kosmala &ndash; pracownik Dzia\u0142u Nadzoru Higieny Pracy i Ochrony Radiacyjnej WSSE w Krakowie, kt&oacute;ra przedstawi\u0142a dzia\u0142ania nadzorowe podejmowane przez organy Pa\u0144stwowej Inspekcji Sanitarnej woj. ma\u0142opolskiego, dane epidemiologiczne obejmuj\u0105ce konsekwencje zdrowotne b\u0119d\u0105ce wynikiem przyjmowania nowych \u015brodk&oacute;w psychoaktywnych oraz kr&oacute;tk\u0105 charakterystyk\u0119 dopalaczy. Wniosk&oacute;w dla dalszych dzia\u0142a\u0144 profilaktycznych dostarczy\u0142a p. Klaudia Wojnicka &ndash; asystentka Eksperta Wojew&oacute;dzkiego ds. Informacji o Narkotykach i Narkomanii Wojew&oacute;dztwa Ma\u0142opolskiego, prezentuj\u0105c wyniki badania ankietowego ESPAD, dotycz\u0105cego przyjmowania substancji psychoaktywnych przez m\u0142odzie\u017c. Ostatni wyk\u0142ad w pierwszej cz\u0119\u015bci konferencji wyg\u0142osi\u0142 Ekspert Komendy Wojew&oacute;dzkiej Policji, asp. szt. Robert Bretner. Ciesz\u0105ce si\u0119 du\u017cym zainteresowaniem wyst\u0105pienie by\u0142o po\u015bwi\u0119cone roli organ&oacute;w \u015bcigania w walce z handlem &bdquo;dopalaczami&rdquo;. Po wyg\u0142oszonej prezentacji uczestnicy mieli czas na zadawanie pyta\u0144 oraz dyskusj\u0119 przy fili\u017cance kawy.<\/p>\n<p style=\"text-align: justify;\">W drugiej cz\u0119\u015bci konferencji, jako pierwszy g\u0142os zabra\u0142 p. Piotr Heimroth, kt&oacute;ry wskaza\u0142 na dzia\u0142ania zapobiegawcze podejmowane przez pracownik&oacute;w Izby Celnej w tym przede wszystkim zagadnienia dotycz\u0105ce kontroli podejrzanych przesy\u0142ek pocztowych, kt&oacute;re s\u0105 jednym z cz\u0119stszych sposob&oacute;w dor\u0119czenia zam&oacute;wionego towaru &ndash; dopalaczy. Zasady bezpiecze\u0144stwa i post\u0119powania zespo\u0142&oacute;w ratownictwa medycznego a tak\u017ce innych grup pracownik&oacute;w wykonuj\u0105cych prac\u0119 terenow\u0105 w&nbsp;aspekcie kontaktu z osobami (pacjentem) agresywnymi, przedstawi\u0142 Jerzy Jasku\u0142a &ndash; ratownik medyczny i Instruktor Europejskiej Rady Resuscytacji American Heart Association ITLS i PHTLS. O&nbsp;aktualnych problemach i rozwi\u0105zaniach personelu lekarskiego, piel\u0119gniarskiego i ratownik&oacute;w medycznych zwi\u0105zanych z udzielaniem pierwszej pomocy medycznej i diagnostyki zatru\u0107 dopalaczami opowiedzia\u0142 dr. n. med. P. Piotr Hydzik &ndash; konsultant wojew&oacute;dzki w dziedzinie toksykologii, kierownik Kliniki Toksykologii i Chor&oacute;b \u015arodowiskowych Uniwersytetu Jagiello\u0144skiego Collegium Medicum.<\/p>\n<p style=\"text-align: justify;\">Tematem przewodnim trzeciej cz\u0119\u015bci konferencji by\u0142y konsekwencje zdrowotne i spo\u0142eczne jakie niesie za sob\u0105 przyjmowanie nowych \u015brodk&oacute;w psychoaktywnych. Na podstawie w\u0142asnych obserwacji i do\u015bwiadcze\u0144 wynikaj\u0105cych ze wsp&oacute;\u0142pracy z osobami uzale\u017cnionymi i wieloaspektowej wiedzy w tym zakresie dostarczy\u0142 Bartosz Michalewski &ndash; streetworker, pracownik Poradni i Profilaktyki Terapii Uzale\u017cnie\u0144 MONAR. Nast\u0119pnie dr Karolina Kmiecik-Jusi\u0119ga nakre\u015bli\u0142a tematyk\u0119 profilaktyki zintegrowanej jako najw\u0142a\u015bciwszej metody przeciwdzia\u0142ania ryzykownym zachowaniom w\u015br&oacute;d m\u0142odzie\u017cy. Aspekt autorytetu w\u015br&oacute;d m\u0142odzie\u017cy i ich w\u0142\u0105czeniu w realizacj\u0119 dzia\u0142a\u0144 profilaktycznych sta\u0142y si\u0119 przedmiotem gor\u0105cej dyskusji uczestnik&oacute;w z prelegentk\u0105. O aktualnych jak i przysz\u0142ych dzia\u0142aniach promuj\u0105cych zdrowy styl \u017cycia, podejmowanych przez Wojew&oacute;dzk\u0105 Stacj\u0119 Sanitarno-Epidemiologiczn\u0105 opowiedzia\u0142a Magdalena Koperny &ndash; kierownik Dzia\u0142u Zdrowia Publicznego i&nbsp;Promocji Zdrowia w WSSE w Krakowie. Konferencj\u0119 zwie\u0144czy\u0142o wyst\u0105pienie p. Romana Lachowolskiego &ndash; Prezesa Fundacji Dru\u017cyna Mistrz&oacute;w, kt&oacute;ry podzieli\u0142 si\u0119 histori\u0105 powstania Fundacji oraz jej dzia\u0142alno\u015bci\u0105, maj\u0105c\u0105 na celu motywowanie i wspieranie m\u0142odzie\u017cy w realizowaniu swoich cel&oacute;w oraz przeciwdzia\u0142anie uzale\u017cnieniom, szczeg&oacute;lnie tych, powodowanych przez \u015brodki zast\u0119pcze. Ka\u017cdy z s\u0142uchaczy otrzyma\u0142 materia\u0142y konferencyjne i certyfikat b\u0119d\u0105cy potwierdzeniem udzia\u0142u w &nbsp;konferencji.<\/p>\n<p style=\"text-align: justify;\">Konferencja spotka\u0142a si\u0119 z pozytywnym odbiorem uczestnik&oacute;w, kt&oacute;rzy r&oacute;wnie\u017c w przerwach ch\u0119tnie podejmowali dyskusj\u0119 z prelegentami i innymi osobami bior\u0105cymi w niej udzia\u0142. Zainteresowanie wydarzeniem wyrazi\u0142y r&oacute;wnie\u017c media. Obecno\u015bci\u0105 zaszczycili nas: Radio Krak&oacute;w, Polskie Radio, Telewizja TVP Krak&oacute;w, TVN 24 oraz Telewizja TRWAM.<\/p>\n<p style=\"text-align: justify;\">Po zako\u0144czonej naukowej cz\u0119\u015bci konferencji skierowanej do doros\u0142ych, odby\u0142a si\u0119 druga cz\u0119\u015b\u0107 edukacyjna dla m\u0142odzie\u017cy z udzia\u0142em Prezesa Fundacji Dru\u017cyna Mistrz&oacute;w &ndash; Romana Lachowolskiego, psychologa Instytutu Psychologii Uniwersytetu Jagiello\u0144skiego &ndash;<span style=\"font-family: 'Tahoma',sans-serif;\"> <\/span>dr \u0141ukasza Szwejki i sportowca Marcina Molsa. Celem spotkania edukacyjnego by\u0142o przedstawienie m\u0142odzie\u017cy zagro\u017ce\u0144 i&nbsp;negatywnych konsekwencji dla zdrowia i \u017cycia wynikaj\u0105cych z u\u017cywania \u015brodk&oacute;w zast\u0119pczych a&nbsp;nast\u0119pnie przedstawienie m\u0142odym ludziom alternatywnych sposob&oacute;w sp\u0119dzania wolnego czasu, sposob&oacute;w na poszukiwanie i rozwijanie pasji i zainteresowa\u0144, budowanie poczucia w\u0142asnej warto\u015bci i&nbsp;postawy asertywnej.<span style=\"font-family: 'Tahoma',sans-serif;\"> <\/span>W warsztatach wzi\u0119\u0142o udzia\u0142 ponad 100 uczni&oacute;w szk&oacute;\u0142 gimnazjalnych, ponadgimnazjalnych w tym tak\u017ce wychowank&oacute;w dom&oacute;w dziecka i plac&oacute;wek opieku\u0144czo-wychowawczych.<\/p>\n<p>&nbsp;<\/p>\n<p><img loading=\"lazy\" decoding=\"async\" class=\" alignleft size-full wp-image-1890\" src=\"http:\/\/wsse.krakow.pl\/page\/wp-content\/uploads\/2016\/11\/dop411_02.png\" alt=\"dop411 02\" style=\"float: left;\" width=\"580\" height=\"326\" srcset=\"https:\/\/wsse.krakow.pl\/page\/wp-content\/uploads\/2016\/11\/dop411_02.png 580w, https:\/\/wsse.krakow.pl\/page\/wp-content\/uploads\/2016\/11\/dop411_02-150x84.png 150w, https:\/\/wsse.krakow.pl\/page\/wp-content\/uploads\/2016\/11\/dop411_02-300x169.png 300w\" sizes=\"auto, (max-width: 580px) 100vw, 580px\" \/><\/p>\n<p>&nbsp;<\/p>\n<p><img loading=\"lazy\" decoding=\"async\" class=\" size-full wp-image-1891\" src=\"http:\/\/wsse.krakow.pl\/page\/wp-content\/uploads\/2016\/11\/dop411_04.png\" alt=\"dop411 04\" width=\"580\" height=\"326\" srcset=\"https:\/\/wsse.krakow.pl\/page\/wp-content\/uploads\/2016\/11\/dop411_04.png 580w, https:\/\/wsse.krakow.pl\/page\/wp-content\/uploads\/2016\/11\/dop411_04-150x84.png 150w, https:\/\/wsse.krakow.pl\/page\/wp-content\/uploads\/2016\/11\/dop411_04-300x169.png 300w\" sizes=\"auto, (max-width: 580px) 100vw, 580px\" \/><\/p>\n<p><img loading=\"lazy\" decoding=\"async\" class=\" alignleft size-full wp-image-1892\" src=\"http:\/\/wsse.krakow.pl\/page\/wp-content\/uploads\/2016\/11\/dop411_06.png\" alt=\"dop411 06\" style=\"float: left;\" width=\"580\" height=\"326\" srcset=\"https:\/\/wsse.krakow.pl\/page\/wp-content\/uploads\/2016\/11\/dop411_06.png 580w, https:\/\/wsse.krakow.pl\/page\/wp-content\/uploads\/2016\/11\/dop411_06-150x84.png 150w, https:\/\/wsse.krakow.pl\/page\/wp-content\/uploads\/2016\/11\/dop411_06-300x169.png 300w\" sizes=\"auto, (max-width: 580px) 100vw, 580px\" \/><\/p>\n<p>&nbsp;<\/p>\n<p>&nbsp;<\/p>\n<p>&nbsp;<\/p>\n<p>&nbsp;<\/p>\n<p>&nbsp;<\/p>\n<p>&nbsp;<\/p>\n<p>&nbsp;<\/p>\n<p>&nbsp;<\/p>\n<p>&nbsp;<\/p>\n<p>&nbsp;<\/p>\n<p>&nbsp;<\/p>\n<p>&nbsp;<\/p>\n<p>&nbsp;<\/p>\n<p>&nbsp;<\/p>\n<p><img loading=\"lazy\" decoding=\"async\" class=\" size-full wp-image-1893\" src=\"http:\/\/wsse.krakow.pl\/page\/wp-content\/uploads\/2016\/11\/dop411_11.png\" alt=\"dop411 11\" width=\"580\" height=\"326\" srcset=\"https:\/\/wsse.krakow.pl\/page\/wp-content\/uploads\/2016\/11\/dop411_11.png 580w, https:\/\/wsse.krakow.pl\/page\/wp-content\/uploads\/2016\/11\/dop411_11-150x84.png 150w, https:\/\/wsse.krakow.pl\/page\/wp-content\/uploads\/2016\/11\/dop411_11-300x169.png 300w\" sizes=\"auto, (max-width: 580px) 100vw, 580px\" \/><\/p>\n<p><img loading=\"lazy\" decoding=\"async\" class=\" alignleft size-full wp-image-1894\" src=\"http:\/\/wsse.krakow.pl\/page\/wp-content\/uploads\/2016\/11\/dop411_21.png\" alt=\"dop411 21\" style=\"float: left;\" width=\"580\" height=\"326\" srcset=\"https:\/\/wsse.krakow.pl\/page\/wp-content\/uploads\/2016\/11\/dop411_21.png 580w, https:\/\/wsse.krakow.pl\/page\/wp-content\/uploads\/2016\/11\/dop411_21-150x84.png 150w, https:\/\/wsse.krakow.pl\/page\/wp-content\/uploads\/2016\/11\/dop411_21-300x169.png 300w\" sizes=\"auto, (max-width: 580px) 100vw, 580px\" \/><\/p>\n<p><img loading=\"lazy\" decoding=\"async\" class=\" size-full wp-image-1895\" src=\"http:\/\/wsse.krakow.pl\/page\/wp-content\/uploads\/2016\/11\/dop411_15.png\" alt=\"dop411 15\" width=\"580\" height=\"326\" srcset=\"https:\/\/wsse.krakow.pl\/page\/wp-content\/uploads\/2016\/11\/dop411_15.png 580w, https:\/\/wsse.krakow.pl\/page\/wp-content\/uploads\/2016\/11\/dop411_15-150x84.png 150w, https:\/\/wsse.krakow.pl\/page\/wp-content\/uploads\/2016\/11\/dop411_15-300x169.png 300w\" sizes=\"auto, (max-width: 580px) 100vw, 580px\" \/><\/p>\n<p><img loading=\"lazy\" decoding=\"async\" class=\" size-full wp-image-1896\" src=\"http:\/\/wsse.krakow.pl\/page\/wp-content\/uploads\/2016\/11\/dop411_16.png\" alt=\"dop411 16\" width=\"580\" height=\"326\" srcset=\"https:\/\/wsse.krakow.pl\/page\/wp-content\/uploads\/2016\/11\/dop411_16.png 580w, https:\/\/wsse.krakow.pl\/page\/wp-content\/uploads\/2016\/11\/dop411_16-150x84.png 150w, https:\/\/wsse.krakow.pl\/page\/wp-content\/uploads\/2016\/11\/dop411_16-300x169.png 300w\" sizes=\"auto, (max-width: 580px) 100vw, 580px\" \/><\/p>\n<p>Magdalena Dro\u017adzik<br \/>El\u017cbieta Kuras<br \/>Dzia\u0142 Zdrowia Publicznego i Promocji Zdrowia<br \/>Data wprowadenia: 8 listopada 2016 r.<br \/>Data ostatniej aktualizacji: 8 listopada 2016 r.<\/p>\n<!-- WP Attachments -->\r\n        <div style=\"width:100%;margin:10px 0 10px 0;\">\r\n            <h3>Pliki do pobrania:<\/h3>\r\n        <ul class=\"post-attachments\"><li class=\"post-attachment mime-image-jpeg\"><a href=\"https:\/\/wsse.krakow.pl\/page\/relacja-z-konferencji-dopalacze-dlaczego-sa-tak-niebezpieczne-2\/?download=1889\">glowo laogo<\/a> <small>(17 kB)<\/small><\/li><li class=\"post-attachment mime-image-png\"><a href=\"https:\/\/wsse.krakow.pl\/page\/relacja-z-konferencji-dopalacze-dlaczego-sa-tak-niebezpieczne-2\/?download=1890\">dop411 02<\/a> <small>(261 kB)<\/small><\/li><li class=\"post-attachment mime-image-png\"><a href=\"https:\/\/wsse.krakow.pl\/page\/relacja-z-konferencji-dopalacze-dlaczego-sa-tak-niebezpieczne-2\/?download=1891\">dop411 04<\/a> <small>(220 kB)<\/small><\/li><li class=\"post-attachment mime-image-png\"><a href=\"https:\/\/wsse.krakow.pl\/page\/relacja-z-konferencji-dopalacze-dlaczego-sa-tak-niebezpieczne-2\/?download=1892\">dop411 06<\/a> <small>(222 kB)<\/small><\/li><li class=\"post-attachment mime-image-png\"><a href=\"https:\/\/wsse.krakow.pl\/page\/relacja-z-konferencji-dopalacze-dlaczego-sa-tak-niebezpieczne-2\/?download=1893\">dop411 11<\/a> <small>(230 kB)<\/small><\/li><li class=\"post-attachment mime-image-png\"><a href=\"https:\/\/wsse.krakow.pl\/page\/relacja-z-konferencji-dopalacze-dlaczego-sa-tak-niebezpieczne-2\/?download=1894\">dop411 21<\/a> <small>(209 kB)<\/small><\/li><li class=\"post-attachment mime-image-png\"><a href=\"https:\/\/wsse.krakow.pl\/page\/relacja-z-konferencji-dopalacze-dlaczego-sa-tak-niebezpieczne-2\/?download=1895\">dop411 15<\/a> <small>(265 kB)<\/small><\/li><li class=\"post-attachment mime-image-png\"><a href=\"https:\/\/wsse.krakow.pl\/page\/relacja-z-konferencji-dopalacze-dlaczego-sa-tak-niebezpieczne-2\/?download=1896\">dop411 16<\/a> <small>(308 kB)<\/small><\/li><\/ul><\/div>","protected":false},"excerpt":{"rendered":"<p style=\"text-align: justify;\"><img loading=\"lazy\" decoding=\"async\" class=\" alignright size-full wp-image-1889\" src=\"http:\/\/wsse.krakow.pl\/page\/wp-content\/uploads\/2016\/11\/glowo_laogo.jpg\" alt=\"glowo laogo\" width=\"154\" height=\"220\" style=\"float: right;\" \/>4 listopada 2016 r. w Centrum Konferencyjno-Szkoleniowym Krakowskiego Szpitala Specjalistycznego im. Jana Paw\u0142a II w Krakowie odby\u0142a si\u0119 konferencja pt.: &bdquo;Dopalacze &ndash; dlaczego s\u0105 tak niebezpieczne?&rdquo;, kt&oacute;rej organizatorem by\u0142 G\u0142&oacute;wny Inspektorat Sanitarny i Wojew&oacute;dzka Stacja Sanitarno-Epidemiologiczna w Krakowie. Celem jaki przy\u015bwieca\u0142 konferencji, by\u0142o zaprezentowanie uczestnikom zagro\u017ce\u0144 dla zdrowia publicznego stwarzanych przez tzw. &bdquo;dopalacze&rdquo; oraz u\u015bwiadomienie, \u017ce wsp&oacute;\u0142praca organ&oacute;w nadzoru uzupe\u0142niona o odpowiednie dzia\u0142ania edukacyjne jest jedyn\u0105 skuteczn\u0105 strategi\u0105 walki z &bdquo;dopalaczami&rdquo;. Adresatami konferencji by\u0142y grupy, kt&oacute;re ze wzgl\u0119du na charakter swojej pracy, mog\u0105 mie\u0107 bezpo\u015bredni kontakt z osobami przyjmuj\u0105cymi nowe \u015brodki psychoaktywne tj. zespo\u0142y ratownictwa medycznego oraz personel szpitalnych oddzia\u0142&oacute;w ratunkowych, pracownicy plac&oacute;wek opieku\u0144czo-wychowawczych, pracownicy o\u015brodk&oacute;w pomocy spo\u0142ecznej oraz pracownicy organ&oacute;w Pa\u0144stwowej Inspekcji Sanitarnej wojew&oacute;dztwa ma\u0142opolskiego.<\/p>\n<p style=\"text-align: justify;\">Swoj\u0105 obecno\u015bci\u0105 na konferencji zaszczycili nas liczni go\u015bcie min.: Ma\u0142gorzata Lechowicz &ndash; przedstawiciel Wojewody Ma\u0142opolskiego, zast\u0119pca Dyrektora Wydzia\u0142u Polityki Spo\u0142ecznej Ma\u0142opolskiego Urz\u0119du Wojew&oacute;dzkiego; Ma\u0142gorzata Pop\u0142awska &ndash; Dyrektor Krakowskiego Pogotowia Ratunkowego; Krystyna Teresa W\u0142osik &ndash; przedstawiciel Biura ds. Ochrony Zdrowia Urz\u0119du Miasta Krakowa; Pawe\u0142 Poche\u0107 &ndash; Pa\u0144stwowy Inspektor MSW; Adam Chrapisi\u0144ski &ndash; Dyrektor Miejskiego Centrum Profilaktyki Uzale\u017cnie\u0144 w Krakowie oraz Pa\u0144stwowi Powiatowi Inspektorzy Sanitarni woj. ma\u0142opolskiego.<\/p>\n<p style=\"text-align: justify;\">Uroczystego powitania licznie zgromadzonych uczestnik&oacute;w dokona\u0142 Jaros\u0142aw Foremny &ndash; Ma\u0142opolski Pa\u0144stwowy Wojew&oacute;dzki Inspektor Sanitarny, Ewa Waluk &ndash; radca G\u0142&oacute;wnego Inspektora Sanitarnego; Departament Nadzoru nad \u015arodkami Zast\u0119pczymi G\u0142&oacute;wnego Inspektoratu Sanitarnego; Rafa\u0142 Babi\u0144ski &shy;&ndash; Prokurator Okr\u0119gowy Prokuratury Okr\u0119gowej w Krakowie.<\/p>\n","protected":false},"author":1,"featured_media":0,"comment_status":"closed","ping_status":"closed","sticky":false,"template":"","format":"standard","meta":{"_monsterinsights_skip_tracking":false,"_monsterinsights_sitenote_active":false,"_monsterinsights_sitenote_note":"","_monsterinsights_sitenote_category":0,"footnotes":""},"categories":[40],"tags":[],"class_list":["post-1897","post","type-post","status-publish","format-standard","hentry","category-promocja-zdrowia"],"_links":{"self":[{"href":"https:\/\/wsse.krakow.pl\/page\/wp-json\/wp\/v2\/posts\/1897","targetHints":{"allow":["GET"]}}],"collection":[{"href":"https:\/\/wsse.krakow.pl\/page\/wp-json\/wp\/v2\/posts"}],"about":[{"href":"https:\/\/wsse.krakow.pl\/page\/wp-json\/wp\/v2\/types\/post"}],"author":[{"embeddable":true,"href":"https:\/\/wsse.krakow.pl\/page\/wp-json\/wp\/v2\/users\/1"}],"replies":[{"embeddable":true,"href":"https:\/\/wsse.krakow.pl\/page\/wp-json\/wp\/v2\/comments?post=1897"}],"version-history":[{"count":0,"href":"https:\/\/wsse.krakow.pl\/page\/wp-json\/wp\/v2\/posts\/1897\/revisions"}],"wp:attachment":[{"href":"https:\/\/wsse.krakow.pl\/page\/wp-json\/wp\/v2\/media?parent=1897"}],"wp:term":[{"taxonomy":"category","embeddable":true,"href":"https:\/\/wsse.krakow.pl\/page\/wp-json\/wp\/v2\/categories?post=1897"},{"taxonomy":"post_tag","embeddable":true,"href":"https:\/\/wsse.krakow.pl\/page\/wp-json\/wp\/v2\/tags?post=1897"}],"curies":[{"name":"wp","href":"https:\/\/api.w.org\/{rel}","templated":true}]}}