{"id":1899,"date":"2016-11-10T12:23:23","date_gmt":"2016-11-10T11:23:23","guid":{"rendered":"http:\/\/wsse.krakow.pl\/page\/przeziebienie-grypa-zdrowiej-bez-antybiotykow-2\/"},"modified":"2016-11-10T12:23:23","modified_gmt":"2016-11-10T11:23:23","slug":"przeziebienie-grypa-zdrowiej-bez-antybiotykow-2","status":"publish","type":"post","link":"https:\/\/wsse.krakow.pl\/page\/przeziebienie-grypa-zdrowiej-bez-antybiotykow-2\/","title":{"rendered":"PRZEZI\u0118BIENIE, GRYPA \u2013 ZDROWIEJ BEZ ANTYBIOTYK\u00d3W!"},"content":{"rendered":"<p style=\"text-align: justify;\"><strong><span style=\"font-size: 11pt; line-height: 115%; font-family: 'Tahoma',sans-serif;\"><img loading=\"lazy\" decoding=\"async\" class=\" alignleft size-full wp-image-1898\" src=\"http:\/\/wsse.krakow.pl\/page\/wp-content\/uploads\/2016\/11\/EDWA.jpg\" alt=\"EDWA\" style=\"float: left;\" width=\"241\" height=\"222\" srcset=\"https:\/\/wsse.krakow.pl\/page\/wp-content\/uploads\/2016\/11\/EDWA.jpg 241w, https:\/\/wsse.krakow.pl\/page\/wp-content\/uploads\/2016\/11\/EDWA-150x138.jpg 150w\" sizes=\"auto, (max-width: 241px) 100vw, 241px\" \/>Europejski Dzie\u0144 Wiedzy o Antybiotykach<\/span><\/strong><span style=\"font-size: 11pt; line-height: 115%; font-family: 'Tahoma',sans-serif;\"> (EAAD, ang. <\/span><span style=\"font-size: 11pt; line-height: 115%; font-family: 'Tahoma',sans-serif;\">European Antibiotic. Awareness Day)<\/span><span style=\"font-size: 11pt; line-height: 115%; font-family: 'Tahoma',sans-serif;\"> &ndash; <\/span><span style=\"font-size: 11pt; line-height: 115%; font-family: 'Tahoma',sans-serif;\">ustanowiony w 2008 roku przez Komisj\u0119 Europejsk\u0105 na wniosek Europejskiego Centrum Zapobiegania i Kontroli Chor&oacute;b, <\/span><span style=\"font-size: 11pt; line-height: 115%; font-family: 'Tahoma',sans-serif;\">obchodzony jest ka\u017cdego roku w dniu <strong>18 listopada.<\/strong> <\/span><\/p>\n<p style=\"margin-bottom: 0.0001pt; text-align: justify;\"><span style=\"font-size: 11pt; line-height: 115%; font-family: 'Tahoma',sans-serif;\">Ta europejska inicjatywa w zakresie zdrowia publicznego ma na celu upowszechnianie wiedzy o zagro\u017ceniach wynikaj\u0105cych z niew\u0142a\u015bciwego stosowania antybiotyk&oacute;w. <\/span><span style=\"font-size: 11pt; line-height: 115%; font-family: 'Tahoma',sans-serif;\">Kampania ma zwr&oacute;ci\u0107 uwag\u0119 na to, \u017ce nieracjonalne stosowanie antybiotyk&oacute;w grozi utrat\u0105 ich skuteczno\u015bci, co stanowi powa\u017cne zagro\u017cenie dla zdrowia przysz\u0142ych pokole\u0144. Chodzi o zaanga\u017cowanie jak najwi\u0119kszej liczby instytucji, \u015brodowisk eksperckich i \u015brodk&oacute;w masowego przekazu do zwi\u0119kszenia \u015bwiadomo\u015bci spo\u0142ecze\u0144stwa w temacie narastaj\u0105cej oporno\u015bci bakterii na antybiotyki.<\/span><\/p>\n<p style=\"margin-bottom: 0.0001pt; text-align: justify;\"><span style=\"font-size: 11pt; line-height: 115%; font-family: 'Tahoma',sans-serif;\">Antybiotyooporno\u015b\u0107 jest jednym z najwi\u0119kszych wsp&oacute;\u0142czesnych zagro\u017ce\u0144 &ndash; oceniaj\u0105 eksperci, przypominaj\u0105c, \u017ce antybiotyki powinny by\u0107 stosowane tylko wtedy, kiedy to naprawd\u0119 konieczne i zgodnie z zaleceniami lekarza.<\/span><span style=\"font-size: 11pt; line-height: 115%; font-family: 'Tahoma',sans-serif;\"> Do oporno\u015bci bakterii na te leki przyczynia si\u0119 r&oacute;wnie\u017c ich nadu\u017cywanie w hodowli zwierz\u0105t (antybiotyki podawane s\u0105 dla zwi\u0119kszenia przyrostu masy mi\u0119\u015bniowej zwierz\u0105t). <\/span><\/p>\n<p>&nbsp;<\/p>\n<p style=\"text-align: justify;\"><strong><span style=\"font-size: 11pt; line-height: 115%; font-family: 'Tahoma',sans-serif;\">Pami\u0119tajmy! <\/span><\/strong><\/p>\n<ul style=\"text-align: justify;\">\n<li><span style=\"font-size: 11pt; line-height: 115%; font-family: 'Tahoma',sans-serif;\">Antybiotyki &#8211; niekoniecznie, nie zawsze, nie na wszystko <\/span><\/li>\n<li><span style=\"font-size: 11pt; line-height: 115%; font-family: 'Tahoma',sans-serif;\">Gryp\u0119, przezi\u0119bienia wywo\u0142uj\u0105 wirusy, na kt&oacute;re antybiotyki nie dzia\u0142aj\u0105 &ndash; dlatego antybiotyk w ich leczeniu nie jest potrzebny.<\/span><span style=\"font-size: 11pt; line-height: 115%; font-family: 'Tahoma',sans-serif;\"> <br \/><\/span><\/li>\n<\/ul>\n<p style=\"margin-bottom: 0.0001pt; text-align: justify;\"><span style=\"font-size: 11pt; line-height: 115%; font-family: 'Tahoma',sans-serif;\">W obchody Europejskiego Dnia Wiedzy o Antybiotykach po raz kolejny zaanga\u017cowa\u0142a si\u0119 r&oacute;wnie\u017c Pa\u0144stwowa Inspekcja Sanitarna na terenie Ma\u0142opolski, kt&oacute;ra prowadzi dzia\u0142ania informacyjne w\u015br&oacute;d mieszka\u0144c&oacute;w wojew&oacute;dztwa ma\u0142opolskiego ze szczeg&oacute;lnym uwzgl\u0119dnieniem personelu medycznego i pacjent&oacute;w podmiot&oacute;w leczniczych.<\/span><\/p>\n<p style=\"margin-bottom: 0.0001pt; text-align: justify;\"><span style=\"font-size: 11pt; line-height: 115%; font-family: 'Tahoma',sans-serif;\">W Polsce koordynatorem akcji jest Narodowy Instytut Lek&oacute;w, prowadz\u0105cy dzia\u0142ania <br \/> w ramach Narodowego Programu Ochrony Antybiotyk&oacute;w.<\/span><\/p>\n<p style=\"margin-bottom: 0.0001pt;\"><span style=\"font-size: 9pt; line-height: 115%; font-family: 'Tahoma',sans-serif;\"><\/span><\/p>\n<p style=\"margin-bottom: 0.0001pt;\"><span style=\"font-size: 9pt; line-height: 115%; font-family: 'Tahoma',sans-serif;\">Wi\u0119cej informacji:<\/span><\/p>\n<p style=\"margin-bottom: 0.0001pt;\"><a href=\"http:\/\/www.antybiotyki.edu.pl\"><span style=\"font-size: 9pt; line-height: 115%; font-family: 'Tahoma',sans-serif;\">http:\/\/www.antybiotyki.edu.pl<\/span><\/a><\/p>\n<p style=\"margin-bottom: 0.0001pt; line-height: normal;\"><a href=\"http:\/\/www.kalbi.pl\/europejski-dzien-wiedzy-o-antybiotykach\"><span style=\"font-size: 9pt; font-family: 'Tahoma',sans-serif;\">http:\/\/www.kalbi.pl\/europejski-dzien-wiedzy-o-antybiotykach<\/span><\/a><\/p>\n<p style=\"margin-bottom: 0.0001pt; line-height: normal;\"><a href=\"http:\/\/ecdc.europa.eu\/en\/eaad\/Pages\/Home.aspx\"><span style=\"font-size: 9pt; font-family: 'Tahoma',sans-serif;\">http:\/\/ecdc.europa.eu\/en\/eaad\/Pages\/Home.aspx<\/span><\/a><span style=\"font-size: 9pt; font-family: 'Tahoma',sans-serif;\"> <\/span><\/p>\n<p style=\"margin-bottom: 0.0001pt;\"><span style=\"text-decoration: underline;\"><span style=\"text-decoration: none;\"><\/span><\/span><\/p>\n<p style=\"margin-bottom: 0.0001pt; text-align: left; line-height: normal;\">Bogus\u0142awa \u017bo\u0142y\u0144ska<br \/>Dzia\u0142 Zdrowia Publicznego i Promocji Zdrowia<br \/>Data wprowadzenia: 10 listopada 2016<br \/>Data ostatniej aktualizacji: 10 listopada 2016<\/p>\n<!-- WP Attachments -->\r\n        <div style=\"width:100%;margin:10px 0 10px 0;\">\r\n            <h3>Pliki do pobrania:<\/h3>\r\n        <ul class=\"post-attachments\"><li class=\"post-attachment mime-image-jpeg\"><a href=\"https:\/\/wsse.krakow.pl\/page\/przeziebienie-grypa-zdrowiej-bez-antybiotykow-2\/?download=1898\">EDWA<\/a> <small>(12 kB)<\/small><\/li><\/ul><\/div>","protected":false},"excerpt":{"rendered":"<p style=\"text-align: justify;\"><strong><span style=\"font-size: 11pt; line-height: 115%; font-family: 'Tahoma',sans-serif;\"><img loading=\"lazy\" decoding=\"async\" class=\" alignleft size-full wp-image-1898\" src=\"http:\/\/wsse.krakow.pl\/page\/wp-content\/uploads\/2016\/11\/EDWA.jpg\" alt=\"EDWA\" style=\"float: left;\" width=\"241\" height=\"222\" srcset=\"https:\/\/wsse.krakow.pl\/page\/wp-content\/uploads\/2016\/11\/EDWA.jpg 241w, https:\/\/wsse.krakow.pl\/page\/wp-content\/uploads\/2016\/11\/EDWA-150x138.jpg 150w\" sizes=\"auto, (max-width: 241px) 100vw, 241px\" \/>Europejski Dzie\u0144 Wiedzy o Antybiotykach<\/span><\/strong><span style=\"font-size: 11pt; line-height: 115%; font-family: 'Tahoma',sans-serif;\"> (EAAD, ang. <\/span><span style=\"font-size: 11pt; line-height: 115%; font-family: 'Tahoma',sans-serif;\">European Antibiotic. Awareness Day)<\/span><span style=\"font-size: 11pt; line-height: 115%; font-family: 'Tahoma',sans-serif;\"> &ndash; <\/span><span style=\"font-size: 11pt; line-height: 115%; font-family: 'Tahoma',sans-serif;\">ustanowiony w 2008 roku przez Komisj\u0119 Europejsk\u0105 na wniosek Europejskiego Centrum Zapobiegania i Kontroli Chor&oacute;b, <\/span><span style=\"font-size: 11pt; line-height: 115%; font-family: 'Tahoma',sans-serif;\">obchodzony jest ka\u017cdego roku w dniu <strong>18 listopada.<\/strong> <\/span><\/p>\n<p style=\"margin-bottom: 0.0001pt; text-align: justify;\"><span style=\"font-size: 11pt; line-height: 115%; font-family: 'Tahoma',sans-serif;\">Ta europejska inicjatywa w zakresie zdrowia publicznego ma na celu upowszechnianie wiedzy o zagro\u017ceniach wynikaj\u0105cych z niew\u0142a\u015bciwego stosowania antybiotyk&oacute;w. <\/span><span style=\"font-size: 11pt; line-height: 115%; font-family: 'Tahoma',sans-serif;\">Kampania ma zwr&oacute;ci\u0107 uwag\u0119 na to, \u017ce nieracjonalne stosowanie antybiotyk&oacute;w grozi utrat\u0105 ich skuteczno\u015bci, co stanowi powa\u017cne zagro\u017cenie dla zdrowia przysz\u0142ych pokole\u0144. Chodzi o zaanga\u017cowanie jak najwi\u0119kszej liczby instytucji, \u015brodowisk eksperckich i \u015brodk&oacute;w masowego przekazu do zwi\u0119kszenia \u015bwiadomo\u015bci spo\u0142ecze\u0144stwa w temacie narastaj\u0105cej oporno\u015bci bakterii na antybiotyki.<\/span><\/p>\n<p style=\"margin-bottom: 0.0001pt; text-align: justify;\"><span style=\"font-size: 11pt; line-height: 115%; font-family: 'Tahoma',sans-serif;\">Antybiotyooporno\u015b\u0107 jest jednym z najwi\u0119kszych wsp&oacute;\u0142czesnych zagro\u017ce\u0144 &ndash; oceniaj\u0105 eksperci, przypominaj\u0105c, \u017ce antybiotyki powinny by\u0107 stosowane tylko wtedy, kiedy to naprawd\u0119 konieczne i zgodnie z zaleceniami lekarza.<\/span><span style=\"font-size: 11pt; line-height: 115%; font-family: 'Tahoma',sans-serif;\"> Do oporno\u015bci bakterii na te leki przyczynia si\u0119 r&oacute;wnie\u017c ich nadu\u017cywanie w hodowli zwierz\u0105t (antybiotyki podawane s\u0105 dla zwi\u0119kszenia przyrostu masy mi\u0119\u015bniowej zwierz\u0105t). <\/span><\/p>\n","protected":false},"author":1,"featured_media":0,"comment_status":"closed","ping_status":"closed","sticky":false,"template":"","format":"standard","meta":{"_monsterinsights_skip_tracking":false,"_monsterinsights_sitenote_active":false,"_monsterinsights_sitenote_note":"","_monsterinsights_sitenote_category":0,"footnotes":""},"categories":[40],"tags":[],"class_list":["post-1899","post","type-post","status-publish","format-standard","hentry","category-promocja-zdrowia"],"_links":{"self":[{"href":"https:\/\/wsse.krakow.pl\/page\/wp-json\/wp\/v2\/posts\/1899","targetHints":{"allow":["GET"]}}],"collection":[{"href":"https:\/\/wsse.krakow.pl\/page\/wp-json\/wp\/v2\/posts"}],"about":[{"href":"https:\/\/wsse.krakow.pl\/page\/wp-json\/wp\/v2\/types\/post"}],"author":[{"embeddable":true,"href":"https:\/\/wsse.krakow.pl\/page\/wp-json\/wp\/v2\/users\/1"}],"replies":[{"embeddable":true,"href":"https:\/\/wsse.krakow.pl\/page\/wp-json\/wp\/v2\/comments?post=1899"}],"version-history":[{"count":0,"href":"https:\/\/wsse.krakow.pl\/page\/wp-json\/wp\/v2\/posts\/1899\/revisions"}],"wp:attachment":[{"href":"https:\/\/wsse.krakow.pl\/page\/wp-json\/wp\/v2\/media?parent=1899"}],"wp:term":[{"taxonomy":"category","embeddable":true,"href":"https:\/\/wsse.krakow.pl\/page\/wp-json\/wp\/v2\/categories?post=1899"},{"taxonomy":"post_tag","embeddable":true,"href":"https:\/\/wsse.krakow.pl\/page\/wp-json\/wp\/v2\/tags?post=1899"}],"curies":[{"name":"wp","href":"https:\/\/api.w.org\/{rel}","templated":true}]}}