{"id":190,"date":"2013-08-13T08:36:55","date_gmt":"2013-08-13T06:36:55","guid":{"rendered":"http:\/\/wsse.krakow.pl\/page\/relacja-z-konferencji-prasowej-inaugurujacej-projekt-kik-68\/"},"modified":"2013-08-13T08:36:55","modified_gmt":"2013-08-13T06:36:55","slug":"relacja-z-konferencji-prasowej-inaugurujacej-projekt-kik-68","status":"publish","type":"post","link":"https:\/\/wsse.krakow.pl\/page\/relacja-z-konferencji-prasowej-inaugurujacej-projekt-kik-68\/","title":{"rendered":"Relacja z konferencji prasowej inauguruj\u0105cej Projekt KIK\/68"},"content":{"rendered":"<p style=\"text-align: justify;\"> \t<img loading=\"lazy\" decoding=\"async\" class=\" alignleft size-full wp-image-120\" alt=\"\" src=\"http:\/\/wsse.krakow.pl\/page\/wp-content\/uploads\/2013\/07\/logo_swiss.png\" style=\"width: 160px; height: 60px; float: left; margin: 3px;\" width=\"230\" height=\"60\" \/><\/p>\n<p style=\"text-align: justify;\"> \tW dniu 8 sierpnia 2013 r. w Wojew\u00f3dzkiej Stacji Sanitarno \u2013 Epidemiologicznej odby\u0142a si\u0119 konferencja prasowa rozpoczynaj\u0105ca wojew\u00f3dzk\u0105 kampani\u0119 spo\u0142eczn\u0105 <strong>\u201eChro\u0144my dzieci przed dymem tytoniowym<\/strong>\u201d realizowan\u0105 w ramach Projektu KIK\/68 &#8211; <strong>\u201eProfilaktycznego programu w zakresie przeciwdzia\u0142ania uzale\u017cnienia od alkoholu, tytoniu &nbsp;i innych \u015brodk\u00f3w psychoaktywnych\u201d <\/strong>wsp\u00f3\u0142finansowanego w ramach Szwajcarsko-Polskiego Programu Wsp\u00f3\u0142pracy.<\/p>\n<p style=\"text-align: justify;\"> \tInauguracji Projektu dokona\u0142a Pani dr n. med. Ma\u0142gorzata Ba\u0142a \u2013 z-ca Ma\u0142opolskiego Pa\u0144stwowego Wojew\u00f3dzkiego Inspektora Sanitarnego. Pracownicy Oddzia\u0142u O\u015bwiaty Zdrowotnej i Promocji Zdrowia WSSE w Krakowie przedstawili za\u0142o\u017cenia i cele Projektu oraz informacj\u0119 na temat rozpoczynaj\u0105cej si\u0119 kampanii spo\u0142ecznej \u201eChro\u0144my dzieci przed dymem tytoniowym\u201d.<\/p>\n<p style=\"text-align: justify;\"> \tNast\u0119pnie g\u0142os zabrali przedstawiciele instytucji &nbsp;b\u0119d\u0105cych partnerami kampanii:<\/p>\n<ul>\n<li style=\"text-align: justify;\"> \t\tProf.&nbsp; dr hab. med. Krzysztof Fyderek \u2013 Konsultant&nbsp; Wojew\u00f3dzki ds. pediatrii, kierownik Kliniki Pediatrii, Gastroenterologii i \u017bywienia Uniwersyteckiego Szpitala Dzieci\u0119cego w Krakowie,<\/li>\n<li style=\"text-align: justify;\"> \t\tLek. med. Magdalena Wo\u017aniak \u2013 pediatra z&nbsp; Wojew\u00f3dzkiego&nbsp; Specjalistycznego&nbsp; Szpitala&nbsp; Dzieci\u0119cego im. \u015aw. Ludwika w Krakowie,<\/li>\n<li style=\"text-align: justify;\"> \t\tdr Marek Kowalski \u2013 ginekolog-po\u0142o\u017cnik z Centrum Medycznego&nbsp; UJASTEK w Krakowie.<\/li>\n<\/ul>\n<p style=\"text-align: justify;\"> \tZaproszeni eksperci przedstawili wyk\u0142ady na temat skutk\u00f3w zdrowotnych wynikaj\u0105cych z palenia tytoniu przez kobiety w ci\u0105\u017cy, palenia biernego, a tak\u017ce skal\u0119 problemu b\u0119d\u0105cego my\u015bl\u0105 przewodni\u0105 spotkania.<\/p>\n<p style=\"text-align: justify;\"> \tW konferencji udzia\u0142 wzi\u0119li przedstawiciele medi\u00f3w: Radio ESKA, Radio Plus, RMF FM, Radio ZET, Dziennik Polski, PAP.<\/p>\n<p style=\"text-align: justify;\"> \tW za\u0142\u0105czeniu fotorelacja.<\/p>\n<p style=\"text-align: justify;\"> \tAgnieszka Hejmo<br \/> \tOddzia\u0142 O\u015bwiaty Zdrowotnej i Promocji Zdrowia<\/p>\n<p style=\"text-align: justify;\"> \tData wprowadzenia: 13.08.2013<\/p>\n<p style=\"text-align: justify;\"> \tData ostatniej aktualizacji: 13.08.2013<\/p>\n<!-- WP Attachments -->\r\n        <div style=\"width:100%;margin:10px 0 10px 0;\">\r\n            <h3>Pliki do pobrania:<\/h3>\r\n        <ul class=\"post-attachments\"><li class=\"post-attachment mime-image-png\"><a href=\"https:\/\/wsse.krakow.pl\/page\/relacja-z-konferencji-prasowej-inaugurujacej-projekt-kik-68\/?download=120\">Swiss Contribution<\/a> <small>(5 kB)<\/small><\/li><li class=\"post-attachment mime-application-pdf\"><a href=\"https:\/\/wsse.krakow.pl\/page\/relacja-z-konferencji-prasowej-inaugurujacej-projekt-kik-68\/?download=191\">Fotorelacja Projekt KIK 68.pdf<\/a> <small>(703 kB)<\/small><\/li><\/ul><\/div>","protected":false},"excerpt":{"rendered":"<p style=\"text-align: justify;\"> \t<img loading=\"lazy\" decoding=\"async\" class=\" alignleft size-full wp-image-120\" alt=\"\" src=\"http:\/\/wsse.krakow.pl\/page\/wp-content\/uploads\/2013\/07\/logo_swiss.png\" style=\"width: 160px; height: 60px; float: left; margin: 3px;\" width=\"230\" height=\"60\" \/><\/p>\n<p style=\"text-align: justify;\"> \tW dniu 8 sierpnia 2013 r. w Wojew\u00f3dzkiej Stacji Sanitarno \u2013 Epidemiologicznej odby\u0142a si\u0119 konferencja prasowa rozpoczynaj\u0105ca wojew\u00f3dzk\u0105 kampani\u0119 spo\u0142eczn\u0105 <strong>\u201eChro\u0144my dzieci przed dymem tytoniowym<\/strong>\u201d realizowan\u0105 w ramach Projektu KIK\/68 &#8211; <strong>\u201eProfilaktycznego programu w zakresie przeciwdzia\u0142ania uzale\u017cnienia od alkoholu, tytoniu &nbsp;i innych \u015brodk\u00f3w psychoaktywnych\u201d <\/strong>wsp\u00f3\u0142finansowanego w ramach Szwajcarsko-Polskiego Programu Wsp\u00f3\u0142pracy.<\/p>\n","protected":false},"author":1,"featured_media":0,"comment_status":"closed","ping_status":"closed","sticky":false,"template":"","format":"standard","meta":{"_monsterinsights_skip_tracking":false,"_monsterinsights_sitenote_active":false,"_monsterinsights_sitenote_note":"","_monsterinsights_sitenote_category":0,"footnotes":""},"categories":[48],"tags":[],"class_list":["post-190","post","type-post","status-publish","format-standard","hentry","category-swiss-contribution"],"_links":{"self":[{"href":"https:\/\/wsse.krakow.pl\/page\/wp-json\/wp\/v2\/posts\/190","targetHints":{"allow":["GET"]}}],"collection":[{"href":"https:\/\/wsse.krakow.pl\/page\/wp-json\/wp\/v2\/posts"}],"about":[{"href":"https:\/\/wsse.krakow.pl\/page\/wp-json\/wp\/v2\/types\/post"}],"author":[{"embeddable":true,"href":"https:\/\/wsse.krakow.pl\/page\/wp-json\/wp\/v2\/users\/1"}],"replies":[{"embeddable":true,"href":"https:\/\/wsse.krakow.pl\/page\/wp-json\/wp\/v2\/comments?post=190"}],"version-history":[{"count":0,"href":"https:\/\/wsse.krakow.pl\/page\/wp-json\/wp\/v2\/posts\/190\/revisions"}],"wp:attachment":[{"href":"https:\/\/wsse.krakow.pl\/page\/wp-json\/wp\/v2\/media?parent=190"}],"wp:term":[{"taxonomy":"category","embeddable":true,"href":"https:\/\/wsse.krakow.pl\/page\/wp-json\/wp\/v2\/categories?post=190"},{"taxonomy":"post_tag","embeddable":true,"href":"https:\/\/wsse.krakow.pl\/page\/wp-json\/wp\/v2\/tags?post=190"}],"curies":[{"name":"wp","href":"https:\/\/api.w.org\/{rel}","templated":true}]}}