{"id":1912,"date":"2016-11-21T13:22:23","date_gmt":"2016-11-21T12:22:23","guid":{"rendered":"http:\/\/wsse.krakow.pl\/page\/europejski-dzien-wiedzy-o-antybiotykach\/"},"modified":"2016-11-21T13:22:23","modified_gmt":"2016-11-21T12:22:23","slug":"europejski-dzien-wiedzy-o-antybiotykach","status":"publish","type":"post","link":"https:\/\/wsse.krakow.pl\/page\/europejski-dzien-wiedzy-o-antybiotykach\/","title":{"rendered":"Europejski Dzie\u0144 Wiedzy o Antybiotykach"},"content":{"rendered":"<p class=\"Default\" style=\"text-align: justify;\"><span style=\"font-size: 11pt;\"><img loading=\"lazy\" decoding=\"async\" class=\" alignleft size-full wp-image-1911\" src=\"http:\/\/wsse.krakow.pl\/page\/wp-content\/uploads\/2016\/11\/Logo_EDWA.jpg\" alt=\"Logo EDWA\" width=\"241\" height=\"241\" style=\"float: left;\" \/><span style=\"font-size: 10pt;\">W zwi\u0105zku z dynamicznie narastaj\u0105c\u0105 oporno\u015bci\u0105 bakterii antybiotyki (w tym r&oacute;wnie\u017c zwi\u0105zki syntetyczne) i wynikaj\u0105cym z tego zjawiska ograniczeniem skutecznego leczenia zaka\u017ce\u0144 w 2008 roku Komisja Europejska na wniosek Europejskiego Centrum Zapobiegania i Kontroli Chor&oacute;b (ECDC, ang. <em>European Centre for Disease Prevention and Control<\/em>) ustanowi\u0142a dzie\u0144 <strong>18 listopada corocznym, Europejskim Dniem Wiedzy o Antybiotykach <\/strong>(ang. <em>European Antibiotic Awareness Day<\/em>). Kraje cz\u0142onkowskie UE zobligowane zosta\u0142y do podj\u0119cia inicjatyw maj\u0105cych na celu zorganizowanie lokalnych obchod&oacute;w tego Dnia w obr\u0119bie ka\u017cdego pa\u0144stwa. <\/span><\/span><\/p>\n<p style=\"text-align: justify;\"><span style=\"font-family: arial,helvetica,sans-serif; font-size: 10pt;\">Zgodnie z za\u0142o\u017ceniami kampanii ma ona zaanga\u017cowa\u0107 jak najszerszy zakres instytucji, \u015brodowisk eksperckich, \u015brodk&oacute;w masowego przekazu i opinii publicznej oraz zwr&oacute;ci\u0107 uwag\u0119 na zjawisko antybiotykooporno\u015bci jako kluczowego zagro\u017cenia dla zdrowia publicznego. Co roku w ramach tej kampanii promowane s\u0105 r&oacute;\u017cne, specyficzne i najbardziej aktualne z punktu widzenia zagro\u017ce\u0144 epidemiologicznych zagadnienia. Kampania ma zwr&oacute;ci\u0107 uwag\u0119 na zagro\u017cenie utrat\u0105 skuteczno\u015bci antybiotyk&oacute;w w efekcie nieracjonalnego ich stosowania. EDWA stanowi unikatow\u0105 platform\u0119 pozwalaj\u0105c\u0105 na rozpowszechnianie aktualnych informacji na temat problemu antybiotykooporno\u015bci drobnoustroj&oacute;w w ca\u0142ej Europie kierowana zar&oacute;wno do profesjonalist&oacute;w medycznych jak i og&oacute;\u0142u spo\u0142ecze\u0144stwa. Koordynacj\u0105 kampanii Polsce co roku od 2008 roku zajmuje si\u0119 zesp&oacute;\u0142 Narodowego Programu Ochrony Antybiotyk&oacute;w.<\/span><\/p>\n<p style=\"text-align: justify;\"><span style=\"font-family: arial,helvetica,sans-serif;\">Wi\u0119cej informacji znajd\u0105 Pa\u0144stwo w materia\u0142ach zamieszczonych w za\u0142\u0105czeniu.<\/span><\/p>\n<p>&nbsp;<\/p>\n<p>El\u017cbieta Kuras<br \/>Dzia\u0142 Zdrowia Publicznego i Promocji Zdrowia<br \/>Data wprowadzenia: 21 listopada 2016<br \/>Data ostatniej aktualizacji: 21 listopada 2016<\/p>\n<!-- WP Attachments -->\r\n        <div style=\"width:100%;margin:10px 0 10px 0;\">\r\n            <h3>Pliki do pobrania:<\/h3>\r\n        <ul class=\"post-attachments\"><li class=\"post-attachment mime-application-pdf\"><a href=\"https:\/\/wsse.krakow.pl\/page\/europejski-dzien-wiedzy-o-antybiotykach\/?download=1913\">EDWA i WAAW Informacja prasowa 2016.pdf<\/a> <small>(740 kB)<\/small><\/li><li class=\"post-attachment mime-application-pdf\"><a href=\"https:\/\/wsse.krakow.pl\/page\/europejski-dzien-wiedzy-o-antybiotykach\/?download=1914\">PLAKAT DLA LEKARZY 2016 www.pdf<\/a> <small>(5 MB)<\/small><\/li><li class=\"post-attachment mime-application-pdf\"><a href=\"https:\/\/wsse.krakow.pl\/page\/europejski-dzien-wiedzy-o-antybiotykach\/?download=1915\">ulotka dla lekarzy 2016 www.pdf<\/a> <small>(913 kB)<\/small><\/li><li class=\"post-attachment mime-application-pdf\"><a href=\"https:\/\/wsse.krakow.pl\/page\/europejski-dzien-wiedzy-o-antybiotykach\/?download=1916\">EDWA ulot A5 dzieci 2016 www.pdf<\/a> <small>(873 kB)<\/small><\/li><li class=\"post-attachment mime-application-pdf\"><a href=\"https:\/\/wsse.krakow.pl\/page\/europejski-dzien-wiedzy-o-antybiotykach\/?download=1917\">EDWA ulot A5 spol 2016 www.pdf<\/a> <small>(759 kB)<\/small><\/li><li class=\"post-attachment mime-application-pdf\"><a href=\"https:\/\/wsse.krakow.pl\/page\/europejski-dzien-wiedzy-o-antybiotykach\/?download=1918\">EDWA plakat 2016 www.pdf<\/a> <small>(2 MB)<\/small><\/li><\/ul><\/div>","protected":false},"excerpt":{"rendered":"<p class=\"Default\" style=\"text-align: justify;\"><span style=\"font-size: 11pt;\"><img loading=\"lazy\" decoding=\"async\" class=\" alignleft size-full wp-image-1911\" src=\"http:\/\/wsse.krakow.pl\/page\/wp-content\/uploads\/2016\/11\/Logo_EDWA.jpg\" alt=\"Logo EDWA\" width=\"241\" height=\"241\" style=\"float: left;\" \/><span style=\"font-size: 10pt;\">W zwi\u0105zku z dynamicznie narastaj\u0105c\u0105 oporno\u015bci\u0105 bakterii antybiotyki (w tym r&oacute;wnie\u017c zwi\u0105zki syntetyczne) i wynikaj\u0105cym z tego zjawiska ograniczeniem skutecznego leczenia zaka\u017ce\u0144 w 2008 roku Komisja Europejska na wniosek Europejskiego Centrum Zapobiegania i Kontroli Chor&oacute;b (ECDC, ang. <em>European Centre for Disease Prevention and Control<\/em>) ustanowi\u0142a dzie\u0144 <strong>18 listopada corocznym, Europejskim Dniem Wiedzy o Antybiotykach <\/strong>(ang. <em>European Antibiotic Awareness Day<\/em>). Kraje cz\u0142onkowskie UE zobligowane zosta\u0142y do podj\u0119cia inicjatyw maj\u0105cych na celu zorganizowanie lokalnych obchod&oacute;w tego Dnia w obr\u0119bie ka\u017cdego pa\u0144stwa. <\/span><\/span><\/p>\n<p style=\"text-align: justify;\"><span style=\"font-family: arial,helvetica,sans-serif; font-size: 10pt;\">Zgodnie z za\u0142o\u017ceniami kampanii ma ona zaanga\u017cowa\u0107 jak najszerszy zakres instytucji, \u015brodowisk eksperckich, \u015brodk&oacute;w masowego przekazu i opinii publicznej oraz zwr&oacute;ci\u0107 uwag\u0119 na zjawisko antybiotykooporno\u015bci jako kluczowego zagro\u017cenia dla zdrowia publicznego. Co roku w ramach tej kampanii promowane s\u0105 r&oacute;\u017cne, specyficzne i najbardziej aktualne z punktu widzenia zagro\u017ce\u0144 epidemiologicznych zagadnienia. Kampania ma zwr&oacute;ci\u0107 uwag\u0119 na zagro\u017cenie utrat\u0105 skuteczno\u015bci antybiotyk&oacute;w w efekcie nieracjonalnego ich stosowania. EDWA stanowi unikatow\u0105 platform\u0119 pozwalaj\u0105c\u0105 na rozpowszechnianie aktualnych informacji na temat problemu antybiotykooporno\u015bci drobnoustroj&oacute;w w ca\u0142ej Europie kierowana zar&oacute;wno do profesjonalist&oacute;w medycznych jak i og&oacute;\u0142u spo\u0142ecze\u0144stwa. Koordynacj\u0105 kampanii Polsce co roku od 2008 roku zajmuje si\u0119 zesp&oacute;\u0142 Narodowego Programu Ochrony Antybiotyk&oacute;w.<\/span><\/p>\n","protected":false},"author":1,"featured_media":0,"comment_status":"closed","ping_status":"closed","sticky":false,"template":"","format":"standard","meta":{"_monsterinsights_skip_tracking":false,"_monsterinsights_sitenote_active":false,"_monsterinsights_sitenote_note":"","_monsterinsights_sitenote_category":0,"footnotes":""},"categories":[20],"tags":[],"class_list":["post-1912","post","type-post","status-publish","format-standard","hentry","category-ochrona-zdrowia"],"_links":{"self":[{"href":"https:\/\/wsse.krakow.pl\/page\/wp-json\/wp\/v2\/posts\/1912","targetHints":{"allow":["GET"]}}],"collection":[{"href":"https:\/\/wsse.krakow.pl\/page\/wp-json\/wp\/v2\/posts"}],"about":[{"href":"https:\/\/wsse.krakow.pl\/page\/wp-json\/wp\/v2\/types\/post"}],"author":[{"embeddable":true,"href":"https:\/\/wsse.krakow.pl\/page\/wp-json\/wp\/v2\/users\/1"}],"replies":[{"embeddable":true,"href":"https:\/\/wsse.krakow.pl\/page\/wp-json\/wp\/v2\/comments?post=1912"}],"version-history":[{"count":0,"href":"https:\/\/wsse.krakow.pl\/page\/wp-json\/wp\/v2\/posts\/1912\/revisions"}],"wp:attachment":[{"href":"https:\/\/wsse.krakow.pl\/page\/wp-json\/wp\/v2\/media?parent=1912"}],"wp:term":[{"taxonomy":"category","embeddable":true,"href":"https:\/\/wsse.krakow.pl\/page\/wp-json\/wp\/v2\/categories?post=1912"},{"taxonomy":"post_tag","embeddable":true,"href":"https:\/\/wsse.krakow.pl\/page\/wp-json\/wp\/v2\/tags?post=1912"}],"curies":[{"name":"wp","href":"https:\/\/api.w.org\/{rel}","templated":true}]}}