{"id":1921,"date":"2016-11-28T10:18:38","date_gmt":"2016-11-28T09:18:38","guid":{"rendered":"http:\/\/wsse.krakow.pl\/page\/konferencja-prasowa-podsumowanie-projektu-kik-68-29-listopada-2016-r\/"},"modified":"2016-11-28T10:18:38","modified_gmt":"2016-11-28T09:18:38","slug":"konferencja-prasowa-podsumowanie-projektu-kik-68-29-listopada-2016-r","status":"publish","type":"post","link":"https:\/\/wsse.krakow.pl\/page\/konferencja-prasowa-podsumowanie-projektu-kik-68-29-listopada-2016-r\/","title":{"rendered":"KONFERENCJA PRASOWA &#8211; podsumowanie Projektu KIK\/68 &#8211; 29 listopada 2016 r."},"content":{"rendered":"<div style=\"font-family: tahoma,new york,times,serif; font-size: 10pt; color: #000000;\">\n<div><img loading=\"lazy\" decoding=\"async\" class=\" size-full wp-image-1920\" src=\"http:\/\/wsse.krakow.pl\/page\/wp-content\/uploads\/2016\/11\/kik68.png\" alt=\"kik68\" width=\"548\" height=\"292\" style=\"display: block; margin-left: auto; margin-right: auto;\" \/>Szanowni Pa\u0144stwo,<\/div>\n<div>w zwi\u0105zku z dobiegaj\u0105cym ko\u0144ca 4-letnim Projektem KIK\/68 czyli &#8222;<em>Profilaktycznym<\/em><span style=\"line-height: 150%;\"><em> programem w zakresie przeciwdzia\u0142ania uzale\u017cnieniu od alkoholu, tytoniu i innych \u015brodk&oacute;w psychoaktywnych<\/em>&rdquo; wsp&oacute;\u0142finansowanym w ramach Szwajcarsko-Polskiego Programu Wsp&oacute;\u0142pracy, mam zaszczyt zaprosi\u0107 Pa\u0144stwa do udzia\u0142u w <span style=\"font-size: 11pt;\"><strong><span style=\"text-decoration: underline;\">konferencji prasowej<\/span><\/strong><span style=\"font-size: 10pt;\">,<\/span><\/span> kt&oacute;ra odb\u0119dzie si\u0119 <span style=\"font-size: 13pt;\"><strong>29 listopada br. o godz. 10:00 <\/strong>w&nbsp;Zespole Szk&oacute;\u0142 Gastronomicznych Nr 2 w Krakowie przy<strong> ul. Zamoyskiego 6<\/strong> <\/span>(okolice basenu KS Korona). <\/span><\/div>\n<div><span style=\"line-height: 150%;\"><\/span><\/div>\n<div><span style=\"line-height: 150%;\">Podczas konferencji przedstawione zostan\u0105:<\/span><\/div>\n<div><span style=\"line-height: 150%;\">&#8211; <strong>statystyki dot. stosowania \u015brodk&oacute;w psychoaktywnych przez kobiety w ci\u0105\u017cy<\/strong>,<br \/><\/span><\/div>\n<div><span style=\"line-height: 150%;\">&#8211; <strong>skutki stosowania \u015brodk&oacute;w psychoaktywnych przez kobiety w ci\u0105\u017cy (w tym alkoholowy zesp&oacute;\u0142 p\u0142odowy FAS)<\/strong>,<br \/><\/span><\/div>\n<div><span style=\"line-height: 150%;\">&#8211; <strong>dzia\u0142ania podejmowane w wojew&oacute;dztwie ma\u0142opolskim, kt&oacute;rych celem by\u0142o ograniczenie stosowania \u015brodk&oacute;w psychoaktywnych przez kobiety w wieku prokreacyjnym<\/strong>.<br \/><\/span><\/div>\n<div><span style=\"line-height: 150%;\"><\/span><\/div>\n<div><span style=\"line-height: 150%;\">W konferencji prasowej wezm\u0105 udzia\u0142:<br \/><\/span><\/div>\n<div><span style=\"line-height: 150%;\">&#8211; <strong>Magdalena Dro\u017adzik<\/strong> &#8211; koordynator Programu, Wojew&oacute;dzka Stacja Sanitarno-Epidemiologiczna w Krakowie<br \/><\/span><\/div>\n<div><span style=\"line-height: 150%;\">&#8211; <strong>dr n. med. Katarzyna Przybyszewska<\/strong>, pediatra, Wojew&oacute;dzki Specjalistyczny Szpital Dzieci\u0119cy im. \u015bw. Ludwika w Krakowie<br \/><\/span><\/div>\n<div><span style=\"line-height: 150%;\">&#8211; <strong>Aleksandra Rumi\u0144ska<\/strong>, koordynator ds. promocji zdrowia, Wojew&oacute;dzki Specjalistyczny Szpital Dzieci\u0119cy im. \u015bw. Ludwika w Krakowie<br \/><\/span><\/div>\n<div><span style=\"line-height: 150%;\">&#8211; <strong>lek. med. Pawe\u0142 Or\u0142owski<\/strong>, dyrektor medyczny Szpitala Po\u0142o\u017cniczo-Ginekologicznego <strong>UJASTEK<\/strong><br \/><\/span><\/div>\n<div><span style=\"line-height: 150%;\"><\/span><\/div>\n<div><span style=\"line-height: 150%;\">Wi\u0119cej o Projekcie na stronie <span id=\"OBJ_PREFIX_DWT54_com_zimbra_url\" class=\"Object\"><span id=\"OBJ_PREFIX_DWT55_com_zimbra_url\" class=\"Object\"><a>www.zdrowiewciazy.pl<\/a><\/span><\/span><\/span><\/div>\n<div>&nbsp;<\/div>\n<div>ZAPRASZAM do udzia\u0142u!<\/div>\n<div><span style=\"line-height: 150%;\"><\/span><\/div>\n<div> <\/div>\n<div>El\u017cbieta Kuras<br \/>rzecznik prasowy<br \/>Data wprowadzenia: 28 listopada 2016<br \/>Data ostatniej aktualizacj: 28 listopada 2016<\/div>\n<\/p><\/div>\n","protected":false},"excerpt":{"rendered":"<div style=\"font-family: tahoma,new york,times,serif; font-size: 10pt; color: #000000;\">\n<div><img loading=\"lazy\" decoding=\"async\" class=\" size-full wp-image-1920\" src=\"http:\/\/wsse.krakow.pl\/page\/wp-content\/uploads\/2016\/11\/kik68.png\" alt=\"kik68\" width=\"548\" height=\"292\" style=\"display: block; margin-left: auto; margin-right: auto;\" \/>Szanowni Pa\u0144stwo,<\/div>\n<div>w zwi\u0105zku z dobiegaj\u0105cym ko\u0144ca 4-letnim Projektem KIK\/68 czyli &#8222;<em>Profilaktycznym<\/em><span style=\"line-height: 150%;\"><em> programem w zakresie przeciwdzia\u0142ania uzale\u017cnieniu od alkoholu, tytoniu i innych \u015brodk&oacute;w psychoaktywnych<\/em>&rdquo; wsp&oacute;\u0142finansowanym w ramach Szwajcarsko-Polskiego Programu Wsp&oacute;\u0142pracy, mam zaszczyt zaprosi\u0107 Pa\u0144stwa do udzia\u0142u w <span style=\"font-size: 11pt;\"><strong><span style=\"text-decoration: underline;\">konferencji prasowej<\/span><\/strong><span style=\"font-size: 10pt;\">,<\/span><\/span> kt&oacute;ra odb\u0119dzie si\u0119 <span style=\"font-size: 13pt;\"><strong>29 listopada br. o godz. 10:00 <\/strong>w&nbsp;Zespole Szk&oacute;\u0142 Gastronomicznych Nr 2 w Krakowie przy<strong> ul. Zamoyskiego 6<\/strong> <\/span>(okolice basenu KS Korona). <\/span><\/div>\n<div><span style=\"line-height: 150%;\"><\/span><\/div>\n<div><span style=\"line-height: 150%;\">Podczas konferencji przedstawione zostan\u0105:<\/span><\/div>\n<div><span style=\"line-height: 150%;\">&#8211; <strong>statystyki dot. stosowania \u015brodk&oacute;w psychoaktywnych przez kobiety w ci\u0105\u017cy<\/strong>,<br \/><\/span><\/div>\n<div><span style=\"line-height: 150%;\">&#8211; <strong>skutki stosowania \u015brodk&oacute;w psychoaktywnych przez kobiety w ci\u0105\u017cy (w tym alkoholowy zesp&oacute;\u0142 p\u0142odowy FAS)<\/strong>,<br \/><\/span><\/div>\n<div><span style=\"line-height: 150%;\">&#8211; <strong>dzia\u0142ania podejmowane w wojew&oacute;dztwie ma\u0142opolskim, kt&oacute;rych celem by\u0142o ograniczenie stosowania \u015brodk&oacute;w psychoaktywnych przez kobiety w wieku prokreacyjnym<\/strong>.<br \/><\/span><\/div>\n<div><span style=\"line-height: 150%;\"><\/span><\/div>\n<div><span style=\"line-height: 150%;\">W konferencji prasowej wezm\u0105 udzia\u0142:<br \/><\/span><\/div>\n<div><span style=\"line-height: 150%;\">&#8211; <strong>Magdalena Dro\u017adzik<\/strong> &#8211; koordynator Programu, Wojew&oacute;dzka Stacja Sanitarno-Epidemiologiczna w Krakowie<br \/><\/span><\/div>\n<div><span style=\"line-height: 150%;\">&#8211; <strong>dr n. med. Katarzyna Przybyszewska<\/strong>, pediatra, Wojew&oacute;dzki Specjalistyczny Szpital Dzieci\u0119cy im. \u015bw. Ludwika w Krakowie<br \/><\/span><\/div>\n<div><span style=\"line-height: 150%;\">&#8211; <strong>Aleksandra Rumi\u0144ska<\/strong>, koordynator ds. promocji zdrowia, Wojew&oacute;dzki Specjalistyczny Szpital Dzieci\u0119cy im. \u015bw. Ludwika w Krakowie<br \/><\/span><\/div>\n<div><span style=\"line-height: 150%;\">&#8211; <strong>lek. med. Pawe\u0142 Or\u0142owski<\/strong>, dyrektor medyczny Szpitala Po\u0142o\u017cniczo-Ginekologicznego <strong>UJASTEK<\/strong><br \/><\/span><\/div>\n<div><span style=\"line-height: 150%;\"><\/span><\/div>\n<div><span style=\"line-height: 150%;\">Wi\u0119cej o Projekcie na stronie <span id=\"OBJ_PREFIX_DWT54_com_zimbra_url\" class=\"Object\"><span id=\"OBJ_PREFIX_DWT55_com_zimbra_url\" class=\"Object\"><a>www.zdrowiewciazy.pl<\/a><\/span><\/span><\/span><\/div>\n<div>&nbsp;<\/div>\n<div>ZAPRASZAM do udzia\u0142u!<\/div>\n<div><span style=\"line-height: 150%;\"><\/span><\/div>\n<div>\n","protected":false},"author":1,"featured_media":0,"comment_status":"closed","ping_status":"closed","sticky":false,"template":"","format":"standard","meta":{"_monsterinsights_skip_tracking":false,"_monsterinsights_sitenote_active":false,"_monsterinsights_sitenote_note":"","_monsterinsights_sitenote_category":0,"footnotes":""},"categories":[20],"tags":[],"class_list":["post-1921","post","type-post","status-publish","format-standard","hentry","category-ochrona-zdrowia"],"_links":{"self":[{"href":"https:\/\/wsse.krakow.pl\/page\/wp-json\/wp\/v2\/posts\/1921","targetHints":{"allow":["GET"]}}],"collection":[{"href":"https:\/\/wsse.krakow.pl\/page\/wp-json\/wp\/v2\/posts"}],"about":[{"href":"https:\/\/wsse.krakow.pl\/page\/wp-json\/wp\/v2\/types\/post"}],"author":[{"embeddable":true,"href":"https:\/\/wsse.krakow.pl\/page\/wp-json\/wp\/v2\/users\/1"}],"replies":[{"embeddable":true,"href":"https:\/\/wsse.krakow.pl\/page\/wp-json\/wp\/v2\/comments?post=1921"}],"version-history":[{"count":0,"href":"https:\/\/wsse.krakow.pl\/page\/wp-json\/wp\/v2\/posts\/1921\/revisions"}],"wp:attachment":[{"href":"https:\/\/wsse.krakow.pl\/page\/wp-json\/wp\/v2\/media?parent=1921"}],"wp:term":[{"taxonomy":"category","embeddable":true,"href":"https:\/\/wsse.krakow.pl\/page\/wp-json\/wp\/v2\/categories?post=1921"},{"taxonomy":"post_tag","embeddable":true,"href":"https:\/\/wsse.krakow.pl\/page\/wp-json\/wp\/v2\/tags?post=1921"}],"curies":[{"name":"wp","href":"https:\/\/api.w.org\/{rel}","templated":true}]}}