{"id":1926,"date":"2016-12-27T08:11:42","date_gmt":"2016-12-27T07:11:42","guid":{"rendered":"http:\/\/wsse.krakow.pl\/page\/wzrost-zachorowan-na-legioneloze-wsrod-turystow-z-unii-europejskiej-powracajacych-z-dubaju\/"},"modified":"2016-12-27T08:11:42","modified_gmt":"2016-12-27T07:11:42","slug":"wzrost-zachorowan-na-legioneloze-wsrod-turystow-z-unii-europejskiej-powracajacych-z-dubaju","status":"publish","type":"post","link":"https:\/\/wsse.krakow.pl\/page\/wzrost-zachorowan-na-legioneloze-wsrod-turystow-z-unii-europejskiej-powracajacych-z-dubaju\/","title":{"rendered":"Wzrost zachorowa\u0144 na legioneloz\u0119 w\u015br\u00f3d turyst\u00f3w z Unii Europejskiej powracaj\u0105cych z Dubaju"},"content":{"rendered":"<p style=\"text-align: justify; line-height: 150%;\"><span style=\"font-family: 'Tahoma',sans-serif;\">W 2016 r. odnotowano wzrost zachorowa\u0144 na legioneloz\u0119 w\u015br&oacute;d turyst&oacute;w z UE powracaj\u0105cych z Dubaju. Odnotowano 26 przypadk&oacute;w u os&oacute;b, u kt&oacute;rych objawy wyst\u0119powa\u0142y od 1 pa\u017adziernika 2016 r. Przypadki legionelozy s\u0105 w dalszym ci\u0105gu notowane u os&oacute;b, kt&oacute;re odby\u0142y podr&oacute;\u017c do Dubaju i u kt&oacute;rych objawy wyst\u0105pi\u0142y w ostatnich tygodniach, co oznacza, \u017ce istnieje potencjalnie sta\u0142e wsp&oacute;lne \u017ar&oacute;d\u0142o nara\u017cenia na zaka\u017cenie bakteriami Legionella dla tych przypadk&oacute;w. Do dnia 21 grudnia 2016 r. odnotowano 12 przypadk&oacute;w w Wielkiej Brytanii, 4 w Holandii, 3 w Szwecji, 3 we Francji, 2 w Danii i po 1 w Niemczech i Belgii.<\/span><\/p>\n<p style=\"line-height: 150%;\"><i><span style=\"font-family: 'Tahoma',sans-serif;\"><\/span><\/i><\/p>\n<p style=\"line-height: 150%;\"><i><span style=\"font-family: 'Tahoma',sans-serif;\">\u0179r&oacute;d\u0142o: <\/span><\/i><span style=\"font-family: 'Tahoma',sans-serif;\">Krajowy Punkt Centralny ds. Mi\u0119dzynarodowych Przepis&oacute;w Zdrowotnych<\/span><\/p>\n","protected":false},"excerpt":{"rendered":"<p>W 2016 r. odnotowano wzrost zachorowa\u0144 na legioneloz\u0119 w\u015br&oacute;d turyst&oacute;w z UE powracaj\u0105cych z Dubaju. Odnotowano 26 przypadk&oacute;w u os&oacute;b, u kt&oacute;rych objawy wyst\u0119powa\u0142y od 1 pa\u017adziernika 2016 r. Przypadki legionelozy s\u0105 w dalszym ci\u0105gu notowane u os&oacute;b, kt&oacute;re odby\u0142y podr&oacute;\u017c do Dubaju i u kt&oacute;rych objawy wyst\u0105pi\u0142y w ostatnich tygodniach, co oznacza, \u017ce istnieje [&hellip;]<\/p>\n","protected":false},"author":1,"featured_media":0,"comment_status":"closed","ping_status":"closed","sticky":false,"template":"","format":"standard","meta":{"_monsterinsights_skip_tracking":false,"_monsterinsights_sitenote_active":false,"_monsterinsights_sitenote_note":"","_monsterinsights_sitenote_category":0,"footnotes":""},"categories":[4],"tags":[],"class_list":["post-1926","post","type-post","status-publish","format-standard","hentry","category-komunikaty"],"_links":{"self":[{"href":"https:\/\/wsse.krakow.pl\/page\/wp-json\/wp\/v2\/posts\/1926","targetHints":{"allow":["GET"]}}],"collection":[{"href":"https:\/\/wsse.krakow.pl\/page\/wp-json\/wp\/v2\/posts"}],"about":[{"href":"https:\/\/wsse.krakow.pl\/page\/wp-json\/wp\/v2\/types\/post"}],"author":[{"embeddable":true,"href":"https:\/\/wsse.krakow.pl\/page\/wp-json\/wp\/v2\/users\/1"}],"replies":[{"embeddable":true,"href":"https:\/\/wsse.krakow.pl\/page\/wp-json\/wp\/v2\/comments?post=1926"}],"version-history":[{"count":0,"href":"https:\/\/wsse.krakow.pl\/page\/wp-json\/wp\/v2\/posts\/1926\/revisions"}],"wp:attachment":[{"href":"https:\/\/wsse.krakow.pl\/page\/wp-json\/wp\/v2\/media?parent=1926"}],"wp:term":[{"taxonomy":"category","embeddable":true,"href":"https:\/\/wsse.krakow.pl\/page\/wp-json\/wp\/v2\/categories?post=1926"},{"taxonomy":"post_tag","embeddable":true,"href":"https:\/\/wsse.krakow.pl\/page\/wp-json\/wp\/v2\/tags?post=1926"}],"curies":[{"name":"wp","href":"https:\/\/api.w.org\/{rel}","templated":true}]}}