{"id":1948,"date":"2017-01-31T11:58:31","date_gmt":"2017-01-31T10:58:31","guid":{"rendered":"http:\/\/wsse.krakow.pl\/page\/uwaga-alarm-smogowy-w-krakowie\/"},"modified":"2017-01-31T11:58:31","modified_gmt":"2017-01-31T10:58:31","slug":"uwaga-alarm-smogowy-w-krakowie","status":"publish","type":"post","link":"https:\/\/wsse.krakow.pl\/page\/uwaga-alarm-smogowy-w-krakowie\/","title":{"rendered":"Uwaga &#8211; alarm smogowy w Krakowie!"},"content":{"rendered":"<p style=\"text-align: justify;\"><img loading=\"lazy\" decoding=\"async\" class=\" alignleft size-full wp-image-1947\" src=\"http:\/\/wsse.krakow.pl\/page\/wp-content\/uploads\/2017\/01\/uwaga.jpg\" alt=\"uwaga\" width=\"200\" height=\"200\" style=\"margin-right: 10px; float: left;\" srcset=\"https:\/\/wsse.krakow.pl\/page\/wp-content\/uploads\/2017\/01\/uwaga.jpg 450w, https:\/\/wsse.krakow.pl\/page\/wp-content\/uploads\/2017\/01\/uwaga-150x150.jpg 150w, https:\/\/wsse.krakow.pl\/page\/wp-content\/uploads\/2017\/01\/uwaga-300x300.jpg 300w\" sizes=\"auto, (max-width: 200px) 100vw, 200px\" \/>Wojew&oacute;dzki Zesp&oacute;\u0142 Zarz\u0105dzania Kryzysowego ostrzega o ryzyku przekroczenia poziomu informowania dla st\u0119\u017cenia 24-godzinnego py\u0142u PM10 w powietrzu (300 &micro;g\/m&sup3;) oraz zwi\u0105zanego z nim wysokiego st\u0119\u017cenia py\u0142u PM2,5 oraz benzo(a)pirenu w powietrzu. <span style=\"color: #cc0000;\"><strong>W zwi\u0105zku z tym wprowadzono trzeci, najwy\u017cszy stopie\u0144 alarmowy. Obowi\u0105zuje on do 3 lutego br., do godz. 12:00.<\/strong><\/span><\/p>\n<h3 style=\"text-align: justify;\">Zalecenia dotycz\u0105ce ochrony zdrowia:<\/h3>\n<p style=\"text-align: justify;\">Osoby szczeg&oacute;lnie wra\u017cliwe na zanieczyszczenie powietrza: dzieci i m\u0142odzie\u017c poni\u017cej 25 roku \u017cycia, osoby starsze i w podesz\u0142ym wieku, osoby z zaburzeniami funkcjonowania uk\u0142adu oddechowego, chorzy na astm\u0119, choroby alergiczne sk&oacute;ry i oczu, osoby z zaburzeniami funkcjonowania uk\u0142adu krwiono\u015bnego, osoby zawodowo nara\u017cone na dzia\u0142anie py\u0142&oacute;w innych zanieczyszcze\u0144 oraz osoby pal\u0105ce papierosy, powinny podj\u0105\u0107 nast\u0119puj\u0105ce \u015brodki ostro\u017cno\u015bci:<\/p>\n<ul style=\"text-align: justify;\">\n<li>unika\u0107 d\u0142ugotrwa\u0142ego przebywania na otwartej przestrzeni dla unikni\u0119cia d\u0142ugotrwa\u0142ego nara\u017cenia na podwy\u017cszone st\u0119\u017cenia zanieczyszcze\u0144;<\/li>\n<li>ograniczy\u0107 du\u017cy wysi\u0142ek fizyczny na otwartej przestrzeni np. uprawianie sportu, czynno\u015bci zawodowe zwi\u0119kszaj\u0105ce nara\u017cenie na dzia\u0142anie zanieczyszcze\u0144;<\/li>\n<li>osoby chore powinny zaopatrzy\u0107 si\u0119 we w\u0142a\u015bciwe medykamenty i stosowa\u0107 si\u0119 do zalece\u0144 lekarzy.<\/li>\n<\/ul>\n<p>Dzia\u0142 Zdrowia Publicznego i Promocji Zdrowia<br \/>Data wprowadzenia: 31 stycznia 2017 r.<br \/>Data ostatniej aktualizacji: 31 stycznia 2017 r.<\/p>\n<!-- WP Attachments -->\r\n        <div style=\"width:100%;margin:10px 0 10px 0;\">\r\n            <h3>Pliki do pobrania:<\/h3>\r\n        <ul class=\"post-attachments\"><li class=\"post-attachment mime-image-jpeg\"><a href=\"https:\/\/wsse.krakow.pl\/page\/uwaga-alarm-smogowy-w-krakowie\/?download=1947\">uwaga<\/a> <small>(30 kB)<\/small><\/li><\/ul><\/div>","protected":false},"excerpt":{"rendered":"<p style=\"text-align: justify;\"><img loading=\"lazy\" decoding=\"async\" class=\" alignleft size-full wp-image-1947\" src=\"http:\/\/wsse.krakow.pl\/page\/wp-content\/uploads\/2017\/01\/uwaga.jpg\" alt=\"uwaga\" width=\"200\" height=\"200\" style=\"margin-right: 10px; float: left;\" srcset=\"https:\/\/wsse.krakow.pl\/page\/wp-content\/uploads\/2017\/01\/uwaga.jpg 450w, https:\/\/wsse.krakow.pl\/page\/wp-content\/uploads\/2017\/01\/uwaga-150x150.jpg 150w, https:\/\/wsse.krakow.pl\/page\/wp-content\/uploads\/2017\/01\/uwaga-300x300.jpg 300w\" sizes=\"auto, (max-width: 200px) 100vw, 200px\" \/>Wojew&oacute;dzki Zesp&oacute;\u0142 Zarz\u0105dzania Kryzysowego ostrzega o ryzyku przekroczenia poziomu informowania dla st\u0119\u017cenia 24-godzinnego py\u0142u PM10 w powietrzu (300 &micro;g\/m&sup3;) oraz zwi\u0105zanego z nim wysokiego st\u0119\u017cenia py\u0142u PM2,5 oraz benzo(a)pirenu w powietrzu. <span style=\"color: #cc0000;\"><strong>W zwi\u0105zku z tym wprowadzono trzeci, najwy\u017cszy stopie\u0144 alarmowy. Obowi\u0105zuje on do 3 lutego br., do godz. 12:00.<\/strong><\/span><\/p>\n<h3 style=\"text-align: justify;\">Zalecenia dotycz\u0105ce ochrony zdrowia:<\/h3>\n<p style=\"text-align: justify;\">Osoby szczeg&oacute;lnie wra\u017cliwe na zanieczyszczenie powietrza: dzieci i m\u0142odzie\u017c poni\u017cej 25 roku \u017cycia, osoby starsze i w podesz\u0142ym wieku, osoby z zaburzeniami funkcjonowania uk\u0142adu oddechowego, chorzy na astm\u0119, choroby alergiczne sk&oacute;ry i oczu, osoby z zaburzeniami funkcjonowania uk\u0142adu krwiono\u015bnego, osoby zawodowo nara\u017cone na dzia\u0142anie py\u0142&oacute;w innych zanieczyszcze\u0144 oraz osoby pal\u0105ce papierosy, powinny podj\u0105\u0107 nast\u0119puj\u0105ce \u015brodki ostro\u017cno\u015bci:<\/p>\n<ul style=\"text-align: justify;\">\n<li>unika\u0107 d\u0142ugotrwa\u0142ego przebywania na otwartej przestrzeni dla unikni\u0119cia d\u0142ugotrwa\u0142ego nara\u017cenia na podwy\u017cszone st\u0119\u017cenia zanieczyszcze\u0144;<\/li>\n<li>ograniczy\u0107 du\u017cy wysi\u0142ek fizyczny na otwartej przestrzeni np. uprawianie sportu, czynno\u015bci zawodowe zwi\u0119kszaj\u0105ce nara\u017cenie na dzia\u0142anie zanieczyszcze\u0144;<\/li>\n<li>osoby chore powinny zaopatrzy\u0107 si\u0119 we w\u0142a\u015bciwe medykamenty i stosowa\u0107 si\u0119 do zalece\u0144 lekarzy.<\/li>\n<\/ul>\n","protected":false},"author":1,"featured_media":0,"comment_status":"closed","ping_status":"closed","sticky":false,"template":"","format":"standard","meta":{"_monsterinsights_skip_tracking":false,"_monsterinsights_sitenote_active":false,"_monsterinsights_sitenote_note":"","_monsterinsights_sitenote_category":0,"footnotes":""},"categories":[4],"tags":[],"class_list":["post-1948","post","type-post","status-publish","format-standard","hentry","category-komunikaty"],"_links":{"self":[{"href":"https:\/\/wsse.krakow.pl\/page\/wp-json\/wp\/v2\/posts\/1948","targetHints":{"allow":["GET"]}}],"collection":[{"href":"https:\/\/wsse.krakow.pl\/page\/wp-json\/wp\/v2\/posts"}],"about":[{"href":"https:\/\/wsse.krakow.pl\/page\/wp-json\/wp\/v2\/types\/post"}],"author":[{"embeddable":true,"href":"https:\/\/wsse.krakow.pl\/page\/wp-json\/wp\/v2\/users\/1"}],"replies":[{"embeddable":true,"href":"https:\/\/wsse.krakow.pl\/page\/wp-json\/wp\/v2\/comments?post=1948"}],"version-history":[{"count":0,"href":"https:\/\/wsse.krakow.pl\/page\/wp-json\/wp\/v2\/posts\/1948\/revisions"}],"wp:attachment":[{"href":"https:\/\/wsse.krakow.pl\/page\/wp-json\/wp\/v2\/media?parent=1948"}],"wp:term":[{"taxonomy":"category","embeddable":true,"href":"https:\/\/wsse.krakow.pl\/page\/wp-json\/wp\/v2\/categories?post=1948"},{"taxonomy":"post_tag","embeddable":true,"href":"https:\/\/wsse.krakow.pl\/page\/wp-json\/wp\/v2\/tags?post=1948"}],"curies":[{"name":"wp","href":"https:\/\/api.w.org\/{rel}","templated":true}]}}