{"id":1950,"date":"2017-02-02T12:12:04","date_gmt":"2017-02-02T11:12:04","guid":{"rendered":"http:\/\/wsse.krakow.pl\/page\/4-lutego-swiatowy-dzien-walki-z-rakiem-2\/"},"modified":"2017-02-02T12:12:04","modified_gmt":"2017-02-02T11:12:04","slug":"4-lutego-swiatowy-dzien-walki-z-rakiem-2","status":"publish","type":"post","link":"https:\/\/wsse.krakow.pl\/page\/4-lutego-swiatowy-dzien-walki-z-rakiem-2\/","title":{"rendered":"4 lutego &#8211; \u015awiatowy Dzie\u0144 Walki z Rakiem"},"content":{"rendered":"<p style=\"text-align: justify;\"><img loading=\"lazy\" decoding=\"async\" class=\" alignleft size-full wp-image-1949\" src=\"http:\/\/wsse.krakow.pl\/page\/wp-content\/uploads\/2017\/02\/puo2.png\" alt=\"puo2\" width=\"161\" height=\"177\" style=\"float: left;\" srcset=\"https:\/\/wsse.krakow.pl\/page\/wp-content\/uploads\/2017\/02\/puo2.png 663w, https:\/\/wsse.krakow.pl\/page\/wp-content\/uploads\/2017\/02\/puo2-137x150.png 137w, https:\/\/wsse.krakow.pl\/page\/wp-content\/uploads\/2017\/02\/puo2-274x300.png 274w\" sizes=\"auto, (max-width: 161px) 100vw, 161px\" \/>Jak co roku 4 lutego obchodzony jest \u015awiatowy Dzie\u0144 Walki z Rakiem. Has\u0142em przewodnim tegorocznego wydarzenia jest nadal aktualny Apel Polskiej Unii Onkologii i ca\u0142ego \u015brodowiska onkolog&oacute;w polskich o wsp&oacute;lne, intensywne dzia\u0142ania na rzecz zapewnienia r&oacute;wnego dost\u0119pu w naszym kraju do europejskich standard&oacute;w kompleksowej opieki onkologicznej stosownie do nadal aktualnych postulat&oacute;w zawartych w Paryskiej Karcie Walki z Rakiem z 2000 r.&nbsp;&nbsp;<\/p>\n<p style=\"text-align: justify;\">W zwi\u0105zku ze zbli\u017caj\u0105cym si\u0119 \u015bwi\u0119tem zach\u0119camy do udzia\u0142u w akcji, zainicjowanej po raz kolejny, przez Polsk\u0105 Uni\u0119 Onkologii pn. &bdquo;Dzie\u0144 Drzwi Otwartych&rdquo;, kt&oacute;ra odb\u0119dzie si\u0119 w\u0142a\u015bnie 4 lutego. Wydarzenie to ju\u017c po raz XVII anga\u017cuje wi\u0119kszo\u015b\u0107 o\u015brodk&oacute;w onkologicznych i hematoonkologicznych na terenie ca\u0142ego kraju. Podczas wydarzenia w wielu miejscach mo\u017cliwe b\u0119dzie wykonanie profilaktycznych bada\u0144 przesiewowych, a tak\u017ce zasi\u0119gni\u0119cie porady u specjalist&oacute;w. Prowadzone b\u0119d\u0105 tak\u017ce wyk\u0142ady i pogadanki na temat profilaktyki, wczesnego wykrywania i mo\u017cliwo\u015bci skutecznego leczenia nowotwor&oacute;w. Szczeg&oacute;\u0142owe informacje na temat przebiegu XVII Dnia Drzwi Otwartych znajduj\u0105 si\u0119 na stronie internetowej Polskiej Unii Onkologii <a href=\"http:\/\/www.puo.pl\/pokonajmy-raka\/dzien-drzwi-otwartych\/xvii-dzien-drzwi-otwartych\">www.puo.pl\/pokonajmy-raka\/dzien-drzwi-otwartych\/xvii-dzien-drzwi-otwartych<\/a>. <br \/>W zwi\u0105zku z tym i\u017c choroby nowotworowe stanowi\u0105 drug\u0105, co do cz\u0119sto\u015bci, przyczyn\u0119 zgon&oacute;w, zar&oacute;wno w Polsce jak i w Unii Europejskiej, zach\u0119camy do wzi\u0119cia udzia\u0142u w akcji Polskiej Unii Onkologii. \u015awiatowy Dzie\u0144 Walki z Rakiem jest doskona\u0142ym momentem, aby zadba\u0107 o w\u0142asne zdrowie i pog\u0142\u0119bi\u0107 wiedz\u0119 na temat chor&oacute;b nowotworowych oraz profilaktyki.<\/p>\n<p>Natalia SynowskaDzia\u0142 Zdrowia Publicznego i Promocji Zdrowia<br \/>Data wprowadzenia: 2 lutego 2017 r.<br \/>Data ostatniej aktualizacji: 2 lutego 2017 r.<\/p>\n<p>&nbsp;<\/p>\n<!-- WP Attachments -->\r\n        <div style=\"width:100%;margin:10px 0 10px 0;\">\r\n            <h3>Pliki do pobrania:<\/h3>\r\n        <ul class=\"post-attachments\"><li class=\"post-attachment mime-image-png\"><a href=\"https:\/\/wsse.krakow.pl\/page\/4-lutego-swiatowy-dzien-walki-z-rakiem-2\/?download=1949\">puo2<\/a> <small>(167 kB)<\/small><\/li><\/ul><\/div>","protected":false},"excerpt":{"rendered":"<p style=\"text-align: justify;\"><img loading=\"lazy\" decoding=\"async\" class=\" alignleft size-full wp-image-1949\" src=\"http:\/\/wsse.krakow.pl\/page\/wp-content\/uploads\/2017\/02\/puo2.png\" alt=\"puo2\" width=\"161\" height=\"177\" style=\"float: left;\" srcset=\"https:\/\/wsse.krakow.pl\/page\/wp-content\/uploads\/2017\/02\/puo2.png 663w, https:\/\/wsse.krakow.pl\/page\/wp-content\/uploads\/2017\/02\/puo2-137x150.png 137w, https:\/\/wsse.krakow.pl\/page\/wp-content\/uploads\/2017\/02\/puo2-274x300.png 274w\" sizes=\"auto, (max-width: 161px) 100vw, 161px\" \/>Jak co roku 4 lutego obchodzony jest \u015awiatowy Dzie\u0144 Walki z Rakiem. Has\u0142em przewodnim tegorocznego wydarzenia jest nadal aktualny Apel Polskiej Unii Onkologii i ca\u0142ego \u015brodowiska onkolog&oacute;w polskich o wsp&oacute;lne, intensywne dzia\u0142ania na rzecz zapewnienia r&oacute;wnego dost\u0119pu w naszym kraju do europejskich standard&oacute;w kompleksowej opieki onkologicznej stosownie do nadal aktualnych postulat&oacute;w zawartych w Paryskiej Karcie Walki z Rakiem z 2000 r.&nbsp;&nbsp;<\/p>\n<p style=\"text-align: justify;\">W zwi\u0105zku ze zbli\u017caj\u0105cym si\u0119 \u015bwi\u0119tem zach\u0119camy do udzia\u0142u w akcji, zainicjowanej po raz kolejny, przez Polsk\u0105 Uni\u0119 Onkologii pn. &bdquo;Dzie\u0144 Drzwi Otwartych&rdquo;, kt&oacute;ra odb\u0119dzie si\u0119 w\u0142a\u015bnie 4 lutego. Wydarzenie to ju\u017c po raz XVII anga\u017cuje wi\u0119kszo\u015b\u0107 o\u015brodk&oacute;w onkologicznych i hematoonkologicznych na terenie ca\u0142ego kraju. Podczas wydarzenia w wielu miejscach mo\u017cliwe b\u0119dzie wykonanie profilaktycznych bada\u0144 przesiewowych, a tak\u017ce zasi\u0119gni\u0119cie porady u specjalist&oacute;w. Prowadzone b\u0119d\u0105 tak\u017ce wyk\u0142ady i pogadanki na temat profilaktyki, wczesnego wykrywania i mo\u017cliwo\u015bci skutecznego leczenia nowotwor&oacute;w. Szczeg&oacute;\u0142owe informacje na temat przebiegu XVII Dnia Drzwi Otwartych znajduj\u0105 si\u0119 na stronie internetowej Polskiej Unii Onkologii <a href=\"http:\/\/www.puo.pl\/pokonajmy-raka\/dzien-drzwi-otwartych\/xvii-dzien-drzwi-otwartych\">www.puo.pl\/pokonajmy-raka\/dzien-drzwi-otwartych\/xvii-dzien-drzwi-otwartych<\/a>. <br \/>W zwi\u0105zku z tym i\u017c choroby nowotworowe stanowi\u0105 drug\u0105, co do cz\u0119sto\u015bci, przyczyn\u0119 zgon&oacute;w, zar&oacute;wno w Polsce jak i w Unii Europejskiej, zach\u0119camy do wzi\u0119cia udzia\u0142u w akcji Polskiej Unii Onkologii. \u015awiatowy Dzie\u0144 Walki z Rakiem jest doskona\u0142ym momentem, aby zadba\u0107 o w\u0142asne zdrowie i pog\u0142\u0119bi\u0107 wiedz\u0119 na temat chor&oacute;b nowotworowych oraz profilaktyki.<\/p>\n","protected":false},"author":1,"featured_media":0,"comment_status":"closed","ping_status":"closed","sticky":false,"template":"","format":"standard","meta":{"_monsterinsights_skip_tracking":false,"_monsterinsights_sitenote_active":false,"_monsterinsights_sitenote_note":"","_monsterinsights_sitenote_category":0,"footnotes":""},"categories":[40],"tags":[],"class_list":["post-1950","post","type-post","status-publish","format-standard","hentry","category-promocja-zdrowia"],"_links":{"self":[{"href":"https:\/\/wsse.krakow.pl\/page\/wp-json\/wp\/v2\/posts\/1950","targetHints":{"allow":["GET"]}}],"collection":[{"href":"https:\/\/wsse.krakow.pl\/page\/wp-json\/wp\/v2\/posts"}],"about":[{"href":"https:\/\/wsse.krakow.pl\/page\/wp-json\/wp\/v2\/types\/post"}],"author":[{"embeddable":true,"href":"https:\/\/wsse.krakow.pl\/page\/wp-json\/wp\/v2\/users\/1"}],"replies":[{"embeddable":true,"href":"https:\/\/wsse.krakow.pl\/page\/wp-json\/wp\/v2\/comments?post=1950"}],"version-history":[{"count":0,"href":"https:\/\/wsse.krakow.pl\/page\/wp-json\/wp\/v2\/posts\/1950\/revisions"}],"wp:attachment":[{"href":"https:\/\/wsse.krakow.pl\/page\/wp-json\/wp\/v2\/media?parent=1950"}],"wp:term":[{"taxonomy":"category","embeddable":true,"href":"https:\/\/wsse.krakow.pl\/page\/wp-json\/wp\/v2\/categories?post=1950"},{"taxonomy":"post_tag","embeddable":true,"href":"https:\/\/wsse.krakow.pl\/page\/wp-json\/wp\/v2\/tags?post=1950"}],"curies":[{"name":"wp","href":"https:\/\/api.w.org\/{rel}","templated":true}]}}