{"id":1962,"date":"2017-04-03T09:47:46","date_gmt":"2017-04-03T07:47:46","guid":{"rendered":"http:\/\/wsse.krakow.pl\/page\/22-kwietnia-2017-zapraszamy-na-4-dzien-otwarty\/"},"modified":"2018-01-30T12:07:34","modified_gmt":"2018-01-30T11:07:34","slug":"22-kwietnia-2017-zapraszamy-na-4-dzien-otwarty","status":"publish","type":"post","link":"https:\/\/wsse.krakow.pl\/page\/22-kwietnia-2017-zapraszamy-na-4-dzien-otwarty\/","title":{"rendered":"22 kwietnia 2017 &#8211; Zapraszamy na 4 DZIE\u0143 OTWARTY!"},"content":{"rendered":"<p><img loading=\"lazy\" decoding=\"async\" class=\" alignleft  wp-image-1960\" style=\"float: left;\" src=\"http:\/\/wsse.krakow.pl\/page\/wp-content\/uploads\/2017\/04\/baner_DO_2017.jpg\" alt=\"baner DO 2017\" width=\"468\" height=\"263\" srcset=\"https:\/\/wsse.krakow.pl\/page\/wp-content\/uploads\/2017\/04\/baner_DO_2017.jpg 1890w, https:\/\/wsse.krakow.pl\/page\/wp-content\/uploads\/2017\/04\/baner_DO_2017-150x84.jpg 150w, https:\/\/wsse.krakow.pl\/page\/wp-content\/uploads\/2017\/04\/baner_DO_2017-300x169.jpg 300w, https:\/\/wsse.krakow.pl\/page\/wp-content\/uploads\/2017\/04\/baner_DO_2017-768x432.jpg 768w, https:\/\/wsse.krakow.pl\/page\/wp-content\/uploads\/2017\/04\/baner_DO_2017-1500x844.jpg 1500w\" sizes=\"auto, (max-width: 468px) 100vw, 468px\" \/><\/p>\n<p style=\"margin-bottom: 0.0001pt; text-align: justify; line-height: normal;\">\u00a0Szanowni Pa\u0144stwo!<\/p>\n<p style=\"margin-bottom: 0.0001pt; text-align: justify; line-height: normal;\">Wojew\u00f3dzka Stacja Sanitarno-Epidemiologiczna w Krakowie 22 kwietnia 2017 roku w godzinach 10:00-15:00 organizuje 4 Dzie\u0144 Otwarty, podczas kt\u00f3rego mieszka\u0144cy Krakowa i okolic b\u0119d\u0105 mogli zapozna\u0107 si\u0119 z dzia\u0142alno\u015bci\u0105 naszej instytucji oraz Partner\u00f3w wspieraj\u0105cych nas w organizacji wydarzenia. Dzie\u0144 Otwarty ma charakter rodzinnego pikniku organizowanego na terenach zielonych nale\u017c\u0105cych do WSSE w Krakowie przy ul. Pr\u0105dnickiej 76.<\/p>\n<p>&nbsp;<\/p>\n<p>&nbsp;<\/p>\n<p>&nbsp;<\/p>\n<p><!--more--><\/p>\n<p>&nbsp;<\/p>\n<p style=\"margin-bottom: 0.0001pt; text-align: justify; line-height: normal;\">W tym roku postawili\u015bmy na muzyk\u0119 i sport ale nie zabraknie te\u017c atrakcji, do kt\u00f3rych ju\u017c zd\u0105\u017cyli\u015bmy przyzwyczai\u0107 naszych go\u015bci:<\/p>\n<p style=\"margin-bottom: 0.0001pt; text-align: justify; line-height: normal;\"><strong>&#8211; koncert Dru\u017cyny Mistrz\u00f3w &#8211; Bosskiego Romana &#8211; godzina 12:00<\/strong><\/p>\n<p style=\"margin-bottom: 0.0001pt; text-align: justify; line-height: normal;\">&#8211; pokaz Maksyma Riznyka \u2013 Mistrza Polski Street Workout<\/p>\n<p style=\"margin-bottom: 0.0001pt; text-align: justify; line-height: normal;\">&#8211; prezentacja stra\u017cackiego wyposa\u017cenia ratunkowo-ga\u015bniczego &#8211; od godziny 11:00<\/p>\n<p>&#8211; prezentacja radiowozu &#8211; od godziny 10:00<\/p>\n<p>&#8211; pokazy sport\u00f3w walki <span style=\"font-size: 10pt; line-height: 119%; font-family: 'Century Gothic'; color: #000000;\">FELIX BOXING GYM &amp; B.B.B. SERCA KRAKOWA,<\/span><\/p>\n<p style=\"margin-bottom: 0.0001pt; text-align: justify; line-height: normal;\">&#8211; warsztaty robot\u00f3w,<\/p>\n<p style=\"margin-bottom: 0.0001pt; text-align: justify; line-height: normal;\">&#8211; gry i zabawy dla dzieci,<\/p>\n<p style=\"margin-bottom: 0.0001pt; text-align: justify; line-height: normal;\">&#8211; zwiedzanie laboratorium,<\/p>\n<p style=\"margin-bottom: 0.0001pt; text-align: justify; line-height: normal;\">&#8211; badania profilaktyczne i konsultacje specjalistyczne.<\/p>\n<p>&nbsp;<\/p>\n<p>Pokazy sportowe rozpoczn\u0105 sie oko\u0142o godziny 12:00.<\/p>\n<p>Program 4 Dnia Otwartego b\u0119dzie na bie\u017c\u0105co aktualizaowany.<\/p>\n<p style=\"margin-bottom: 0.0001pt; text-align: justify; line-height: normal;\">Serdecznie zapraszamy do udzia\u0142u w wydarzeniu i wsp\u00f3lnej zabawy.<\/p>\n<p>&nbsp;<\/p>\n<p style=\"margin-bottom: 0.0001pt; text-align: justify; line-height: normal;\">Wydarzenie otrzyma\u0142o patronat honorowy:<\/p>\n<p>J\u00f3zefa Pilcha &#8211; Wojewody Ma\u0142opolskiego<\/p>\n<p style=\"margin-bottom: 0.0001pt; text-align: justify; line-height: normal;\">Jacka Krupy \u2013 Marsza\u0142ka Wojew\u00f3dztwa Ma\u0142opolskiego<\/p>\n<p>&nbsp;<\/p>\n<p>Patronat medialny:<\/p>\n<p>TVP3 Krak\u00f3w<\/p>\n<p>Radio Krak\u00f3w<\/p>\n<p>Miasto Pociech<\/p>\n<p><img loading=\"lazy\" decoding=\"async\" class=\" size-full wp-image-1961\" src=\"http:\/\/wsse.krakow.pl\/page\/wp-content\/uploads\/2017\/04\/Plakat_DO_20.jpg\" alt=\"Plakat DO 20\" width=\"500\" height=\"700\" srcset=\"https:\/\/wsse.krakow.pl\/page\/wp-content\/uploads\/2017\/04\/Plakat_DO_20.jpg 699w, https:\/\/wsse.krakow.pl\/page\/wp-content\/uploads\/2017\/04\/Plakat_DO_20-107x150.jpg 107w, https:\/\/wsse.krakow.pl\/page\/wp-content\/uploads\/2017\/04\/Plakat_DO_20-214x300.jpg 214w\" sizes=\"auto, (max-width: 500px) 100vw, 500px\" \/><\/p>\n<p>&nbsp;<\/p>\n<p>El\u017cbieta Kuras<br \/>\nDzia\u0142 Zdrowia Publicznego i Promocji Zdrowia<br \/>\nData wprowadzenia: 3 kwietnia 2017 r.<br \/>\nData ostatniej aktualizacji: 3 kwietnia 2017 r.<\/p>\n<p>&nbsp;<\/p>\n<p>&nbsp;<\/p>\n<!-- WP Attachments -->\r\n        <div style=\"width:100%;margin:10px 0 10px 0;\">\r\n            <h3>Pliki do pobrania:<\/h3>\r\n        <ul class=\"post-attachments\"><li class=\"post-attachment mime-image-jpeg\"><a href=\"https:\/\/wsse.krakow.pl\/page\/22-kwietnia-2017-zapraszamy-na-4-dzien-otwarty\/?download=1960\">baner DO 2017<\/a> <small>(183 kB)<\/small><\/li><li class=\"post-attachment mime-image-jpeg\"><a href=\"https:\/\/wsse.krakow.pl\/page\/22-kwietnia-2017-zapraszamy-na-4-dzien-otwarty\/?download=1961\">Plakat DO 20<\/a> <small>(129 kB)<\/small><\/li><\/ul><\/div>","protected":false},"excerpt":{"rendered":"<p><img loading=\"lazy\" decoding=\"async\" class=\" alignleft size-full wp-image-1960\" src=\"http:\/\/wsse.krakow.pl\/page\/wp-content\/uploads\/2017\/04\/baner_DO_2017.jpg\" alt=\"baner DO 2017\" width=\"562\" height=\"316\" style=\"float: left;\" srcset=\"https:\/\/wsse.krakow.pl\/page\/wp-content\/uploads\/2017\/04\/baner_DO_2017.jpg 1890w, https:\/\/wsse.krakow.pl\/page\/wp-content\/uploads\/2017\/04\/baner_DO_2017-150x84.jpg 150w, https:\/\/wsse.krakow.pl\/page\/wp-content\/uploads\/2017\/04\/baner_DO_2017-300x169.jpg 300w, https:\/\/wsse.krakow.pl\/page\/wp-content\/uploads\/2017\/04\/baner_DO_2017-768x432.jpg 768w, https:\/\/wsse.krakow.pl\/page\/wp-content\/uploads\/2017\/04\/baner_DO_2017-1500x844.jpg 1500w\" sizes=\"auto, (max-width: 562px) 100vw, 562px\" \/><\/p>\n<p style=\"margin-bottom: 0.0001pt; text-align: justify; line-height: normal;\">&nbsp;Szanowni Pa\u0144stwo!<\/p>\n<p style=\"margin-bottom: 0.0001pt; text-align: justify; line-height: normal;\">Wojew&oacute;dzka Stacja Sanitarno-Epidemiologiczna w Krakowie 22 kwietnia 2017 roku w godzinach 10:00-15:00 organizuje 4 Dzie\u0144 Otwarty, podczas kt&oacute;rego mieszka\u0144cy Krakowa i okolic b\u0119d\u0105 mogli zapozna\u0107 si\u0119 z dzia\u0142alno\u015bci\u0105 naszej instytucji oraz Partner&oacute;w wspieraj\u0105cych nas w organizacji wydarzenia. Dzie\u0144 Otwarty ma charakter rodzinnego pikniku organizowanego na terenach zielonych nale\u017c\u0105cych do WSSE w Krakowie przy ul. Pr\u0105dnickiej 76. W tym roku postawili\u015bmy na muzyk\u0119 i sport ale nie zabraknie te\u017c atrakcji, do kt&oacute;rych ju\u017c zd\u0105\u017cyli\u015bmy przyzwyczai\u0107 naszych go\u015bci:<\/p>\n<p style=\"margin-bottom: 0.0001pt; text-align: justify; line-height: normal;\"><strong>&#8211; koncert Dru\u017cyny Mistrz&oacute;w &#8211; Bosskiego Romana &#8211; godzina 12:00<\/strong><\/p>\n<p style=\"margin-bottom: 0.0001pt; text-align: justify; line-height: normal;\">&#8211; pokaz Maksyma Riznyka &ndash; Mistrza Polski Street Workout<\/p>\n<p style=\"margin-bottom: 0.0001pt; text-align: justify; line-height: normal;\">&#8211; prezentacja stra\u017cackiego wyposa\u017cenia ratunkowo-ga\u015bniczego &#8211; od godziny 11:00<\/p>\n<p>&#8211; prezentacja radiowozu &#8211; od godziny 10:00<\/p>\n<p>&#8211; pokazy sport&oacute;w walki <span style=\"font-size: 10pt; line-height: 119%; font-family: 'Century Gothic'; color: #000000;\">FELIX BOXING GYM &amp; B.B.B. SERCA KRAKOWA,<\/span><span style=\"font-size: 36pt; line-height: 119%; font-family: 'Century Gothic'; color: #4b6987;\"> <\/span><\/p>\n<p style=\"margin-bottom: 0.0001pt; text-align: justify; line-height: normal;\">&#8211; warsztaty robot&oacute;w,<\/p>\n<p style=\"margin-bottom: 0.0001pt; text-align: justify; line-height: normal;\">&#8211; gry i zabawy dla dzieci,<\/p>\n<p style=\"margin-bottom: 0.0001pt; text-align: justify; line-height: normal;\">&#8211; zwiedzanie laboratorium,<\/p>\n<p style=\"margin-bottom: 0.0001pt; text-align: justify; line-height: normal;\">&#8211; badania profilaktyczne i konsultacje specjalistyczne.<\/p>\n<p>&nbsp;<\/p>\n<p>Pokazy sportowe rozpoczn\u0105 sie oko\u0142o godziny 12:00.<\/p>\n<p>Program 4 Dnia Otwartego b\u0119dzie na bie\u017c\u0105co aktualizaowany.<\/p>\n<p style=\"margin-bottom: 0.0001pt; text-align: justify; line-height: normal;\">Serdecznie zapraszamy do udzia\u0142u w wydarzeniu i wsp&oacute;lnej zabawy.<\/p>\n<p>&nbsp;<\/p>\n<p style=\"margin-bottom: 0.0001pt; text-align: justify; line-height: normal;\">Wydarzenie otrzyma\u0142o patronat honorowy:<\/p>\n<p>J&oacute;zefa Pilcha &#8211; Wojewody Ma\u0142opolskiego<\/p>\n<p style=\"margin-bottom: 0.0001pt; text-align: justify; line-height: normal;\">Jacka Krupy &ndash; Marsza\u0142ka Wojew&oacute;dztwa Ma\u0142opolskiego<\/p>\n<p>&nbsp;<\/p>\n<p>Patronat medialny:<\/p>\n<p>TVP3 Krak&oacute;w<\/p>\n<p>Radio Krak&oacute;w<\/p>\n<p>Miasto Pociech<\/p>\n<p><img loading=\"lazy\" decoding=\"async\" class=\" size-full wp-image-1961\" src=\"http:\/\/wsse.krakow.pl\/page\/wp-content\/uploads\/2017\/04\/Plakat_DO_20.jpg\" alt=\"Plakat DO 20\" width=\"500\" height=\"700\" srcset=\"https:\/\/wsse.krakow.pl\/page\/wp-content\/uploads\/2017\/04\/Plakat_DO_20.jpg 699w, https:\/\/wsse.krakow.pl\/page\/wp-content\/uploads\/2017\/04\/Plakat_DO_20-107x150.jpg 107w, https:\/\/wsse.krakow.pl\/page\/wp-content\/uploads\/2017\/04\/Plakat_DO_20-214x300.jpg 214w\" sizes=\"auto, (max-width: 500px) 100vw, 500px\" \/><\/p>\n<p>&nbsp;<\/p>\n","protected":false},"author":1,"featured_media":0,"comment_status":"closed","ping_status":"closed","sticky":false,"template":"","format":"standard","meta":{"_monsterinsights_skip_tracking":false,"_monsterinsights_sitenote_active":false,"_monsterinsights_sitenote_note":"","_monsterinsights_sitenote_category":0,"footnotes":""},"categories":[4],"tags":[],"class_list":["post-1962","post","type-post","status-publish","format-standard","hentry","category-komunikaty"],"_links":{"self":[{"href":"https:\/\/wsse.krakow.pl\/page\/wp-json\/wp\/v2\/posts\/1962","targetHints":{"allow":["GET"]}}],"collection":[{"href":"https:\/\/wsse.krakow.pl\/page\/wp-json\/wp\/v2\/posts"}],"about":[{"href":"https:\/\/wsse.krakow.pl\/page\/wp-json\/wp\/v2\/types\/post"}],"author":[{"embeddable":true,"href":"https:\/\/wsse.krakow.pl\/page\/wp-json\/wp\/v2\/users\/1"}],"replies":[{"embeddable":true,"href":"https:\/\/wsse.krakow.pl\/page\/wp-json\/wp\/v2\/comments?post=1962"}],"version-history":[{"count":2,"href":"https:\/\/wsse.krakow.pl\/page\/wp-json\/wp\/v2\/posts\/1962\/revisions"}],"predecessor-version":[{"id":2399,"href":"https:\/\/wsse.krakow.pl\/page\/wp-json\/wp\/v2\/posts\/1962\/revisions\/2399"}],"wp:attachment":[{"href":"https:\/\/wsse.krakow.pl\/page\/wp-json\/wp\/v2\/media?parent=1962"}],"wp:term":[{"taxonomy":"category","embeddable":true,"href":"https:\/\/wsse.krakow.pl\/page\/wp-json\/wp\/v2\/categories?post=1962"},{"taxonomy":"post_tag","embeddable":true,"href":"https:\/\/wsse.krakow.pl\/page\/wp-json\/wp\/v2\/tags?post=1962"}],"curies":[{"name":"wp","href":"https:\/\/api.w.org\/{rel}","templated":true}]}}