{"id":1964,"date":"2017-04-07T06:40:37","date_gmt":"2017-04-07T04:40:37","guid":{"rendered":"http:\/\/wsse.krakow.pl\/page\/7-kwietnia-swiatowy-dzien-zdrowia-2\/"},"modified":"2017-04-07T06:40:37","modified_gmt":"2017-04-07T04:40:37","slug":"7-kwietnia-swiatowy-dzien-zdrowia-2","status":"publish","type":"post","link":"https:\/\/wsse.krakow.pl\/page\/7-kwietnia-swiatowy-dzien-zdrowia-2\/","title":{"rendered":"7 kwietnia \u2013 \u015awiatowy Dzie\u0144 Zdrowia"},"content":{"rendered":"<p style=\"margin-bottom: 0.0001pt; text-align: justify; line-height: 150%; background-image: initial; background-position: initial; background-repeat: initial; background-attachment: initial;\"><span style=\"font-family: Tahoma, sans-serif; background-image: initial; background-position: initial; background-repeat: initial; background-attachment: initial;\">Jak co roku 7 kwietnia, <\/span><span style=\"font-family: Tahoma, sans-serif;\">w rocznic\u0119 powstania \u015awiatowej Organizacji Zdrowia,<\/span><span style=\"font-family: Tahoma, sans-serif; background-image: initial; background-position: initial; background-repeat: initial; background-attachment: initial;\"> obchodzony jest \u015awiatowy Dzie\u0144 Zdrowia, kt&oacute;rego celem jest <\/span><span style=\"font-family: Tahoma, sans-serif;\">poruszanie temat&oacute;w wa\u017cnych dla ludzi na ca\u0142ym \u015bwiecie. Nast\u0119pstwem tego jest mobilizacja dzia\u0142a\u0144, kt&oacute;re b\u0119d\u0105 precyzyjnie skierowane na okre\u015blone zagadnienia i problemy zdrowotne. <\/span><span style=\"text-decoration: underline;\"><span style=\"font-family: Tahoma, sans-serif; background-image: initial; background-position: initial; background-repeat: initial; background-attachment: initial;\">Tematem przewodnim<\/span><\/span> <b><span style=\"font-family: Tahoma, sans-serif; background-image: initial; background-position: initial; background-repeat: initial; background-attachment: initial;\"><\/span><\/b> <span style=\"font-family: Tahoma, sans-serif; background-image: initial; background-position: initial; background-repeat: initial; background-attachment: initial;\">tegorocznego wydarzenia jest<\/span><strong><span style=\"font-family: Tahoma, sans-serif; background-image: initial; background-position: initial; background-repeat: initial; background-attachment: initial;\">depresja.&nbsp;<\/span><\/strong><span style=\"font-family: Tahoma, sans-serif; background-image: initial; background-position: initial; background-repeat: initial; background-attachment: initial;\">Obchodom przy\u015bwieca <b>has\u0142o &#8222;Depresja &#8211; porozmawiajmy o niej&#8221;.<\/b><\/span><\/p>\n<p style=\"margin-bottom: 0.0001pt; text-align: justify; line-height: 150%; vertical-align: baseline;\"><span style=\"font-family: Tahoma, sans-serif;\">Wg WHO &#8211; depresja jest chorob\u0105, kt&oacute;ra charakteryzuje si\u0119 uporczywie utrzymuj\u0105cym si\u0119 uczuciem smutku, utrat\u0105 zainteresowania czynno\u015bciami, kt&oacute;re na og&oacute;\u0142 sprawia\u0142y chorej osobie przyjemno\u015b\u0107. Cz\u0119sto towarzyszy temu niezdolno\u015b\u0107 do wykonywania codziennych czynno\u015bci, a stan ten utrzymuje si\u0119 co najmniej przez okres dw&oacute;ch tygodni. Depresja mo\u017ce dotkn\u0105\u0107 ka\u017cdego, bez wzgl\u0119du na wiek czy p\u0142e\u0107! Wed\u0142ug danych \u015awiatowej Organizacji Zdrowia (WHO) z depresj\u0105 boryka si\u0119 ok. 300 milion&oacute;w os&oacute;b na ca\u0142ym \u015bwiecie.<\/span><\/p>\n<p style=\"margin-bottom: 0.0001pt; text-align: justify; line-height: 150%; vertical-align: baseline;\"><span style=\"font-family: Tahoma, sans-serif;\">Do objaw&oacute;w depresji zalicza si\u0119 m.in.:<\/span><\/p>\n<p style=\"text-align: justify;\"><img loading=\"lazy\" decoding=\"async\" class=\" size-full wp-image-1963\" src=\"http:\/\/wsse.krakow.pl\/page\/wp-content\/uploads\/2017\/04\/ergt.jpg\" alt=\"ergt\" width=\"591\" height=\"456\" srcset=\"https:\/\/wsse.krakow.pl\/page\/wp-content\/uploads\/2017\/04\/ergt.jpg 1277w, https:\/\/wsse.krakow.pl\/page\/wp-content\/uploads\/2017\/04\/ergt-150x116.jpg 150w, https:\/\/wsse.krakow.pl\/page\/wp-content\/uploads\/2017\/04\/ergt-300x232.jpg 300w, https:\/\/wsse.krakow.pl\/page\/wp-content\/uploads\/2017\/04\/ergt-768x594.jpg 768w\" sizes=\"auto, (max-width: 591px) 100vw, 591px\" \/><\/p>\n<p style=\"margin-bottom: 0.0001pt; text-align: justify; line-height: 150%; vertical-align: baseline;\"><b><span style=\"font-family: Tahoma, sans-serif;\">Pami\u0119tajmy! Depresji mo\u017cna zapobiega\u0107 i&nbsp;mo\u017cna j\u0105 leczy\u0107!<\/span><\/b><\/p>\n<p style=\"margin-bottom: 0.0001pt; text-align: justify; line-height: 150%;\"><strong><span style=\"font-family: Tahoma, sans-serif; background-image: initial; background-position: initial; background-repeat: initial; background-attachment: initial;\"><\/span><\/strong><\/p>\n<p style=\"margin-bottom: 0.0001pt; text-align: justify; line-height: 150%;\"><span style=\"font-family: Tahoma, sans-serif; background-image: initial; background-position: initial; background-repeat: initial; background-attachment: initial;\">Wi\u0119cej informacji zwi\u0105zanych z t\u0105 tematyk\u0105 dost\u0119pnych jest na stronach m. in.: <\/span><\/p>\n<ol>\n<li><strong><span style=\"font-family: Tahoma, sans-serif; background-image: initial; background-position: initial; background-repeat: initial; background-attachment: initial; font-weight: normal;\">\u015awiatowej Organizacji Zdrowia (WHO)<\/span><\/strong><\/li>\n<li><strong><span style=\"font-family: Tahoma, sans-serif; background-image: initial; background-position: initial; background-repeat: initial; background-attachment: initial; font-weight: normal;\">Biura WHO w Polsce<\/span><\/strong><\/li>\n<li><span style=\"font-family: Tahoma, sans-serif;\">G\u0142&oacute;wnego Inspektoratu Sanitarnego&nbsp;<\/span><\/li>\n<\/ol>\n<p>&nbsp;<\/p>\n<p style=\"margin-bottom: 0.0001pt; text-align: justify; line-height: 150%;\"><span style=\"font-family: Tahoma, sans-serif;\">Aleksandra Barszczewska<\/span><\/p>\n<p style=\"margin-bottom: 0.0001pt; text-align: justify; line-height: 150%;\"><span style=\"font-family: Tahoma, sans-serif;\">Dzia\u0142 Zdrowia Publicznego i Promocji Zdrowia <\/span><\/p>\n<p style=\"margin-bottom: 0.0001pt; text-align: justify; line-height: 150%;\"><span style=\"font-family: Tahoma, sans-serif;\">WSSE w Krakowie <\/span><\/p>\n<p style=\"margin: 0cm 0cm 0.0001pt 1cm; text-align: justify; line-height: 150%;\"><span style=\"font-family: Tahoma, sans-serif;\"><\/span><\/p>\n<!-- WP Attachments -->\r\n        <div style=\"width:100%;margin:10px 0 10px 0;\">\r\n            <h3>Pliki do pobrania:<\/h3>\r\n        <ul class=\"post-attachments\"><li class=\"post-attachment mime-image-jpeg\"><a href=\"https:\/\/wsse.krakow.pl\/page\/7-kwietnia-swiatowy-dzien-zdrowia-2\/?download=1963\">ergt<\/a> <small>(111 kB)<\/small><\/li><\/ul><\/div>","protected":false},"excerpt":{"rendered":"<p style=\"margin-bottom: 0.0001pt; text-align: justify; line-height: 150%; background-image: initial; background-position: initial; background-repeat: initial; background-attachment: initial;\"><span style=\"font-family: Tahoma, sans-serif; background-image: initial; background-position: initial; background-repeat: initial; background-attachment: initial;\">Jak co roku 7 kwietnia, <\/span><span style=\"font-family: Tahoma, sans-serif;\">w rocznic\u0119 powstania \u015awiatowej Organizacji Zdrowia,<\/span><span style=\"font-family: Tahoma, sans-serif; background-image: initial; background-position: initial; background-repeat: initial; background-attachment: initial;\"> obchodzony jest \u015awiatowy Dzie\u0144 Zdrowia, kt&oacute;rego celem jest <\/span><span style=\"font-family: Tahoma, sans-serif;\">poruszanie temat&oacute;w wa\u017cnych dla ludzi na ca\u0142ym \u015bwiecie. Nast\u0119pstwem tego jest mobilizacja dzia\u0142a\u0144, kt&oacute;re b\u0119d\u0105 precyzyjnie skierowane na okre\u015blone zagadnienia i problemy zdrowotne. <\/span><span style=\"text-decoration: underline;\"><span style=\"font-family: Tahoma, sans-serif; background-image: initial; background-position: initial; background-repeat: initial; background-attachment: initial;\">Tematem przewodnim<\/span><\/span> <b><span style=\"font-family: Tahoma, sans-serif; background-image: initial; background-position: initial; background-repeat: initial; background-attachment: initial;\"><\/span><\/b> <span style=\"font-family: Tahoma, sans-serif; background-image: initial; background-position: initial; background-repeat: initial; background-attachment: initial;\">tegorocznego wydarzenia jest<\/span><strong><span style=\"font-family: Tahoma, sans-serif; background-image: initial; background-position: initial; background-repeat: initial; background-attachment: initial;\">depresja.&nbsp;<\/span><\/strong><span style=\"font-family: Tahoma, sans-serif; background-image: initial; background-position: initial; background-repeat: initial; background-attachment: initial;\">Obchodom przy\u015bwieca <b>has\u0142o &#8222;Depresja &#8211; porozmawiajmy o niej&#8221;.<\/b><\/span><\/p>\n<p style=\"margin-bottom: 0.0001pt; text-align: justify; line-height: 150%; vertical-align: baseline;\"><span style=\"font-family: Tahoma, sans-serif;\">Wg WHO &#8211; depresja jest chorob\u0105, kt&oacute;ra charakteryzuje si\u0119 uporczywie utrzymuj\u0105cym si\u0119 uczuciem smutku, utrat\u0105 zainteresowania czynno\u015bciami, kt&oacute;re na og&oacute;\u0142 sprawia\u0142y chorej osobie przyjemno\u015b\u0107. Cz\u0119sto towarzyszy temu niezdolno\u015b\u0107 do wykonywania codziennych czynno\u015bci, a stan ten utrzymuje si\u0119 co najmniej przez okres dw&oacute;ch tygodni. Depresja mo\u017ce dotkn\u0105\u0107 ka\u017cdego, bez wzgl\u0119du na wiek czy p\u0142e\u0107! Wed\u0142ug danych \u015awiatowej Organizacji Zdrowia (WHO) z depresj\u0105 boryka si\u0119 ok. 300 milion&oacute;w os&oacute;b na ca\u0142ym \u015bwiecie.<\/span><\/p>\n<p style=\"margin-bottom: 0.0001pt; text-align: justify; line-height: 150%; vertical-align: baseline;\"><span style=\"font-family: Tahoma, sans-serif;\">Do objaw&oacute;w depresji zalicza si\u0119 m.in.:<\/span><\/p>\n<p style=\"text-align: justify;\"><img loading=\"lazy\" decoding=\"async\" class=\" size-full wp-image-1963\" src=\"http:\/\/wsse.krakow.pl\/page\/wp-content\/uploads\/2017\/04\/ergt.jpg\" alt=\"ergt\" width=\"591\" height=\"456\" srcset=\"https:\/\/wsse.krakow.pl\/page\/wp-content\/uploads\/2017\/04\/ergt.jpg 1277w, https:\/\/wsse.krakow.pl\/page\/wp-content\/uploads\/2017\/04\/ergt-150x116.jpg 150w, https:\/\/wsse.krakow.pl\/page\/wp-content\/uploads\/2017\/04\/ergt-300x232.jpg 300w, https:\/\/wsse.krakow.pl\/page\/wp-content\/uploads\/2017\/04\/ergt-768x594.jpg 768w\" sizes=\"auto, (max-width: 591px) 100vw, 591px\" \/><\/p>\n<p style=\"margin-bottom: 0.0001pt; text-align: justify; line-height: 150%; vertical-align: baseline;\"><b><span style=\"font-family: Tahoma, sans-serif;\">Pami\u0119tajmy! Depresji mo\u017cna zapobiega\u0107 i&nbsp;mo\u017cna j\u0105 leczy\u0107!<\/span><\/b><\/p>\n<p style=\"margin-bottom: 0.0001pt; text-align: justify; line-height: 150%;\"><strong><span style=\"font-family: Tahoma, sans-serif; background-image: initial; background-position: initial; background-repeat: initial; background-attachment: initial;\"><\/span><\/strong><\/p>\n<p style=\"margin-bottom: 0.0001pt; text-align: justify; line-height: 150%;\"><span style=\"font-family: Tahoma, sans-serif; background-image: initial; background-position: initial; background-repeat: initial; background-attachment: initial;\">Wi\u0119cej informacji zwi\u0105zanych z t\u0105 tematyk\u0105 dost\u0119pnych jest na stronach m. in.: <\/span><\/p>\n<ol>\n<li><strong><span style=\"font-family: Tahoma, sans-serif; background-image: initial; background-position: initial; background-repeat: initial; background-attachment: initial; font-weight: normal;\">\u015awiatowej Organizacji Zdrowia (WHO)<\/span><\/strong><\/li>\n<li><strong><span style=\"font-family: Tahoma, sans-serif; background-image: initial; background-position: initial; background-repeat: initial; background-attachment: initial; font-weight: normal;\">Biura WHO w Polsce<\/span><\/strong><\/li>\n<li><span style=\"font-family: Tahoma, sans-serif;\">G\u0142&oacute;wnego Inspektoratu Sanitarnego&nbsp;<\/span><\/li>\n<\/ol>\n","protected":false},"author":1,"featured_media":0,"comment_status":"closed","ping_status":"closed","sticky":false,"template":"","format":"standard","meta":{"_monsterinsights_skip_tracking":false,"_monsterinsights_sitenote_active":false,"_monsterinsights_sitenote_note":"","_monsterinsights_sitenote_category":0,"footnotes":""},"categories":[40],"tags":[],"class_list":["post-1964","post","type-post","status-publish","format-standard","hentry","category-promocja-zdrowia"],"_links":{"self":[{"href":"https:\/\/wsse.krakow.pl\/page\/wp-json\/wp\/v2\/posts\/1964","targetHints":{"allow":["GET"]}}],"collection":[{"href":"https:\/\/wsse.krakow.pl\/page\/wp-json\/wp\/v2\/posts"}],"about":[{"href":"https:\/\/wsse.krakow.pl\/page\/wp-json\/wp\/v2\/types\/post"}],"author":[{"embeddable":true,"href":"https:\/\/wsse.krakow.pl\/page\/wp-json\/wp\/v2\/users\/1"}],"replies":[{"embeddable":true,"href":"https:\/\/wsse.krakow.pl\/page\/wp-json\/wp\/v2\/comments?post=1964"}],"version-history":[{"count":0,"href":"https:\/\/wsse.krakow.pl\/page\/wp-json\/wp\/v2\/posts\/1964\/revisions"}],"wp:attachment":[{"href":"https:\/\/wsse.krakow.pl\/page\/wp-json\/wp\/v2\/media?parent=1964"}],"wp:term":[{"taxonomy":"category","embeddable":true,"href":"https:\/\/wsse.krakow.pl\/page\/wp-json\/wp\/v2\/categories?post=1964"},{"taxonomy":"post_tag","embeddable":true,"href":"https:\/\/wsse.krakow.pl\/page\/wp-json\/wp\/v2\/tags?post=1964"}],"curies":[{"name":"wp","href":"https:\/\/api.w.org\/{rel}","templated":true}]}}