{"id":1966,"date":"2017-04-18T12:31:22","date_gmt":"2017-04-18T10:31:22","guid":{"rendered":"http:\/\/wsse.krakow.pl\/page\/komunikat-2-maja-2017-r-dniem-wolnym-od-pracy-w-wsse-w-krakowie\/"},"modified":"2019-12-20T13:25:27","modified_gmt":"2019-12-20T12:25:27","slug":"komunikat-2-maja-2017-r-dniem-wolnym-od-pracy-w-wsse-w-krakowie","status":"publish","type":"post","link":"https:\/\/wsse.krakow.pl\/page\/komunikat-2-maja-2017-r-dniem-wolnym-od-pracy-w-wsse-w-krakowie\/","title":{"rendered":"KOMUNIKAT: Praca w Wojew\u00f3dzkiej Stacji Sanitarno-Epidemiologicznej w Krakowie w okresie \u015bwi\u0105teczno-noworocznym"},"content":{"rendered":"<p style=\"margin-bottom: 0.0001pt; line-height: normal; text-align: justify;\"><span style=\"font-family: arial,helvetica,sans-serif;\"><b><span style=\"font-family: 'Tahoma-Bold','sans-serif';\"><img loading=\"lazy\" decoding=\"async\" class=\" alignleft size-full wp-image-1965\" style=\"margin-right: 20px; margin-bottom: 20px; float: left;\" src=\"http:\/\/wsse.krakow.pl\/page\/wp-content\/uploads\/2017\/04\/informacja.jpg\" alt=\"informacja\" width=\"235\" height=\"235\" \/><\/span><\/b><\/span><\/p>\n<p style=\"text-align: justify;\">\n<p><strong>Wojew\u00f3dzka Stacja Sanitarno-Epidemiologiczna\u00a0 w Krakowie b\u0119dzie czynna 24 grudnia tj.wtorek (Wigilia)\u00a0 i 31 stycznia tj.wtorek (Sylwester) <\/strong><b><br \/>\n<strong>w godzinach od 7.30 do 13.00.<\/strong><\/b><\/p>\n<p>Przypominamy r\u00f3wnie\u017c, i\u017c 27 grudnia 2019 r. Wojew\u00f3dzka Stacja Sanitarno-Epidemiologiczna w Krakowie b\u0119dzie nieczynna.<\/p>\n<p style=\"text-align: left;\">Za wszelkie utrudnienia serdecznie przepraszamy.<\/p>\n","protected":false},"excerpt":{"rendered":"<p>Wojew\u00f3dzka Stacja Sanitarno-Epidemiologiczna\u00a0 w Krakowie b\u0119dzie czynna 24 grudnia tj.wtorek (Wigilia)\u00a0 i 31 stycznia tj.wtorek (Sylwester) w godzinach od 7.30 do 13.00. Przypominamy r\u00f3wnie\u017c, i\u017c 27 grudnia 2019 r. Wojew\u00f3dzka Stacja Sanitarno-Epidemiologiczna w Krakowie b\u0119dzie nieczynna. Za wszelkie utrudnienia serdecznie przepraszamy.<\/p>\n","protected":false},"author":1,"featured_media":0,"comment_status":"closed","ping_status":"closed","sticky":false,"template":"","format":"standard","meta":{"_monsterinsights_skip_tracking":false,"_monsterinsights_sitenote_active":false,"_monsterinsights_sitenote_note":"","_monsterinsights_sitenote_category":0,"footnotes":""},"categories":[4],"tags":[242],"class_list":["post-1966","post","type-post","status-publish","format-standard","hentry","category-komunikaty","tag-komunikat-praca-w-okresie-swiateczno-noworocznym"],"_links":{"self":[{"href":"https:\/\/wsse.krakow.pl\/page\/wp-json\/wp\/v2\/posts\/1966","targetHints":{"allow":["GET"]}}],"collection":[{"href":"https:\/\/wsse.krakow.pl\/page\/wp-json\/wp\/v2\/posts"}],"about":[{"href":"https:\/\/wsse.krakow.pl\/page\/wp-json\/wp\/v2\/types\/post"}],"author":[{"embeddable":true,"href":"https:\/\/wsse.krakow.pl\/page\/wp-json\/wp\/v2\/users\/1"}],"replies":[{"embeddable":true,"href":"https:\/\/wsse.krakow.pl\/page\/wp-json\/wp\/v2\/comments?post=1966"}],"version-history":[{"count":2,"href":"https:\/\/wsse.krakow.pl\/page\/wp-json\/wp\/v2\/posts\/1966\/revisions"}],"predecessor-version":[{"id":5525,"href":"https:\/\/wsse.krakow.pl\/page\/wp-json\/wp\/v2\/posts\/1966\/revisions\/5525"}],"wp:attachment":[{"href":"https:\/\/wsse.krakow.pl\/page\/wp-json\/wp\/v2\/media?parent=1966"}],"wp:term":[{"taxonomy":"category","embeddable":true,"href":"https:\/\/wsse.krakow.pl\/page\/wp-json\/wp\/v2\/categories?post=1966"},{"taxonomy":"post_tag","embeddable":true,"href":"https:\/\/wsse.krakow.pl\/page\/wp-json\/wp\/v2\/tags?post=1966"}],"curies":[{"name":"wp","href":"https:\/\/api.w.org\/{rel}","templated":true}]}}