{"id":1990,"date":"2017-04-29T09:52:08","date_gmt":"2017-04-29T07:52:08","guid":{"rendered":"http:\/\/wsse.krakow.pl\/page\/uwaga-i-etap-konkursu-antydopalacze-zakonczony\/"},"modified":"2017-04-29T09:52:08","modified_gmt":"2017-04-29T07:52:08","slug":"uwaga-i-etap-konkursu-antydopalacze-zakonczony","status":"publish","type":"post","link":"https:\/\/wsse.krakow.pl\/page\/uwaga-i-etap-konkursu-antydopalacze-zakonczony\/","title":{"rendered":"UWAGA! I etap konkursu #Antydopalacze zako\u0144czony!"},"content":{"rendered":"<p style=\"text-align: justify;\"><span style=\"font-size: 14pt; line-height: 115%;\"><\/span>Informujemy, i\u017c zako\u0144czony zosta\u0142 I etap konkursu #Antydopalacze. Komisja konkursowa zadecydowa\u0142a, \u017ce do II etapu zakwalifikowali si\u0119:<\/p>\n<ul>\n<li><b>Marcin Jarosz &#8211; <\/b>Zesp&oacute;\u0142 Szk&oacute;\u0142 Ponadgimnazjalnych IM. IN\u017b. J&oacute;zefa Marka Mszana Dolna<\/li>\n<li><b>&bdquo;Placik&#8221;<\/b> &#8211; Zesp&oacute;\u0142 Szk&oacute;\u0142 Nr. 4 w Nowym S\u0105czu<\/li>\n<li><b>Krzysztof Lichota 'KAWAS&#8217;<\/b> &#8211; Zesp&oacute;\u0142 Szk&oacute;\u0142<\/li>\n<li><b>Jakub Wiejak &bdquo;WIEJAK&rdquo;<\/b> &#8211; Gimnazjum i Liceum Og&oacute;lnokszta\u0142c\u0105ce Marcina Gortata Krak&oacute;w<\/li>\n<li><b>Dawid Wojtaczka<\/b> &#8211; Zesp&oacute;\u0142 Szk&oacute;\u0142 Nr. 4 w Nowym S\u0105czu<\/li>\n<li>Mateusz G\u0119za &#8211; Zasadnicza Szko\u0142a Zawodowa w Czarnym Dunajcu<\/li>\n<\/ul>\n<p style=\"text-align: justify;\"><b>&nbsp;<\/b><\/p>\n<p style=\"text-align: justify;\">Zwyci\u0119zc\u0105 I etapu GRATULUJEMY!!!<\/p>\n<p style=\"text-align: justify;\">Jednocze\u015bnie przypominamy, \u017ce g\u0142osowanie w II etapie konkursu odbywa si\u0119 <b>od 1 &ndash; 7 maja<\/b> na profilu Dru\u017cyny Mistrz&oacute;w na Facebooku. Utw&oacute;r, kt&oacute;ry otrzyma najwi\u0119ksz\u0105 liczb\u0119 komentarzy zwyci\u0119\u017cy!<\/p>\n<p style=\"text-align: justify;\">Wi\u0119cej informacji dost\u0119pnych jest na profilu Dru\u017cyny Mistrz&oacute;w.<\/p>\n<p style=\"text-align: justify;\"><b>\u017byczymy powodzenia!<\/b><\/p>\n<p style=\"text-align: justify;\">Wszystkim osobom, kt&oacute;re wzi\u0119\u0142y udzia\u0142 w konkursie serdecznie dzi\u0119kujemy i zapraszamy do udzia\u0142u w GALI FINA\u0141OWEJ, kt&oacute;ra odb\u0119dzie si\u0119 w czerwcu. O szczeg&oacute;\u0142ach poinformujemy niebawem!<\/p>\n<p style=\"text-align: justify;\">Dzia\u0142 Zdrowia Publicznego i Promocji Zdrowia<\/p>\n","protected":false},"excerpt":{"rendered":"<p>Informujemy, i\u017c zako\u0144czony zosta\u0142 I etap konkursu #Antydopalacze. Komisja konkursowa zadecydowa\u0142a, \u017ce do II etapu zakwalifikowali si\u0119: Marcin Jarosz &#8211; Zesp&oacute;\u0142 Szk&oacute;\u0142 Ponadgimnazjalnych IM. IN\u017b. J&oacute;zefa Marka Mszana Dolna &bdquo;Placik&#8221; &#8211; Zesp&oacute;\u0142 Szk&oacute;\u0142 Nr. 4 w Nowym S\u0105czu Krzysztof Lichota 'KAWAS&#8217; &#8211; Zesp&oacute;\u0142 Szk&oacute;\u0142 Jakub Wiejak &bdquo;WIEJAK&rdquo; &#8211; Gimnazjum i Liceum Og&oacute;lnokszta\u0142c\u0105ce Marcina Gortata Krak&oacute;w [&hellip;]<\/p>\n","protected":false},"author":32,"featured_media":0,"comment_status":"closed","ping_status":"closed","sticky":false,"template":"","format":"standard","meta":{"_monsterinsights_skip_tracking":false,"_monsterinsights_sitenote_active":false,"_monsterinsights_sitenote_note":"","_monsterinsights_sitenote_category":0,"footnotes":""},"categories":[4],"tags":[],"class_list":["post-1990","post","type-post","status-publish","format-standard","hentry","category-komunikaty"],"_links":{"self":[{"href":"https:\/\/wsse.krakow.pl\/page\/wp-json\/wp\/v2\/posts\/1990","targetHints":{"allow":["GET"]}}],"collection":[{"href":"https:\/\/wsse.krakow.pl\/page\/wp-json\/wp\/v2\/posts"}],"about":[{"href":"https:\/\/wsse.krakow.pl\/page\/wp-json\/wp\/v2\/types\/post"}],"author":[{"embeddable":true,"href":"https:\/\/wsse.krakow.pl\/page\/wp-json\/wp\/v2\/users\/32"}],"replies":[{"embeddable":true,"href":"https:\/\/wsse.krakow.pl\/page\/wp-json\/wp\/v2\/comments?post=1990"}],"version-history":[{"count":0,"href":"https:\/\/wsse.krakow.pl\/page\/wp-json\/wp\/v2\/posts\/1990\/revisions"}],"wp:attachment":[{"href":"https:\/\/wsse.krakow.pl\/page\/wp-json\/wp\/v2\/media?parent=1990"}],"wp:term":[{"taxonomy":"category","embeddable":true,"href":"https:\/\/wsse.krakow.pl\/page\/wp-json\/wp\/v2\/categories?post=1990"},{"taxonomy":"post_tag","embeddable":true,"href":"https:\/\/wsse.krakow.pl\/page\/wp-json\/wp\/v2\/tags?post=1990"}],"curies":[{"name":"wp","href":"https:\/\/api.w.org\/{rel}","templated":true}]}}