{"id":1993,"date":"2017-05-05T10:21:54","date_gmt":"2017-05-05T08:21:54","guid":{"rendered":"http:\/\/wsse.krakow.pl\/page\/swiatowy-dzien-higieny-rak\/"},"modified":"2017-05-05T10:21:54","modified_gmt":"2017-05-05T08:21:54","slug":"swiatowy-dzien-higieny-rak","status":"publish","type":"post","link":"https:\/\/wsse.krakow.pl\/page\/swiatowy-dzien-higieny-rak\/","title":{"rendered":"\u015awiatowy Dzie\u0144 Higieny R\u0105k"},"content":{"rendered":"<p style=\"text-align: justify;\"><span style=\"font-family: arial,helvetica,sans-serif; font-size: 10pt;\">5 maja 2017 r. przypada \u015awiatowy Dzie\u0144 Higieny R\u0105k, kt&oacute;ry WHO promuje pod has\u0142em: &bdquo;Fight antibiotic resistance &#8211; it&#8217;s in your hands&rdquo; &#8211; &bdquo;Zwalczanie antybiotykooporno\u015bci jest w twoich r\u0119kach&rdquo;.<\/span><\/p>\n<p style=\"text-align: justify;\"><span style=\"font-family: arial,helvetica,sans-serif; font-size: 10pt;\">Higiena r\u0105k to podstawowy \u015brodek, kt&oacute;ry ograniczy\u0107 mo\u017ce rozprzestrzenianie si\u0119 zaka\u017ce\u0144. <b>Taka prosta czynno\u015b\u0107, a tak wiele od niej zale\u017cy.<\/b> Brak konsekwentnego przestrzegania mycia r\u0105k stanowi og&oacute;lno\u015bwiatowy problem w&nbsp;sektorze opieki zdrowotnej. <span style=\"color: black;\">Higiena r\u0105k to&nbsp;najwa\u017cniejszy aspekt w zapobieganiu zaka\u017ceniom w plac&oacute;wkach s\u0142u\u017cby zdrowia, albowiem mycie i dezynfekcja&nbsp;r\u0105k w du\u017cym stopniu redukuje ryzyko przeniesienia mikroorganizm&oacute;w chorobotw&oacute;rczych, a <\/span>statystyki wykazuj\u0105, \u017ce 90% zaka\u017ce\u0144 szpitalnych mo\u017cna unikn\u0105\u0107, je\u015bli higiena r\u0105k by\u0142aby na wy\u017cszym poziomie.<\/span><\/p>\n<p style=\"text-align: justify; line-height: normal;\"><span style=\"font-family: arial,helvetica,sans-serif; font-size: 10pt;\"><b><span style=\"color: black;\">Mycie&nbsp;r\u0105k<\/span><\/b><span style=\"color: black;\"> ma na celu <span style=\"text-decoration: underline;\">usuni\u0119cie zanieczyszcze\u0144 fizycznych, substancji organicznych z r\u0105k<\/span>. <b>Dezynfekcja<\/b> natomiast ma za zadanie <\/span><span style=\"color: black;\"><span style=\"text-decoration: underline;\">redukowa\u0107 flor\u0119 przej\u015bciow\u0105 i flor\u0119 sta\u0142\u0105 sk&oacute;ry.<\/span><\/span><span style=\"font-size: 12pt; font-family: 'Times New Roman','serif'; color: black;\"><span style=\"text-decoration: underline;\"> <\/span><\/span><\/span><\/p>\n<p>&nbsp;<\/p>\n<p><img loading=\"lazy\" decoding=\"async\" class=\" size-full wp-image-1991\" src=\"http:\/\/wsse.krakow.pl\/page\/wp-content\/uploads\/2017\/05\/mycie_rak.jpg\" alt=\"mycie rak\" width=\"572\" height=\"633\" srcset=\"https:\/\/wsse.krakow.pl\/page\/wp-content\/uploads\/2017\/05\/mycie_rak.jpg 755w, https:\/\/wsse.krakow.pl\/page\/wp-content\/uploads\/2017\/05\/mycie_rak-135x150.jpg 135w, https:\/\/wsse.krakow.pl\/page\/wp-content\/uploads\/2017\/05\/mycie_rak-271x300.jpg 271w\" sizes=\"auto, (max-width: 572px) 100vw, 572px\" \/><\/p>\n<p><img loading=\"lazy\" decoding=\"async\" class=\" size-full wp-image-1992\" src=\"http:\/\/wsse.krakow.pl\/page\/wp-content\/uploads\/2017\/05\/higiena.jpg\" alt=\"higiena\" width=\"551\" height=\"367\" srcset=\"https:\/\/wsse.krakow.pl\/page\/wp-content\/uploads\/2017\/05\/higiena.jpg 819w, https:\/\/wsse.krakow.pl\/page\/wp-content\/uploads\/2017\/05\/higiena-150x100.jpg 150w, https:\/\/wsse.krakow.pl\/page\/wp-content\/uploads\/2017\/05\/higiena-300x200.jpg 300w, https:\/\/wsse.krakow.pl\/page\/wp-content\/uploads\/2017\/05\/higiena-768x513.jpg 768w\" sizes=\"auto, (max-width: 551px) 100vw, 551px\" \/><\/p>\n<p>Aleksandra Barszczewska<br \/>Dzia\u0142 Zdrowia Publicznego i Promocji Zdrowia<br \/>Data wprowadzenia: 5 maja 2017<br \/>Data ostatniej aktualizacji: 5 maja 2017<\/p>\n<!-- WP Attachments -->\r\n        <div style=\"width:100%;margin:10px 0 10px 0;\">\r\n            <h3>Pliki do pobrania:<\/h3>\r\n        <ul class=\"post-attachments\"><li class=\"post-attachment mime-image-jpeg\"><a href=\"https:\/\/wsse.krakow.pl\/page\/swiatowy-dzien-higieny-rak\/?download=1991\">mycie rak<\/a> <small>(81 kB)<\/small><\/li><li class=\"post-attachment mime-image-jpeg\"><a href=\"https:\/\/wsse.krakow.pl\/page\/swiatowy-dzien-higieny-rak\/?download=1992\">higiena<\/a> <small>(53 kB)<\/small><\/li><\/ul><\/div>","protected":false},"excerpt":{"rendered":"<p style=\"text-align: justify;\"><span style=\"font-family: arial,helvetica,sans-serif; font-size: 10pt;\">5 maja 2017 r. przypada \u015awiatowy Dzie\u0144 Higieny R\u0105k, kt&oacute;ry WHO promuje pod has\u0142em: &bdquo;Fight antibiotic resistance &#8211; it&#8217;s in your hands&rdquo; &#8211; &bdquo;Zwalczanie antybiotykooporno\u015bci jest w twoich r\u0119kach&rdquo;.<\/span><\/p>\n<p style=\"text-align: justify;\"><span style=\"font-family: arial,helvetica,sans-serif; font-size: 10pt;\">Higiena r\u0105k to podstawowy \u015brodek, kt&oacute;ry ograniczy\u0107 mo\u017ce rozprzestrzenianie si\u0119 zaka\u017ce\u0144. <b>Taka prosta czynno\u015b\u0107, a tak wiele od niej zale\u017cy.<\/b> Brak konsekwentnego przestrzegania mycia r\u0105k stanowi og&oacute;lno\u015bwiatowy problem w&nbsp;sektorze opieki zdrowotnej. <span style=\"color: black;\">Higiena r\u0105k to&nbsp;najwa\u017cniejszy aspekt w zapobieganiu zaka\u017ceniom w plac&oacute;wkach s\u0142u\u017cby zdrowia, albowiem mycie i dezynfekcja&nbsp;r\u0105k w du\u017cym stopniu redukuje ryzyko przeniesienia mikroorganizm&oacute;w chorobotw&oacute;rczych, a <\/span>statystyki wykazuj\u0105, \u017ce 90% zaka\u017ce\u0144 szpitalnych mo\u017cna unikn\u0105\u0107, je\u015bli higiena r\u0105k by\u0142aby na wy\u017cszym poziomie.<\/span><\/p>\n<p style=\"text-align: justify; line-height: normal;\"><span style=\"font-family: arial,helvetica,sans-serif; font-size: 10pt;\"><b><span style=\"color: black;\">Mycie&nbsp;r\u0105k<\/span><\/b><span style=\"color: black;\"> ma na celu <span style=\"text-decoration: underline;\">usuni\u0119cie zanieczyszcze\u0144 fizycznych, substancji organicznych z r\u0105k<\/span>. <b>Dezynfekcja<\/b> natomiast ma za zadanie <\/span><span style=\"color: black;\"><span style=\"text-decoration: underline;\">redukowa\u0107 flor\u0119 przej\u015bciow\u0105 i flor\u0119 sta\u0142\u0105 sk&oacute;ry.<\/span><\/span><span style=\"font-size: 12pt; font-family: 'Times New Roman','serif'; color: black;\"><span style=\"text-decoration: underline;\"> <\/span><\/span><\/span><\/p>\n<p>&nbsp;<\/p>\n<p><img loading=\"lazy\" decoding=\"async\" class=\" size-full wp-image-1991\" src=\"http:\/\/wsse.krakow.pl\/page\/wp-content\/uploads\/2017\/05\/mycie_rak.jpg\" alt=\"mycie rak\" width=\"572\" height=\"633\" srcset=\"https:\/\/wsse.krakow.pl\/page\/wp-content\/uploads\/2017\/05\/mycie_rak.jpg 755w, https:\/\/wsse.krakow.pl\/page\/wp-content\/uploads\/2017\/05\/mycie_rak-135x150.jpg 135w, https:\/\/wsse.krakow.pl\/page\/wp-content\/uploads\/2017\/05\/mycie_rak-271x300.jpg 271w\" sizes=\"auto, (max-width: 572px) 100vw, 572px\" \/><\/p>\n<p><img loading=\"lazy\" decoding=\"async\" class=\" size-full wp-image-1992\" src=\"http:\/\/wsse.krakow.pl\/page\/wp-content\/uploads\/2017\/05\/higiena.jpg\" alt=\"higiena\" width=\"551\" height=\"367\" srcset=\"https:\/\/wsse.krakow.pl\/page\/wp-content\/uploads\/2017\/05\/higiena.jpg 819w, https:\/\/wsse.krakow.pl\/page\/wp-content\/uploads\/2017\/05\/higiena-150x100.jpg 150w, https:\/\/wsse.krakow.pl\/page\/wp-content\/uploads\/2017\/05\/higiena-300x200.jpg 300w, https:\/\/wsse.krakow.pl\/page\/wp-content\/uploads\/2017\/05\/higiena-768x513.jpg 768w\" sizes=\"auto, (max-width: 551px) 100vw, 551px\" \/><\/p>\n","protected":false},"author":1,"featured_media":0,"comment_status":"closed","ping_status":"closed","sticky":false,"template":"","format":"standard","meta":{"_monsterinsights_skip_tracking":false,"_monsterinsights_sitenote_active":false,"_monsterinsights_sitenote_note":"","_monsterinsights_sitenote_category":0,"footnotes":""},"categories":[40],"tags":[],"class_list":["post-1993","post","type-post","status-publish","format-standard","hentry","category-promocja-zdrowia"],"_links":{"self":[{"href":"https:\/\/wsse.krakow.pl\/page\/wp-json\/wp\/v2\/posts\/1993","targetHints":{"allow":["GET"]}}],"collection":[{"href":"https:\/\/wsse.krakow.pl\/page\/wp-json\/wp\/v2\/posts"}],"about":[{"href":"https:\/\/wsse.krakow.pl\/page\/wp-json\/wp\/v2\/types\/post"}],"author":[{"embeddable":true,"href":"https:\/\/wsse.krakow.pl\/page\/wp-json\/wp\/v2\/users\/1"}],"replies":[{"embeddable":true,"href":"https:\/\/wsse.krakow.pl\/page\/wp-json\/wp\/v2\/comments?post=1993"}],"version-history":[{"count":0,"href":"https:\/\/wsse.krakow.pl\/page\/wp-json\/wp\/v2\/posts\/1993\/revisions"}],"wp:attachment":[{"href":"https:\/\/wsse.krakow.pl\/page\/wp-json\/wp\/v2\/media?parent=1993"}],"wp:term":[{"taxonomy":"category","embeddable":true,"href":"https:\/\/wsse.krakow.pl\/page\/wp-json\/wp\/v2\/categories?post=1993"},{"taxonomy":"post_tag","embeddable":true,"href":"https:\/\/wsse.krakow.pl\/page\/wp-json\/wp\/v2\/tags?post=1993"}],"curies":[{"name":"wp","href":"https:\/\/api.w.org\/{rel}","templated":true}]}}