{"id":2005,"date":"2017-06-12T12:04:26","date_gmt":"2017-06-12T10:04:26","guid":{"rendered":"http:\/\/wsse.krakow.pl\/page\/komunikat-16-czerwca-2017-r-dniem-wolnym-od-pracy-w-wsse-w-krakowie\/"},"modified":"2019-12-20T13:29:30","modified_gmt":"2019-12-20T12:29:30","slug":"komunikat-16-czerwca-2017-r-dniem-wolnym-od-pracy-w-wsse-w-krakowie","status":"publish","type":"post","link":"https:\/\/wsse.krakow.pl\/page\/komunikat-16-czerwca-2017-r-dniem-wolnym-od-pracy-w-wsse-w-krakowie\/","title":{"rendered":"KOMUNIKAT:  Praca w Wojew\u00f3dzkiej Stacji Sanitarno-Epidemiologicznej w Krakowie w okresie \u015bwi\u0105teczno-noworocznym"},"content":{"rendered":"<p style=\"text-align: justify;\"><strong><img loading=\"lazy\" decoding=\"async\" class=\" alignleft size-full wp-image-1965\" style=\"float: left;\" src=\"http:\/\/wsse.krakow.pl\/page\/wp-content\/uploads\/2017\/04\/informacja.jpg\" alt=\"informacja\" width=\"113\" height=\"113\" \/> <\/strong><strong>Wojew\u00f3dzka Stacja Sanitarno-Epidemiologiczna\u00a0 w Krakowie b\u0119dzie czynna 24 grudnia tj.wtorek (Wigilia)\u00a0 i 31 stycznia tj.wtorek (Sylwester) <\/strong><strong>w godzinach od 7.30 do 13.00.<\/strong><\/p>\n<p>Przypominamy r\u00f3wnie\u017c, i\u017c 27 grudnia 2019 r. Wojew\u00f3dzka Stacja Sanitarno-Epidemiologiczna w Krakowie b\u0119dzie nieczynna.<\/p>\n<p style=\"text-align: justify;\"><strong>Za wszelkie utrudnienia serdecznie przepraszamy<\/strong><\/p>\n","protected":false},"excerpt":{"rendered":"<p>Wojew\u00f3dzka Stacja Sanitarno-Epidemiologiczna\u00a0 w Krakowie b\u0119dzie czynna 24 grudnia tj.wtorek (Wigilia)\u00a0 i 31 stycznia tj.wtorek (Sylwester) w godzinach od 7.30 do 13.00. Przypominamy r\u00f3wnie\u017c, i\u017c 27 grudnia 2019 r. Wojew\u00f3dzka Stacja Sanitarno-Epidemiologiczna w Krakowie b\u0119dzie nieczynna. Za wszelkie utrudnienia serdecznie przepraszamy<\/p>\n","protected":false},"author":45,"featured_media":0,"comment_status":"closed","ping_status":"closed","sticky":false,"template":"","format":"standard","meta":{"_monsterinsights_skip_tracking":false,"_monsterinsights_sitenote_active":false,"_monsterinsights_sitenote_note":"","_monsterinsights_sitenote_category":0,"footnotes":""},"categories":[4],"tags":[242],"class_list":["post-2005","post","type-post","status-publish","format-standard","hentry","category-komunikaty","tag-komunikat-praca-w-okresie-swiateczno-noworocznym"],"_links":{"self":[{"href":"https:\/\/wsse.krakow.pl\/page\/wp-json\/wp\/v2\/posts\/2005","targetHints":{"allow":["GET"]}}],"collection":[{"href":"https:\/\/wsse.krakow.pl\/page\/wp-json\/wp\/v2\/posts"}],"about":[{"href":"https:\/\/wsse.krakow.pl\/page\/wp-json\/wp\/v2\/types\/post"}],"author":[{"embeddable":true,"href":"https:\/\/wsse.krakow.pl\/page\/wp-json\/wp\/v2\/users\/45"}],"replies":[{"embeddable":true,"href":"https:\/\/wsse.krakow.pl\/page\/wp-json\/wp\/v2\/comments?post=2005"}],"version-history":[{"count":2,"href":"https:\/\/wsse.krakow.pl\/page\/wp-json\/wp\/v2\/posts\/2005\/revisions"}],"predecessor-version":[{"id":5527,"href":"https:\/\/wsse.krakow.pl\/page\/wp-json\/wp\/v2\/posts\/2005\/revisions\/5527"}],"wp:attachment":[{"href":"https:\/\/wsse.krakow.pl\/page\/wp-json\/wp\/v2\/media?parent=2005"}],"wp:term":[{"taxonomy":"category","embeddable":true,"href":"https:\/\/wsse.krakow.pl\/page\/wp-json\/wp\/v2\/categories?post=2005"},{"taxonomy":"post_tag","embeddable":true,"href":"https:\/\/wsse.krakow.pl\/page\/wp-json\/wp\/v2\/tags?post=2005"}],"curies":[{"name":"wp","href":"https:\/\/api.w.org\/{rel}","templated":true}]}}