{"id":2007,"date":"2017-06-19T10:39:08","date_gmt":"2017-06-19T08:39:08","guid":{"rendered":"http:\/\/wsse.krakow.pl\/page\/gala-finalowa-konkursu-antydopalacze\/"},"modified":"2017-06-19T10:39:08","modified_gmt":"2017-06-19T08:39:08","slug":"gala-finalowa-konkursu-antydopalacze","status":"publish","type":"post","link":"https:\/\/wsse.krakow.pl\/page\/gala-finalowa-konkursu-antydopalacze\/","title":{"rendered":"Gala Fina\u0142owa Konkursu #ANTYDOPALACZE"},"content":{"rendered":"<p><img loading=\"lazy\" decoding=\"async\" class=\" size-full wp-image-2006\" src=\"http:\/\/wsse.krakow.pl\/page\/wp-content\/uploads\/2017\/06\/19054887_1428450963890549_746286147640976148_o.jpg\" alt=\"19054887 1428450963890549 746286147640976148 o\" width=\"596\" height=\"453\" style=\"display: block; margin-left: auto; margin-right: auto;\" \/><\/p>\n<p style=\"text-align: justify;\">Dzi\u0119ki uprzejmo\u015bci p. Aleksandry Grodeckiej &ndash; Dyrektor M\u0142odzie\u017cowego Domu Kultury &bdquo;Dom Harcerza&rdquo; w dniu 12.06.2017 r. mia\u0142o miejsce uroczyste zwie\u0144czenie Konkursu #ANTYDOPALACZE, realizowanego w ramach kampanii informacyjno-edukacyjnej &bdquo;Dopal dopalaczom. Wolni od narkotyk&oacute;w &ndash; kreatywni w \u017cyciu&rdquo;.<\/p>\n<p style=\"text-align: justify;\">Uroczystego otwarcia Gali Fina\u0142owej dokona\u0142 Ma\u0142opolski Pa\u0144stwowy Wojew&oacute;dzki Inspektor Sanitarny &ndash; p. Jaros\u0142aw Foremny, wyra\u017caj\u0105c s\u0142owa uznania dla wszystkich uczni&oacute;w, kt&oacute;rzy wzi\u0119li udzia\u0142 w konkursie.<\/p>\n<p style=\"text-align: justify;\">Gor\u0105ce podzi\u0119kowania i gratulacje z\u0142o\u017cy\u0142 finalistom Prezes Fundacji Dru\u017cyna Mistrz&oacute;w &ndash; Roman Lachowolski.<\/p>\n<p style=\"text-align: justify;\">Kolejno g\u0142os zabra\u0142a, p. Karolina Guba\u0142a &ndash; psycholog, terapeuta uzale\u017cnie\u0144 oraz cz\u0142onek Fundacji Wspomagaj\u0105cej Wychowanie &bdquo;ARCHEZJA&rdquo;, kt&oacute;ra poprowadzi\u0142a warsztaty pod has\u0142em: &bdquo;Czy ka\u017cdy mo\u017ce zosta\u0107 Mistrzem &ndash; a je\u015bli tak to jak?&rdquo;. Warsztaty pani Karoliny, profilaktyka spo\u0142ecznego z wieloletnim do\u015bwiadczeniem spotka\u0142y si\u0119 z pozytywnym odbiorem m\u0142odzie\u017cy, bior\u0105cej udzia\u0142 w wydarzeniu.<\/p>\n<p style=\"text-align: justify;\">Kr&oacute;tkiego podsumowania na temat cel&oacute;w konkursu, jego przebiegu i wynik&oacute;w g\u0142osowania, dokona\u0142a Natalia Synowska &ndash; pracownik Dzia\u0142u Zdrowia Publicznego i Promocji Zdrowia w WSSE w Krakowie.<\/p>\n<p style=\"text-align: justify;\">Finalistom konkursu wr\u0119czono upominki i dyplomy.<\/p>\n<p>Fina\u0142 zwie\u0144czy\u0142a prezentacja konkursowego klipu z udzia\u0142em laureata &ndash; Krzysztofa Patryka Lichoty i finalisty (II miejsce) &ndash; Jakuba Wiejaka.<\/p>\n<p>Zapraszamy do obejrzenia i udost\u0119pniania klipu &#8211; oto link:<\/p>\n<p><a href=\"https:\/\/www.youtube.com\/watch?v=ZI0TILSsG3I\">https:\/\/www.youtube.com\/watch?v=ZI0TILSsG3I<\/a><\/p>\n<p style=\"text-align: left;\">&nbsp;<\/p>\n<p style=\"text-align: left;\">Martyna Rajska<br \/>Dzia\u0142 Zdrowia Publicznego i Promocji Zdrowia<br \/>Data wprowadzenia: 19 czerwca 2017<br \/>Data ostatniej aktualizacji: 19 czerca 2017<\/p>\n<!-- WP Attachments -->\r\n        <div style=\"width:100%;margin:10px 0 10px 0;\">\r\n            <h3>Pliki do pobrania:<\/h3>\r\n        <ul class=\"post-attachments\"><li class=\"post-attachment mime-image-jpeg\"><a href=\"https:\/\/wsse.krakow.pl\/page\/gala-finalowa-konkursu-antydopalacze\/?download=2006\">19054887 1428450963890549 746286147640976148 o<\/a> <small>(268 kB)<\/small><\/li><\/ul><\/div>","protected":false},"excerpt":{"rendered":"<p><img loading=\"lazy\" decoding=\"async\" class=\" size-full wp-image-2006\" src=\"http:\/\/wsse.krakow.pl\/page\/wp-content\/uploads\/2017\/06\/19054887_1428450963890549_746286147640976148_o.jpg\" alt=\"19054887 1428450963890549 746286147640976148 o\" width=\"596\" height=\"453\" style=\"display: block; margin-left: auto; margin-right: auto;\" \/><\/p>\n<p style=\"text-align: justify;\">Dzi\u0119ki uprzejmo\u015bci p. Aleksandry Grodeckiej &ndash; Dyrektor M\u0142odzie\u017cowego Domu Kultury &bdquo;Dom Harcerza&rdquo; w dniu 12.06.2017 r. mia\u0142o miejsce uroczyste zwie\u0144czenie Konkursu #ANTYDOPALACZE, realizowanego w ramach kampanii informacyjno-edukacyjnej &bdquo;Dopal dopalaczom. Wolni od narkotyk&oacute;w &ndash; kreatywni w \u017cyciu&rdquo;.<\/p>\n<p style=\"text-align: justify;\">Uroczystego otwarcia Gali Fina\u0142owej dokona\u0142 Ma\u0142opolski Pa\u0144stwowy Wojew&oacute;dzki Inspektor Sanitarny &ndash; p. Jaros\u0142aw Foremny, wyra\u017caj\u0105c s\u0142owa uznania dla wszystkich uczni&oacute;w, kt&oacute;rzy wzi\u0119li udzia\u0142 w konkursie.<\/p>\n<p style=\"text-align: justify;\">Gor\u0105ce podzi\u0119kowania i gratulacje z\u0142o\u017cy\u0142 finalistom Prezes Fundacji Dru\u017cyna Mistrz&oacute;w &ndash; Roman Lachowolski.<\/p>\n<p style=\"text-align: justify;\">Kolejno g\u0142os zabra\u0142a, p. Karolina Guba\u0142a &ndash; psycholog, terapeuta uzale\u017cnie\u0144 oraz cz\u0142onek Fundacji Wspomagaj\u0105cej Wychowanie &bdquo;ARCHEZJA&rdquo;, kt&oacute;ra poprowadzi\u0142a warsztaty pod has\u0142em: &bdquo;Czy ka\u017cdy mo\u017ce zosta\u0107 Mistrzem &ndash; a je\u015bli tak to jak?&rdquo;. Warsztaty pani Karoliny, profilaktyka spo\u0142ecznego z wieloletnim do\u015bwiadczeniem spotka\u0142y si\u0119 z pozytywnym odbiorem m\u0142odzie\u017cy, bior\u0105cej udzia\u0142 w wydarzeniu.<\/p>\n<p style=\"text-align: justify;\">Kr&oacute;tkiego podsumowania na temat cel&oacute;w konkursu, jego przebiegu i wynik&oacute;w g\u0142osowania, dokona\u0142a Natalia Synowska &ndash; pracownik Dzia\u0142u Zdrowia Publicznego i Promocji Zdrowia w WSSE w Krakowie.<\/p>\n<p style=\"text-align: justify;\">Finalistom konkursu wr\u0119czono upominki i dyplomy.<\/p>\n<p>Fina\u0142 zwie\u0144czy\u0142a prezentacja konkursowego klipu z udzia\u0142em laureata &ndash; Krzysztofa Patryka Lichoty i finalisty (II miejsce) &ndash; Jakuba Wiejaka.<\/p>\n<p>Zapraszamy do obejrzenia i udost\u0119pniania klipu &#8211; oto link:<\/p>\n<p><a href=\"https:\/\/www.youtube.com\/watch?v=ZI0TILSsG3I\">https:\/\/www.youtube.com\/watch?v=ZI0TILSsG3I<\/a><\/p>\n","protected":false},"author":45,"featured_media":0,"comment_status":"closed","ping_status":"closed","sticky":false,"template":"","format":"standard","meta":{"_monsterinsights_skip_tracking":false,"_monsterinsights_sitenote_active":false,"_monsterinsights_sitenote_note":"","_monsterinsights_sitenote_category":0,"footnotes":""},"categories":[40],"tags":[],"class_list":["post-2007","post","type-post","status-publish","format-standard","hentry","category-promocja-zdrowia"],"_links":{"self":[{"href":"https:\/\/wsse.krakow.pl\/page\/wp-json\/wp\/v2\/posts\/2007","targetHints":{"allow":["GET"]}}],"collection":[{"href":"https:\/\/wsse.krakow.pl\/page\/wp-json\/wp\/v2\/posts"}],"about":[{"href":"https:\/\/wsse.krakow.pl\/page\/wp-json\/wp\/v2\/types\/post"}],"author":[{"embeddable":true,"href":"https:\/\/wsse.krakow.pl\/page\/wp-json\/wp\/v2\/users\/45"}],"replies":[{"embeddable":true,"href":"https:\/\/wsse.krakow.pl\/page\/wp-json\/wp\/v2\/comments?post=2007"}],"version-history":[{"count":0,"href":"https:\/\/wsse.krakow.pl\/page\/wp-json\/wp\/v2\/posts\/2007\/revisions"}],"wp:attachment":[{"href":"https:\/\/wsse.krakow.pl\/page\/wp-json\/wp\/v2\/media?parent=2007"}],"wp:term":[{"taxonomy":"category","embeddable":true,"href":"https:\/\/wsse.krakow.pl\/page\/wp-json\/wp\/v2\/categories?post=2007"},{"taxonomy":"post_tag","embeddable":true,"href":"https:\/\/wsse.krakow.pl\/page\/wp-json\/wp\/v2\/tags?post=2007"}],"curies":[{"name":"wp","href":"https:\/\/api.w.org\/{rel}","templated":true}]}}