{"id":2017,"date":"2017-06-26T08:33:09","date_gmt":"2017-06-26T06:33:09","guid":{"rendered":"http:\/\/wsse.krakow.pl\/page\/kreci-mnie-bezpieczenstwo-nad-woda\/"},"modified":"2017-06-26T08:33:09","modified_gmt":"2017-06-26T06:33:09","slug":"kreci-mnie-bezpieczenstwo-nad-woda","status":"publish","type":"post","link":"https:\/\/wsse.krakow.pl\/page\/kreci-mnie-bezpieczenstwo-nad-woda\/","title":{"rendered":"Kr\u0119ci mnie bezpiecze\u0144stwo&#8230; nad wod\u0105"},"content":{"rendered":"<p style=\"text-align: justify;\"><img loading=\"lazy\" decoding=\"async\" class=\" alignleft size-full wp-image-2015\" src=\"http:\/\/wsse.krakow.pl\/page\/wp-content\/uploads\/2017\/06\/krecimniebezpnadwoda-logo.jpg\" alt=\"krecimniebezpnadwoda logo\" width=\"190\" height=\"190\" style=\"float: left;\" srcset=\"https:\/\/wsse.krakow.pl\/page\/wp-content\/uploads\/2017\/06\/krecimniebezpnadwoda-logo.jpg 650w, https:\/\/wsse.krakow.pl\/page\/wp-content\/uploads\/2017\/06\/krecimniebezpnadwoda-logo-150x150.jpg 150w, https:\/\/wsse.krakow.pl\/page\/wp-content\/uploads\/2017\/06\/krecimniebezpnadwoda-logo-300x300.jpg 300w\" sizes=\"auto, (max-width: 190px) 100vw, 190px\" \/>Minister Spraw Wewn\u0119trznych i Administracji Mariusz B\u0142aszczak zainicjowa\u0142 akcj\u0119 pn. &bdquo;Kr\u0119ci mnie bezpiecze\u0144stwo&#8230; nad wod\u0105&#8221;, kt&oacute;ra po\u015bwi\u0119cona jest bezpiecze\u0144stwu os&oacute;b przebywaj\u0105cych w wodzie lub nad wod\u0105. Bezpo\u015brednimi adresatami projektu s\u0105 dzieci, m\u0142odzie\u017c i osoby doros\u0142e, adresatami po\u015brednimi &ndash; zarz\u0105dzaj\u0105cy wyznaczonymi obszarami wodnymi, w szczeg&oacute;lno\u015bci k\u0105pieliskami, a tak\u017ce podmioty prowadz\u0105ce dzia\u0142alno\u015b\u0107 w zakresie rekreacji wodnej i wypoczynku (m.in. wypo\u017cyczalnie sprz\u0119tu wodnego, o\u015brodki wypoczynkowe, itp.).<\/p>\n<p style=\"text-align: justify;\">G\u0142&oacute;wnym celem akcji jest propagowanie w\u0142a\u015bciwego zachowania na akwenach, w tym zasad bezpiecznej k\u0105pieli, bezpiecznego \u017ceglowania oraz uprawiania sport&oacute;w wodnych, a w efekcie ograniczenie wypadk&oacute;w toni\u0119\u0107. Projekt realizowany jest na terenie ca\u0142ego kraju od czerwca do wrze\u015bnia 2017 r.<\/p>\n<p style=\"text-align: justify;\">Na potrzeby projektu opracowane zosta\u0142y materia\u0142y edukacyjno-informacyjne, m.in.: informatory oraz naklejki. W ramach akcji zosta\u0142 r&oacute;wnie\u017c og\u0142oszony konkurs filmowy &#8211; Filmowy przeWODNIK promuj\u0105cy bezpieczne przebywanie w wodzie lub nad wod\u0105.<\/p>\n<p><img loading=\"lazy\" decoding=\"async\" class=\" size-full wp-image-2016\" src=\"http:\/\/wsse.krakow.pl\/page\/wp-content\/uploads\/2017\/06\/BEZPIECZNE_WAKACJE_mini.jpg\" alt=\"BEZPIECZNE WAKACJE mini\" width=\"548\" height=\"387\" style=\"display: block; margin-left: auto; margin-right: auto;\" srcset=\"https:\/\/wsse.krakow.pl\/page\/wp-content\/uploads\/2017\/06\/BEZPIECZNE_WAKACJE_mini.jpg 1024w, https:\/\/wsse.krakow.pl\/page\/wp-content\/uploads\/2017\/06\/BEZPIECZNE_WAKACJE_mini-150x106.jpg 150w, https:\/\/wsse.krakow.pl\/page\/wp-content\/uploads\/2017\/06\/BEZPIECZNE_WAKACJE_mini-300x212.jpg 300w, https:\/\/wsse.krakow.pl\/page\/wp-content\/uploads\/2017\/06\/BEZPIECZNE_WAKACJE_mini-768x543.jpg 768w\" sizes=\"auto, (max-width: 548px) 100vw, 548px\" \/><\/p>\n<p>Wi\u0119cej informacji dot. akcji znajd\u0105 Pa\u0144stwo na stronie:<\/p>\n<p><a href=\"https:\/\/www.malopolska.uw.gov.pl\/PressArticlePage.aspx?id=9349\">https:\/\/www.malopolska.uw.gov.pl\/PressArticlePage.aspx?id=9349<\/a><\/p>\n<p>&nbsp;<\/p>\n<p style=\"text-align: left;\">Aleksandra Barszczewska<br \/>Dzia\u0142 Zdrowia Publicznego i Promocji Zdrowia<br \/>Data wprowadzenia: 26 czerwca 2017<br \/>Data ostatniej aktualizacji: 26 czerca 2017<\/p>\n<!-- WP Attachments -->\r\n        <div style=\"width:100%;margin:10px 0 10px 0;\">\r\n            <h3>Pliki do pobrania:<\/h3>\r\n        <ul class=\"post-attachments\"><li class=\"post-attachment mime-image-jpeg\"><a href=\"https:\/\/wsse.krakow.pl\/page\/kreci-mnie-bezpieczenstwo-nad-woda\/?download=2015\">kr\u0119ci mnie bezpiecze\u0144stwo nad wod\u0105<\/a> <small>(52 kB)<\/small><\/li><li class=\"post-attachment mime-image-jpeg\"><a href=\"https:\/\/wsse.krakow.pl\/page\/kreci-mnie-bezpieczenstwo-nad-woda\/?download=2016\">BEZPIECZNE WAKACJE mini<\/a> <small>(418 kB)<\/small><\/li><\/ul><\/div>","protected":false},"excerpt":{"rendered":"<p style=\"text-align: justify;\"><img loading=\"lazy\" decoding=\"async\" class=\" alignleft size-full wp-image-2015\" src=\"http:\/\/wsse.krakow.pl\/page\/wp-content\/uploads\/2017\/06\/krecimniebezpnadwoda-logo.jpg\" alt=\"krecimniebezpnadwoda logo\" width=\"190\" height=\"190\" style=\"float: left;\" srcset=\"https:\/\/wsse.krakow.pl\/page\/wp-content\/uploads\/2017\/06\/krecimniebezpnadwoda-logo.jpg 650w, https:\/\/wsse.krakow.pl\/page\/wp-content\/uploads\/2017\/06\/krecimniebezpnadwoda-logo-150x150.jpg 150w, https:\/\/wsse.krakow.pl\/page\/wp-content\/uploads\/2017\/06\/krecimniebezpnadwoda-logo-300x300.jpg 300w\" sizes=\"auto, (max-width: 190px) 100vw, 190px\" \/>Minister Spraw Wewn\u0119trznych i Administracji Mariusz B\u0142aszczak zainicjowa\u0142 akcj\u0119 pn. &bdquo;Kr\u0119ci mnie bezpiecze\u0144stwo&#8230; nad wod\u0105&#8221;, kt&oacute;ra po\u015bwi\u0119cona jest bezpiecze\u0144stwu os&oacute;b przebywaj\u0105cych w wodzie lub nad wod\u0105. Bezpo\u015brednimi adresatami projektu s\u0105 dzieci, m\u0142odzie\u017c i osoby doros\u0142e, adresatami po\u015brednimi &ndash; zarz\u0105dzaj\u0105cy wyznaczonymi obszarami wodnymi, w szczeg&oacute;lno\u015bci k\u0105pieliskami, a tak\u017ce podmioty prowadz\u0105ce dzia\u0142alno\u015b\u0107 w zakresie rekreacji wodnej i wypoczynku (m.in. wypo\u017cyczalnie sprz\u0119tu wodnego, o\u015brodki wypoczynkowe, itp.).<\/p>\n<p style=\"text-align: justify;\">G\u0142&oacute;wnym celem akcji jest propagowanie w\u0142a\u015bciwego zachowania na akwenach, w tym zasad bezpiecznej k\u0105pieli, bezpiecznego \u017ceglowania oraz uprawiania sport&oacute;w wodnych, a w efekcie ograniczenie wypadk&oacute;w toni\u0119\u0107. Projekt realizowany jest na terenie ca\u0142ego kraju od czerwca do wrze\u015bnia 2017 r.<\/p>\n<p style=\"text-align: justify;\">Na potrzeby projektu opracowane zosta\u0142y materia\u0142y edukacyjno-informacyjne, m.in.: informatory oraz naklejki. W ramach akcji zosta\u0142 r&oacute;wnie\u017c og\u0142oszony konkurs filmowy &#8211; Filmowy przeWODNIK promuj\u0105cy bezpieczne przebywanie w wodzie lub nad wod\u0105.<\/p>\n<p><img loading=\"lazy\" decoding=\"async\" class=\" size-full wp-image-2016\" src=\"http:\/\/wsse.krakow.pl\/page\/wp-content\/uploads\/2017\/06\/BEZPIECZNE_WAKACJE_mini.jpg\" alt=\"BEZPIECZNE WAKACJE mini\" width=\"548\" height=\"387\" style=\"display: block; margin-left: auto; margin-right: auto;\" srcset=\"https:\/\/wsse.krakow.pl\/page\/wp-content\/uploads\/2017\/06\/BEZPIECZNE_WAKACJE_mini.jpg 1024w, https:\/\/wsse.krakow.pl\/page\/wp-content\/uploads\/2017\/06\/BEZPIECZNE_WAKACJE_mini-150x106.jpg 150w, https:\/\/wsse.krakow.pl\/page\/wp-content\/uploads\/2017\/06\/BEZPIECZNE_WAKACJE_mini-300x212.jpg 300w, https:\/\/wsse.krakow.pl\/page\/wp-content\/uploads\/2017\/06\/BEZPIECZNE_WAKACJE_mini-768x543.jpg 768w\" sizes=\"auto, (max-width: 548px) 100vw, 548px\" \/><\/p>\n<p>Wi\u0119cej informacji dot. akcji znajd\u0105 Pa\u0144stwo na stronie:<\/p>\n<p><a href=\"https:\/\/www.malopolska.uw.gov.pl\/PressArticlePage.aspx?id=9349\">https:\/\/www.malopolska.uw.gov.pl\/PressArticlePage.aspx?id=9349<\/a><\/p>\n<p>&nbsp;<\/p>\n","protected":false},"author":45,"featured_media":0,"comment_status":"closed","ping_status":"closed","sticky":false,"template":"","format":"standard","meta":{"_monsterinsights_skip_tracking":false,"_monsterinsights_sitenote_active":false,"_monsterinsights_sitenote_note":"","_monsterinsights_sitenote_category":0,"footnotes":""},"categories":[40],"tags":[],"class_list":["post-2017","post","type-post","status-publish","format-standard","hentry","category-promocja-zdrowia"],"_links":{"self":[{"href":"https:\/\/wsse.krakow.pl\/page\/wp-json\/wp\/v2\/posts\/2017","targetHints":{"allow":["GET"]}}],"collection":[{"href":"https:\/\/wsse.krakow.pl\/page\/wp-json\/wp\/v2\/posts"}],"about":[{"href":"https:\/\/wsse.krakow.pl\/page\/wp-json\/wp\/v2\/types\/post"}],"author":[{"embeddable":true,"href":"https:\/\/wsse.krakow.pl\/page\/wp-json\/wp\/v2\/users\/45"}],"replies":[{"embeddable":true,"href":"https:\/\/wsse.krakow.pl\/page\/wp-json\/wp\/v2\/comments?post=2017"}],"version-history":[{"count":0,"href":"https:\/\/wsse.krakow.pl\/page\/wp-json\/wp\/v2\/posts\/2017\/revisions"}],"wp:attachment":[{"href":"https:\/\/wsse.krakow.pl\/page\/wp-json\/wp\/v2\/media?parent=2017"}],"wp:term":[{"taxonomy":"category","embeddable":true,"href":"https:\/\/wsse.krakow.pl\/page\/wp-json\/wp\/v2\/categories?post=2017"},{"taxonomy":"post_tag","embeddable":true,"href":"https:\/\/wsse.krakow.pl\/page\/wp-json\/wp\/v2\/tags?post=2017"}],"curies":[{"name":"wp","href":"https:\/\/api.w.org\/{rel}","templated":true}]}}