{"id":2018,"date":"2017-06-27T06:49:43","date_gmt":"2017-06-27T04:49:43","guid":{"rendered":"http:\/\/wsse.krakow.pl\/page\/27-czerwca-2017-r-swiatowy-dzien-walki-z-cukrzyca\/"},"modified":"2017-06-27T06:49:43","modified_gmt":"2017-06-27T04:49:43","slug":"27-czerwca-2017-r-swiatowy-dzien-walki-z-cukrzyca","status":"publish","type":"post","link":"https:\/\/wsse.krakow.pl\/page\/27-czerwca-2017-r-swiatowy-dzien-walki-z-cukrzyca\/","title":{"rendered":"27 czerwca 2017 r. \u015aWIATOWY DZIE\u0143 WALKI Z CUKRZYC\u0104"},"content":{"rendered":"<p style=\"text-align: justify;\">\u015awiatowy Dzie\u0144 Walki z Cukrzyc\u0105 obchodzony jest w rocznic\u0119 odkrycia insuliny przez Fredericka Bantinga (dotowany na 1922 r. natomiast w 1923 r. Banting otrzyma\u0142 za to Nagrod\u0119 Nobla, a w 1982 r. zatwierdzono j\u0105 do stosowania u ludzi). Dzi\u0119ki insulinie z choroby nieuleczalnej i prowadz\u0105cej do \u015bmierci &ndash; cukrzyca sta\u0142a si\u0119 chorob\u0105 przewlek\u0142\u0105.<\/p>\n<p>&nbsp;<\/p>\n<p>Zapraszamy do zapoznania si\u0119 z dwiema infografikami dot. cukrzycy, kt&oacute;re znajduj\u0105 si\u0119 poni\u017cej.<\/p>\n<p style=\"text-align: left;\">Aleksandra Barszczewska<br \/>Dzia\u0142 Zdrowia Publicznego i Promocji Zdrowia<br \/>Data wprowadzenia: 27 czerwca 2017<br \/>Data ostatniej aktualizacji: 27 czerca 2017<\/p>\n<p>&nbsp;<\/p>\n<p>&nbsp;<\/p>\n<!-- WP Attachments -->\r\n        <div style=\"width:100%;margin:10px 0 10px 0;\">\r\n            <h3>Pliki do pobrania:<\/h3>\r\n        <ul class=\"post-attachments\"><li class=\"post-attachment mime-image-jpeg\"><a href=\"https:\/\/wsse.krakow.pl\/page\/27-czerwca-2017-r-swiatowy-dzien-walki-z-cukrzyca\/?download=2019\">Cukrzyca 1<\/a> <small>(902 kB)<\/small><\/li><li class=\"post-attachment mime-image-jpeg\"><a href=\"https:\/\/wsse.krakow.pl\/page\/27-czerwca-2017-r-swiatowy-dzien-walki-z-cukrzyca\/?download=2020\">Cukrzyca 2<\/a> <small>(875 kB)<\/small><\/li><\/ul><\/div>","protected":false},"excerpt":{"rendered":"<p style=\"text-align: justify;\">\u015awiatowy Dzie\u0144 Walki z Cukrzyc\u0105 obchodzony jest w rocznic\u0119 odkrycia insuliny przez Fredericka Bantinga (dotowany na 1922 r. natomiast w 1923 r. Banting otrzyma\u0142 za to Nagrod\u0119 Nobla, a w 1982 r. zatwierdzono j\u0105 do stosowania u ludzi). Dzi\u0119ki insulinie z choroby nieuleczalnej i prowadz\u0105cej do \u015bmierci &ndash; cukrzyca sta\u0142a si\u0119 chorob\u0105 przewlek\u0142\u0105.<\/p>\n<p>&nbsp;<\/p>\n<p>Zapraszamy do zapoznania si\u0119 z dwiema infografikami dot. cukrzycy, kt&oacute;re znajduj\u0105 si\u0119 poni\u017cej.<\/p>\n","protected":false},"author":45,"featured_media":0,"comment_status":"closed","ping_status":"closed","sticky":false,"template":"","format":"standard","meta":{"_monsterinsights_skip_tracking":false,"_monsterinsights_sitenote_active":false,"_monsterinsights_sitenote_note":"","_monsterinsights_sitenote_category":0,"footnotes":""},"categories":[40],"tags":[],"class_list":["post-2018","post","type-post","status-publish","format-standard","hentry","category-promocja-zdrowia"],"_links":{"self":[{"href":"https:\/\/wsse.krakow.pl\/page\/wp-json\/wp\/v2\/posts\/2018","targetHints":{"allow":["GET"]}}],"collection":[{"href":"https:\/\/wsse.krakow.pl\/page\/wp-json\/wp\/v2\/posts"}],"about":[{"href":"https:\/\/wsse.krakow.pl\/page\/wp-json\/wp\/v2\/types\/post"}],"author":[{"embeddable":true,"href":"https:\/\/wsse.krakow.pl\/page\/wp-json\/wp\/v2\/users\/45"}],"replies":[{"embeddable":true,"href":"https:\/\/wsse.krakow.pl\/page\/wp-json\/wp\/v2\/comments?post=2018"}],"version-history":[{"count":0,"href":"https:\/\/wsse.krakow.pl\/page\/wp-json\/wp\/v2\/posts\/2018\/revisions"}],"wp:attachment":[{"href":"https:\/\/wsse.krakow.pl\/page\/wp-json\/wp\/v2\/media?parent=2018"}],"wp:term":[{"taxonomy":"category","embeddable":true,"href":"https:\/\/wsse.krakow.pl\/page\/wp-json\/wp\/v2\/categories?post=2018"},{"taxonomy":"post_tag","embeddable":true,"href":"https:\/\/wsse.krakow.pl\/page\/wp-json\/wp\/v2\/tags?post=2018"}],"curies":[{"name":"wp","href":"https:\/\/api.w.org\/{rel}","templated":true}]}}