{"id":2031,"date":"2017-08-29T08:30:23","date_gmt":"2017-08-29T06:30:23","guid":{"rendered":"http:\/\/wsse.krakow.pl\/page\/podsumowanie-ix-edycji-programu-czyste-powietrze-wokol-nas\/"},"modified":"2018-01-30T11:58:33","modified_gmt":"2018-01-30T10:58:33","slug":"podsumowanie-ix-edycji-programu-czyste-powietrze-wokol-nas","status":"publish","type":"post","link":"https:\/\/wsse.krakow.pl\/page\/podsumowanie-ix-edycji-programu-czyste-powietrze-wokol-nas\/","title":{"rendered":"Podsumowanie IX edycji programu \u201eCzyste powietrze wok\u00f3\u0142 nas\u201d"},"content":{"rendered":"<p style=\"text-align: justify;\"><strong>Podsumowanie realizacji programu przedszkolnej edukacji antytytoniowej <\/strong><strong>pt. \u201eCzyste powietrze wok\u00f3\u0142 nas\u201d<\/strong><strong> w roku szkolnym 2016\/2017<img loading=\"lazy\" decoding=\"async\" class=\" alignright  wp-image-2030\" style=\"float: right;\" src=\"http:\/\/wsse.krakow.pl\/page\/wp-content\/uploads\/2017\/08\/Smok_1.png\" alt=\"Smok 1\" width=\"168\" height=\"172\" srcset=\"https:\/\/wsse.krakow.pl\/page\/wp-content\/uploads\/2017\/08\/Smok_1.png 398w, https:\/\/wsse.krakow.pl\/page\/wp-content\/uploads\/2017\/08\/Smok_1-146x150.png 146w, https:\/\/wsse.krakow.pl\/page\/wp-content\/uploads\/2017\/08\/Smok_1-293x300.png 293w\" sizes=\"auto, (max-width: 168px) 100vw, 168px\" \/><\/strong><\/p>\n<p style=\"text-align: justify;\">W roku szkolnym 2016\/2017 na terenie Ma\u0142opolski realizowana by\u0142a IX edycja programu \u201eCzyste powietrze wok\u00f3\u0142 nas\u201d, skierowana do przedszkolak\u00f3w z najstarszej grupy wiekowej, dzieci pi\u0119cio- i sze\u015bcioletnich oraz ich rodzic\u00f3w i opiekun\u00f3w.<\/p>\n<p><!--more--><\/p>\n<p style=\"text-align: justify;\">Celem programu by\u0142o przede wszystkim zwi\u0119kszenie poziomu wiedzy dzieci na temat skutk\u00f3w palenia tytoniu, a tak\u017ce wykszta\u0142cenie u nich umiej\u0119tno\u015bci radzenia sobie w sytuacjach, w kt\u00f3rych s\u0105 nara\u017cone na dzia\u0142anie dymu tytoniowego.<\/p>\n<p style=\"text-align: justify;\">Program realizowany by\u0142 w formie zaj\u0119\u0107 warsztatowych opartych na scenariuszach zaj\u0119\u0107 poruszaj\u0105cych nast\u0119puj\u0105c\u0105 tematyk\u0119:<\/p>\n<p style=\"text-align: justify;\">\u2013 co i dlaczego dymi?<\/p>\n<p style=\"text-align: justify;\">\u2013 jak si\u0119 czuj\u0119 kiedy dymi papieros?<\/p>\n<p style=\"text-align: justify;\">\u2013 co si\u0119 dzieje kiedy ludzie pal\u0105?<\/p>\n<p style=\"text-align: justify;\">\u2013 jak unika\u0107 dymu tytoniowego?<\/p>\n<p style=\"text-align: justify;\">W IX edycji programu \u201eCzyste powietrze wok\u00f3\u0142 nas\u201d uczestniczy\u0142o <strong>29 628<\/strong> dzieci z <strong>817 <\/strong>plac\u00f3wek wychowania<\/p>\n<p style=\"text-align: justify;\">przedszkolnego z terenu wojew\u00f3dztwa ma\u0142opolskiego oraz <strong>17 468<\/strong> rodzic\u00f3w i opiekun\u00f3w dzieci.<\/p>\n<p style=\"text-align: justify;\">Edukacja antytytoniowa staje si\u0119 niezb\u0119dnym elementem wychowania, bior\u0105c pod uwag\u0119, jak szczeg\u00f3lnie niekorzystne dla zdrowia, zar\u00f3wno dzieci jak i doros\u0142ych, jest zjawisko biernego palenia.<\/p>\n<p style=\"text-align: justify;\">Nara\u017cenie dzieci w wieku przedszkolnym na bierne palenie mo\u017ce skutkowa\u0107 m.in.:<\/p>\n<ul style=\"text-align: justify;\">\n<li>zaburzeniami rozwoju psychoruchowego<\/li>\n<li>zmniejszon\u0105 odporno\u015bci\u0105 na infekcje<\/li>\n<li>zwi\u0119kszon\u0105 cz\u0119stotliwo\u015bci\u0105 wyst\u0119powania przewlek\u0142ego zapalenia ucha \u015brodkowego<\/li>\n<li>zaburzeniami zachowania dziecka.<\/li>\n<\/ul>\n<p style=\"text-align: justify;\">Niestety w wielu \u015brodowiskach palenie tytoniu przy dzieciach jest ci\u0105gle spo\u0142ecznie akceptowalne, stad konieczne jest eliminowanie nieprawid\u0142owych wzorc\u00f3w zachowa\u0144 spo\u0142ecznych i zdrowotnych. W tym kontek\u015bcie szczeg\u00f3lnie wa\u017cna jest realizacja wychowania antytytoniowego dla dzieci w wieku przedszkolnym.<\/p>\n<p style=\"text-align: justify;\">\u00a0W roku szkolnym 2016\/2017 rozpoczynamy kolejna, X edycj\u0119 programu przedszkolnej edukacji antytytoniowej \u201eCzyste powietrze wok\u00f3\u0142 nas\u201d. Zainteresowane realizacj\u0105 programu przedszkola i szko\u0142y podstawowe zapraszamy do udzia\u0142u w programie. Zg\u0142oszenia do programu przyjmuj\u0105 pracownicy O\u015bwiaty Zdrowotnej i Promocji Zdrowia Powiatowych Stacji Sanitarno-Epidemiologicznych na terenie wojew\u00f3dztwa ma\u0142opolskiego.<\/p>\n<p>&nbsp;<\/p>\n<p><em>Autor: <\/em><em>Bogus\u0142awa \u017bo\u0142y\u0144ska \u2013 wojew\u00f3dzki koordynator programu<\/em><em>, Dzia\u0142 Zdrowia Publicznego i Promocji Zdrowia<br \/>\nData wprowadzenia: 29 sierpnia 2017<br \/>\nData ostatniej aktualizacji: 29 sierpnia 2017<br \/>\n<\/em><\/p>\n<p>&nbsp;<\/p>\n<!-- WP Attachments -->\r\n        <div style=\"width:100%;margin:10px 0 10px 0;\">\r\n            <h3>Pliki do pobrania:<\/h3>\r\n        <ul class=\"post-attachments\"><li class=\"post-attachment mime-image-png\"><a href=\"https:\/\/wsse.krakow.pl\/page\/podsumowanie-ix-edycji-programu-czyste-powietrze-wokol-nas\/?download=2030\">Smok 1<\/a> <small>(180 kB)<\/small><\/li><\/ul><\/div>","protected":false},"excerpt":{"rendered":"<p style=\"text-align: justify;\"><strong>Podsumowanie realizacji programu przedszkolnej edukacji antytytoniowej <\/strong><strong>pt. &bdquo;Czyste powietrze wok&oacute;\u0142 nas&rdquo;<\/strong><strong> w roku szkolnym 2016\/2017<img loading=\"lazy\" decoding=\"async\" class=\" alignright size-full wp-image-2030\" src=\"http:\/\/wsse.krakow.pl\/page\/wp-content\/uploads\/2017\/08\/Smok_1.png\" alt=\"Smok 1\" width=\"238\" height=\"244\" style=\"float: right;\" srcset=\"https:\/\/wsse.krakow.pl\/page\/wp-content\/uploads\/2017\/08\/Smok_1.png 398w, https:\/\/wsse.krakow.pl\/page\/wp-content\/uploads\/2017\/08\/Smok_1-146x150.png 146w, https:\/\/wsse.krakow.pl\/page\/wp-content\/uploads\/2017\/08\/Smok_1-293x300.png 293w\" sizes=\"auto, (max-width: 238px) 100vw, 238px\" \/><\/strong><\/p>\n<p style=\"text-align: justify;\">W roku szkolnym 2016\/2017 na terenie Ma\u0142opolski realizowana by\u0142a IX edycja programu &bdquo;Czyste powietrze wok&oacute;\u0142 nas&rdquo;, skierowana do przedszkolak&oacute;w z najstarszej grupy wiekowej, dzieci pi\u0119cio- i sze\u015bcioletnich oraz ich rodzic&oacute;w i opiekun&oacute;w.<\/p>\n<p style=\"text-align: justify;\">Celem programu by\u0142o przede wszystkim zwi\u0119kszenie poziomu wiedzy dzieci na temat skutk&oacute;w palenia tytoniu, a tak\u017ce wykszta\u0142cenie u nich umiej\u0119tno\u015bci radzenia sobie w sytuacjach, w kt&oacute;rych s\u0105 nara\u017cone na dzia\u0142anie dymu tytoniowego.<\/p>\n","protected":false},"author":45,"featured_media":0,"comment_status":"closed","ping_status":"closed","sticky":false,"template":"","format":"standard","meta":{"_monsterinsights_skip_tracking":false,"_monsterinsights_sitenote_active":false,"_monsterinsights_sitenote_note":"","_monsterinsights_sitenote_category":0,"footnotes":""},"categories":[41],"tags":[],"class_list":["post-2031","post","type-post","status-publish","format-standard","hentry","category-czyste-powietrze-wokol-nas"],"_links":{"self":[{"href":"https:\/\/wsse.krakow.pl\/page\/wp-json\/wp\/v2\/posts\/2031","targetHints":{"allow":["GET"]}}],"collection":[{"href":"https:\/\/wsse.krakow.pl\/page\/wp-json\/wp\/v2\/posts"}],"about":[{"href":"https:\/\/wsse.krakow.pl\/page\/wp-json\/wp\/v2\/types\/post"}],"author":[{"embeddable":true,"href":"https:\/\/wsse.krakow.pl\/page\/wp-json\/wp\/v2\/users\/45"}],"replies":[{"embeddable":true,"href":"https:\/\/wsse.krakow.pl\/page\/wp-json\/wp\/v2\/comments?post=2031"}],"version-history":[{"count":1,"href":"https:\/\/wsse.krakow.pl\/page\/wp-json\/wp\/v2\/posts\/2031\/revisions"}],"predecessor-version":[{"id":2395,"href":"https:\/\/wsse.krakow.pl\/page\/wp-json\/wp\/v2\/posts\/2031\/revisions\/2395"}],"wp:attachment":[{"href":"https:\/\/wsse.krakow.pl\/page\/wp-json\/wp\/v2\/media?parent=2031"}],"wp:term":[{"taxonomy":"category","embeddable":true,"href":"https:\/\/wsse.krakow.pl\/page\/wp-json\/wp\/v2\/categories?post=2031"},{"taxonomy":"post_tag","embeddable":true,"href":"https:\/\/wsse.krakow.pl\/page\/wp-json\/wp\/v2\/tags?post=2031"}],"curies":[{"name":"wp","href":"https:\/\/api.w.org\/{rel}","templated":true}]}}