{"id":2033,"date":"2017-09-06T07:33:02","date_gmt":"2017-09-06T05:33:02","guid":{"rendered":"http:\/\/wsse.krakow.pl\/page\/konferencja-pt-edukuj-zdrowo-zywienie-w-placowkach-nauczania-i-wychowania\/"},"modified":"2017-09-06T07:33:02","modified_gmt":"2017-09-06T05:33:02","slug":"konferencja-pt-edukuj-zdrowo-zywienie-w-placowkach-nauczania-i-wychowania","status":"publish","type":"post","link":"https:\/\/wsse.krakow.pl\/page\/konferencja-pt-edukuj-zdrowo-zywienie-w-placowkach-nauczania-i-wychowania\/","title":{"rendered":"Konferencja pt. \u201eEdukuj zdrowo \u2013 \u017cywienie w plac\u00f3wkach nauczania i wychowania\u201d"},"content":{"rendered":"<p style=\"color: #000000;\"><img loading=\"lazy\" decoding=\"async\" class=\" alignright size-full wp-image-2032\" src=\"http:\/\/wsse.krakow.pl\/page\/wp-content\/uploads\/2017\/09\/colorful-pencils-with-apple-1474015011U4g.jpg\" alt=\"colorful pencils with apple 1474015011U4g\" width=\"207\" height=\"137\" style=\"float: right;\" srcset=\"https:\/\/wsse.krakow.pl\/page\/wp-content\/uploads\/2017\/09\/colorful-pencils-with-apple-1474015011U4g.jpg 1920w, https:\/\/wsse.krakow.pl\/page\/wp-content\/uploads\/2017\/09\/colorful-pencils-with-apple-1474015011U4g-150x100.jpg 150w, https:\/\/wsse.krakow.pl\/page\/wp-content\/uploads\/2017\/09\/colorful-pencils-with-apple-1474015011U4g-300x200.jpg 300w, https:\/\/wsse.krakow.pl\/page\/wp-content\/uploads\/2017\/09\/colorful-pencils-with-apple-1474015011U4g-768x512.jpg 768w, https:\/\/wsse.krakow.pl\/page\/wp-content\/uploads\/2017\/09\/colorful-pencils-with-apple-1474015011U4g-1500x1000.jpg 1500w\" sizes=\"auto, (max-width: 207px) 100vw, 207px\" \/><span style=\"color: #ff0000;\"><\/span><\/p>\n<p style=\"text-align: center;\"><strong><span style=\"color: #ff0000;\">BRAK MIEJSC<\/span> <\/strong><\/p>\n<p style=\"color: #000000; text-align: justify;\"><span style=\"color: #ff0000;\">Z przykro\u015bci\u0105 informujemy, \u017ce limit miejsc na konferencj\u0119 zosta\u0142 wyczerpany. <span style=\"color: black; background: white none repeat scroll 0% 0%;\"><span style=\"color: #ff0000;\">Jednocze\u015bnie zapraszamy do \u015bledzenia strony internetowej WSSE w Krakowie<\/span>: <\/span><span style=\"color: #005a95; background: white none repeat scroll 0% 0%;\"><span id=\"OBJ_PREFIX_DWT448_com_zimbra_url\" style=\"cursor: pointer;\"><span id=\"OBJ_PREFIX_DWT44_com_zimbra_url\" class=\"Object\"><a href=\"http:\/\/www.wsse.krakow.pl\/\" target=\"_blank\" rel=\"noopener noreferrer\" style=\"cursor: pointer; color: #ff0000;\"><span style=\"text-align: start; float: none; word-spacing: 0px;\"><span id=\"OBJ_PREFIX_DWT446_com_zimbra_url\" style=\"cursor: pointer; text-align: start; word-spacing: 0px;\"><span style=\"color: #005a95; text-decoration: none;\">www.wsse.krakow.pl<\/span><\/span><\/span><\/a><\/span><\/span><\/span><\/span><span style=\"color: black; background: white none repeat scroll 0% 0%;\"><span style=\"text-align: start; float: none; word-spacing: 0px; color: #ff0000;\">, na kt&oacute;rej b\u0119d\u0105 pojawia\u0107 si\u0119 informacje o organizowanych przez nas konferencjach i szkoleniach.<\/span><span style=\"text-align: start; float: none; word-spacing: 0px;\"> <br \/><\/span><\/span><\/p>\n<p style=\"text-align: justify;\">Wojew&oacute;dzka Stacja Sanitarno-Epidemiologiczna w Krakowie zaprasza na konferencj\u0119 pt.&nbsp;<strong>&bdquo;Edukuj zdrowo &ndash; \u017cywienie w plac&oacute;wkach nauczania i wychowania&rdquo;*<\/strong>. Konferencja odbywa si\u0119 w ramach Kampanii &bdquo;Zdrowe \u017cywienie = m\u0105dre my\u015blenie&rdquo;.<\/p>\n<p style=\"text-align: justify;\"><strong>Spotkanie odb\u0119dzie si\u0119 we czwartek, 5 pa\u017adziernika 2017 r. w godzinach 10.00 &ndash; 14.00 w Urz\u0119dzie Miasta Krakowa (Sala Obrad, pl. Wszystkich \u015awi\u0119tych 3-4). Od 9.30 do 10.00 b\u0119dzie si\u0119 odbywa\u0107 rejestracja uczestnik&oacute;w.<\/strong><\/p>\n<p style=\"text-align: justify;\">Celem konferencji jest przekazanie uczestnikom praktycznych wskaz&oacute;wek z zakresu edukacji konsumenckiej i \u017cywieniowej oraz u\u0142atwienie plac&oacute;wkom wdra\u017cania dzia\u0142a\u0144 s\u0142u\u017c\u0105cych kszta\u0142towaniu w\u0142a\u015bciwych nawyk&oacute;w \u017cywieniowych u dzieci i m\u0142odzie\u017cy.<\/p>\n<p style=\"text-align: justify;\">Na spotkaniu poruszona zostanie tematyka neofobii \u017cywieniowej jako jednej z przyczyn wyst\u0119powania niech\u0119ci do jedzenia. Prelegenci dostarcz\u0105 uczestnikom wiedzy na temat tego jak czyta\u0107 etykiety produkt&oacute;w spo\u017cywczych oraz jak prawid\u0142owo je przechowywa\u0107.<\/p>\n<p style=\"text-align: justify;\">Prelegentami b\u0119d\u0105 przedstawiciele m.in. Polskiej Federacji Producent&oacute;w \u017bywno\u015bci, Banku \u017bywno\u015bci, Kliniki Pediatrii Gastroenterologii i \u017bywienia UJ CM, Wojew&oacute;dzkiej Stacji Sanitarno-Epidemiologicznej w Krakowie.<\/p>\n<p style=\"text-align: justify;\">Konferencja skierowana jest do dyrektor&oacute;w szk&oacute;\u0142 oraz os&oacute;b odpowiedzialnych za edukacj\u0119 \u017cywieniow\u0105 oraz \u017cywienie dzieci w przedszkolach, szko\u0142ach podstawowych i gimnazjach.<\/p>\n<p>&nbsp;<\/p>\n<p style=\"text-align: justify;\">Zdj\u0119cie: <a>www.pixabay.com<\/a><\/p>\n<p><em>Dzia\u0142 Zdrowia Publicznego i Promocji Zdrowia<br \/>Data wprowadzenia: 6 wrze\u015bnia 2017<br \/>Data ostatniej aktualizacji: 21 wrze\u015bnia 2017 <\/em><\/p>\n<p>&nbsp;<\/p>\n<!-- WP Attachments -->\r\n        <div style=\"width:100%;margin:10px 0 10px 0;\">\r\n            <h3>Pliki do pobrania:<\/h3>\r\n        <ul class=\"post-attachments\"><li class=\"post-attachment mime-image-jpeg\"><a href=\"https:\/\/wsse.krakow.pl\/page\/konferencja-pt-edukuj-zdrowo-zywienie-w-placowkach-nauczania-i-wychowania\/?download=2032\">colorful pencils with apple 1474015011U4g<\/a> <small>(328 kB)<\/small><\/li><li class=\"post-attachment mime-application-msword\"><a href=\"https:\/\/wsse.krakow.pl\/page\/konferencja-pt-edukuj-zdrowo-zywienie-w-placowkach-nauczania-i-wychowania\/?download=2034\">Formularz zg\u0142oszeniowy<\/a> <small>(36 kB)<\/small><\/li><li class=\"post-attachment mime-application-pdf\"><a href=\"https:\/\/wsse.krakow.pl\/page\/konferencja-pt-edukuj-zdrowo-zywienie-w-placowkach-nauczania-i-wychowania\/?download=2035\">Program - konferencja \u017cywieniowa<\/a> <small>(445 kB)<\/small><\/li><\/ul><\/div>","protected":false},"excerpt":{"rendered":"<p style=\"color: #000000;\"><img loading=\"lazy\" decoding=\"async\" class=\" alignright size-full wp-image-2032\" src=\"http:\/\/wsse.krakow.pl\/page\/wp-content\/uploads\/2017\/09\/colorful-pencils-with-apple-1474015011U4g.jpg\" alt=\"colorful pencils with apple 1474015011U4g\" width=\"207\" height=\"137\" style=\"float: right;\" srcset=\"https:\/\/wsse.krakow.pl\/page\/wp-content\/uploads\/2017\/09\/colorful-pencils-with-apple-1474015011U4g.jpg 1920w, https:\/\/wsse.krakow.pl\/page\/wp-content\/uploads\/2017\/09\/colorful-pencils-with-apple-1474015011U4g-150x100.jpg 150w, https:\/\/wsse.krakow.pl\/page\/wp-content\/uploads\/2017\/09\/colorful-pencils-with-apple-1474015011U4g-300x200.jpg 300w, https:\/\/wsse.krakow.pl\/page\/wp-content\/uploads\/2017\/09\/colorful-pencils-with-apple-1474015011U4g-768x512.jpg 768w, https:\/\/wsse.krakow.pl\/page\/wp-content\/uploads\/2017\/09\/colorful-pencils-with-apple-1474015011U4g-1500x1000.jpg 1500w\" sizes=\"auto, (max-width: 207px) 100vw, 207px\" \/><span style=\"color: #ff0000;\"><\/span><\/p>\n<p style=\"text-align: center;\"><strong><span style=\"color: #ff0000;\">BRAK MIEJSC<\/span> <\/strong><\/p>\n<p style=\"color: #000000; text-align: justify;\"><span style=\"color: #ff0000;\">Z przykro\u015bci\u0105 informujemy, \u017ce limit miejsc na konferencj\u0119 zosta\u0142 wyczerpany. <span style=\"color: black; background: white none repeat scroll 0% 0%;\"><span style=\"color: #ff0000;\">Jednocze\u015bnie zapraszamy do \u015bledzenia strony internetowej WSSE w Krakowie<\/span>: <\/span><span style=\"color: #005a95; background: white none repeat scroll 0% 0%;\"><span id=\"OBJ_PREFIX_DWT448_com_zimbra_url\" style=\"cursor: pointer;\"><span id=\"OBJ_PREFIX_DWT44_com_zimbra_url\" class=\"Object\"><a href=\"http:\/\/www.wsse.krakow.pl\/\" target=\"_blank\" rel=\"noopener noreferrer\" style=\"cursor: pointer; color: #ff0000;\"><span style=\"text-align: start; float: none; word-spacing: 0px;\"><span id=\"OBJ_PREFIX_DWT446_com_zimbra_url\" style=\"cursor: pointer; text-align: start; word-spacing: 0px;\"><span style=\"color: #005a95; text-decoration: none;\">www.wsse.krakow.pl<\/span><\/span><\/span><\/a><\/span><\/span><\/span><\/span><span style=\"color: black; background: white none repeat scroll 0% 0%;\"><span style=\"text-align: start; float: none; word-spacing: 0px; color: #ff0000;\">, na kt&oacute;rej b\u0119d\u0105 pojawia\u0107 si\u0119 informacje o organizowanych przez nas konferencjach i szkoleniach.<\/span><span style=\"text-align: start; float: none; word-spacing: 0px;\"> <br \/><\/span><\/span><\/p>\n<p style=\"text-align: justify;\">Wojew&oacute;dzka Stacja Sanitarno-Epidemiologiczna w Krakowie zaprasza na konferencj\u0119 pt.&nbsp;<strong>&bdquo;Edukuj zdrowo &ndash; \u017cywienie w plac&oacute;wkach nauczania i wychowania&rdquo;*<\/strong>. Konferencja odbywa si\u0119 w ramach Kampanii &bdquo;Zdrowe \u017cywienie = m\u0105dre my\u015blenie&rdquo;.<\/p>\n<p style=\"text-align: justify;\"><strong>Spotkanie odb\u0119dzie si\u0119 we czwartek, 5 pa\u017adziernika 2017 r. w godzinach 10.00 &ndash; 14.00 w Urz\u0119dzie Miasta Krakowa (Sala Obrad, pl. Wszystkich \u015awi\u0119tych 3-4). Od 9.30 do 10.00 b\u0119dzie si\u0119 odbywa\u0107 rejestracja uczestnik&oacute;w.<\/strong><\/p>\n<p style=\"text-align: justify;\">Celem konferencji jest przekazanie uczestnikom praktycznych wskaz&oacute;wek z zakresu edukacji konsumenckiej i \u017cywieniowej oraz u\u0142atwienie plac&oacute;wkom wdra\u017cania dzia\u0142a\u0144 s\u0142u\u017c\u0105cych kszta\u0142towaniu w\u0142a\u015bciwych nawyk&oacute;w \u017cywieniowych u dzieci i m\u0142odzie\u017cy.<\/p>\n<p style=\"text-align: justify;\">Na spotkaniu poruszona zostanie tematyka neofobii \u017cywieniowej jako jednej z przyczyn wyst\u0119powania niech\u0119ci do jedzenia. Prelegenci dostarcz\u0105 uczestnikom wiedzy na temat tego jak czyta\u0107 etykiety produkt&oacute;w spo\u017cywczych oraz jak prawid\u0142owo je przechowywa\u0107.<\/p>\n<p style=\"text-align: justify;\">Prelegentami b\u0119d\u0105 przedstawiciele m.in. Polskiej Federacji Producent&oacute;w \u017bywno\u015bci, Banku \u017bywno\u015bci, Kliniki Pediatrii Gastroenterologii i \u017bywienia UJ CM, Wojew&oacute;dzkiej Stacji Sanitarno-Epidemiologicznej w Krakowie.<\/p>\n<p style=\"text-align: justify;\">Konferencja skierowana jest do dyrektor&oacute;w szk&oacute;\u0142 oraz os&oacute;b odpowiedzialnych za edukacj\u0119 \u017cywieniow\u0105 oraz \u017cywienie dzieci w przedszkolach, szko\u0142ach podstawowych i gimnazjach.<\/p>\n","protected":false},"author":45,"featured_media":0,"comment_status":"closed","ping_status":"closed","sticky":false,"template":"","format":"standard","meta":{"_monsterinsights_skip_tracking":false,"_monsterinsights_sitenote_active":false,"_monsterinsights_sitenote_note":"","_monsterinsights_sitenote_category":0,"footnotes":""},"categories":[40],"tags":[],"class_list":["post-2033","post","type-post","status-publish","format-standard","hentry","category-promocja-zdrowia"],"_links":{"self":[{"href":"https:\/\/wsse.krakow.pl\/page\/wp-json\/wp\/v2\/posts\/2033","targetHints":{"allow":["GET"]}}],"collection":[{"href":"https:\/\/wsse.krakow.pl\/page\/wp-json\/wp\/v2\/posts"}],"about":[{"href":"https:\/\/wsse.krakow.pl\/page\/wp-json\/wp\/v2\/types\/post"}],"author":[{"embeddable":true,"href":"https:\/\/wsse.krakow.pl\/page\/wp-json\/wp\/v2\/users\/45"}],"replies":[{"embeddable":true,"href":"https:\/\/wsse.krakow.pl\/page\/wp-json\/wp\/v2\/comments?post=2033"}],"version-history":[{"count":0,"href":"https:\/\/wsse.krakow.pl\/page\/wp-json\/wp\/v2\/posts\/2033\/revisions"}],"wp:attachment":[{"href":"https:\/\/wsse.krakow.pl\/page\/wp-json\/wp\/v2\/media?parent=2033"}],"wp:term":[{"taxonomy":"category","embeddable":true,"href":"https:\/\/wsse.krakow.pl\/page\/wp-json\/wp\/v2\/categories?post=2033"},{"taxonomy":"post_tag","embeddable":true,"href":"https:\/\/wsse.krakow.pl\/page\/wp-json\/wp\/v2\/tags?post=2033"}],"curies":[{"name":"wp","href":"https:\/\/api.w.org\/{rel}","templated":true}]}}