{"id":2058,"date":"2017-11-09T08:52:04","date_gmt":"2017-11-09T07:52:04","guid":{"rendered":"http:\/\/wsse.krakow.pl\/page\/obchody-narodowego-swieta-niepodleglosci-11-listopada\/"},"modified":"2017-11-09T08:52:04","modified_gmt":"2017-11-09T07:52:04","slug":"obchody-narodowego-swieta-niepodleglosci-11-listopada","status":"publish","type":"post","link":"https:\/\/wsse.krakow.pl\/page\/obchody-narodowego-swieta-niepodleglosci-11-listopada\/","title":{"rendered":"Obchody Narodowego \u015awi\u0119ta Niepodleg\u0142o\u015bci 11 listopada"},"content":{"rendered":"<p style=\"text-align: justify;\">Szanowni Pa\u0144stwo,<\/p>\n<p style=\"text-align: justify;\">11 listopada 2017 roku, na terenie Miasta Krakowa jak i ca\u0142ej Ma\u0142opolski, zgodnie z tradycj\u0105, organizowane b\u0119d\u0105 uroczyste obchody Narodowego \u015awi\u0119ta Niepodleg\u0142o\u015bci 11 listopada. Organizatorem ww. obchod&oacute;w jest Pan Piotr \u0106wik Wojewoda Ma\u0142opolski. Serdecznie zapraszamy do wsp&oacute;lnego \u015bwi\u0119towania.<\/p>\n<p style=\"text-align: justify;\"><img loading=\"lazy\" decoding=\"async\" class=\" size-full wp-image-2057\" src=\"http:\/\/wsse.krakow.pl\/page\/wp-content\/uploads\/2017\/11\/program_Narodowe_Swieto_Niepodleglosci.jpg\" alt=\"program Narodowe \u015awi\u0119to Niepodleg\u0142o\u015bci\" width=\"370\" height=\"534\" style=\"display: block; margin-left: auto; margin-right: auto;\" srcset=\"https:\/\/wsse.krakow.pl\/page\/wp-content\/uploads\/2017\/11\/program_Narodowe_Swieto_Niepodleglosci.jpg 583w, https:\/\/wsse.krakow.pl\/page\/wp-content\/uploads\/2017\/11\/program_Narodowe_Swieto_Niepodleglosci-104x150.jpg 104w, https:\/\/wsse.krakow.pl\/page\/wp-content\/uploads\/2017\/11\/program_Narodowe_Swieto_Niepodleglosci-208x300.jpg 208w\" sizes=\"auto, (max-width: 370px) 100vw, 370px\" \/><\/p>\n<p><em>Autor: <\/em><em>Dzia\u0142 Zdrowia Publicznego i Promocji Zdrowia<br \/>Data wprowadzenia: 9 listopada 2017<br \/>Data ostatniej aktualizacji:<em> 9 listopada 2017<\/em><\/em><\/p>\n<!-- WP Attachments -->\r\n        <div style=\"width:100%;margin:10px 0 10px 0;\">\r\n            <h3>Pliki do pobrania:<\/h3>\r\n        <ul class=\"post-attachments\"><li class=\"post-attachment mime-image-jpeg\"><a href=\"https:\/\/wsse.krakow.pl\/page\/obchody-narodowego-swieta-niepodleglosci-11-listopada\/?download=2057\">program Narodowe \u015awi\u0119to Niepodleg\u0142o\u015bci<\/a> <small>(167 kB)<\/small><\/li><\/ul><\/div>","protected":false},"excerpt":{"rendered":"<p style=\"text-align: justify;\">Szanowni Pa\u0144stwo,<\/p>\n<p style=\"text-align: justify;\">11 listopada 2017 roku, na terenie Miasta Krakowa jak i ca\u0142ej Ma\u0142opolski, zgodnie z tradycj\u0105, organizowane b\u0119d\u0105 uroczyste obchody Narodowego \u015awi\u0119ta Niepodleg\u0142o\u015bci 11 listopada. Organizatorem ww. obchod&oacute;w jest Pan Piotr \u0106wik Wojewoda Ma\u0142opolski. Serdecznie zapraszamy do wsp&oacute;lnego \u015bwi\u0119towania.<\/p>\n<p style=\"text-align: justify;\"><img loading=\"lazy\" decoding=\"async\" class=\" size-full wp-image-2057\" src=\"http:\/\/wsse.krakow.pl\/page\/wp-content\/uploads\/2017\/11\/program_Narodowe_Swieto_Niepodleglosci.jpg\" alt=\"program Narodowe \u015awi\u0119to Niepodleg\u0142o\u015bci\" width=\"370\" height=\"534\" style=\"display: block; margin-left: auto; margin-right: auto;\" srcset=\"https:\/\/wsse.krakow.pl\/page\/wp-content\/uploads\/2017\/11\/program_Narodowe_Swieto_Niepodleglosci.jpg 583w, https:\/\/wsse.krakow.pl\/page\/wp-content\/uploads\/2017\/11\/program_Narodowe_Swieto_Niepodleglosci-104x150.jpg 104w, https:\/\/wsse.krakow.pl\/page\/wp-content\/uploads\/2017\/11\/program_Narodowe_Swieto_Niepodleglosci-208x300.jpg 208w\" sizes=\"auto, (max-width: 370px) 100vw, 370px\" \/><\/p>\n","protected":false},"author":45,"featured_media":0,"comment_status":"closed","ping_status":"closed","sticky":false,"template":"","format":"standard","meta":{"_monsterinsights_skip_tracking":false,"_monsterinsights_sitenote_active":false,"_monsterinsights_sitenote_note":"","_monsterinsights_sitenote_category":0,"footnotes":""},"categories":[65],"tags":[],"class_list":["post-2058","post","type-post","status-publish","format-standard","hentry","category-dodatkowe-informacje"],"_links":{"self":[{"href":"https:\/\/wsse.krakow.pl\/page\/wp-json\/wp\/v2\/posts\/2058","targetHints":{"allow":["GET"]}}],"collection":[{"href":"https:\/\/wsse.krakow.pl\/page\/wp-json\/wp\/v2\/posts"}],"about":[{"href":"https:\/\/wsse.krakow.pl\/page\/wp-json\/wp\/v2\/types\/post"}],"author":[{"embeddable":true,"href":"https:\/\/wsse.krakow.pl\/page\/wp-json\/wp\/v2\/users\/45"}],"replies":[{"embeddable":true,"href":"https:\/\/wsse.krakow.pl\/page\/wp-json\/wp\/v2\/comments?post=2058"}],"version-history":[{"count":0,"href":"https:\/\/wsse.krakow.pl\/page\/wp-json\/wp\/v2\/posts\/2058\/revisions"}],"wp:attachment":[{"href":"https:\/\/wsse.krakow.pl\/page\/wp-json\/wp\/v2\/media?parent=2058"}],"wp:term":[{"taxonomy":"category","embeddable":true,"href":"https:\/\/wsse.krakow.pl\/page\/wp-json\/wp\/v2\/categories?post=2058"},{"taxonomy":"post_tag","embeddable":true,"href":"https:\/\/wsse.krakow.pl\/page\/wp-json\/wp\/v2\/tags?post=2058"}],"curies":[{"name":"wp","href":"https:\/\/api.w.org\/{rel}","templated":true}]}}