{"id":2062,"date":"2017-11-17T07:17:46","date_gmt":"2017-11-17T06:17:46","guid":{"rendered":"http:\/\/wsse.krakow.pl\/page\/18-listopada-europejski-dzien-wiedzy-o-antybiotykach-2\/"},"modified":"2018-01-18T08:57:57","modified_gmt":"2018-01-18T07:57:57","slug":"18-listopada-europejski-dzien-wiedzy-o-antybiotykach-2","status":"publish","type":"post","link":"https:\/\/wsse.krakow.pl\/page\/18-listopada-europejski-dzien-wiedzy-o-antybiotykach-2\/","title":{"rendered":"18 listopada &#8211; Europejski Dzie\u0144 Wiedzy o Antybiotykach"},"content":{"rendered":"<p style=\"text-align: justify;\"><img loading=\"lazy\" decoding=\"async\" class=\" size-full wp-image-1911\" style=\"display: block; margin-left: auto; margin-right: auto;\" src=\"http:\/\/wsse.krakow.pl\/page\/wp-content\/uploads\/2016\/11\/Logo_EDWA.jpg\" alt=\"Logo EDWA\" width=\"214\" height=\"214\" \/> W tym roku ju\u017c po raz dziesi\u0105ty w dniu 18 listopada w ca\u0142ej Europie obchodzimy Europejski Dzie\u0144 Wiedzy o Antybiotykach (EDWA), ustanowiony przez Komisj\u0119 Europejsk\u0105 w 2008 roku.<\/p>\n<p style=\"text-align: justify;\">Celem Dnia jest promowanie wiedzy na temat odpowiedzialnego stosowania antybiotyk\u00f3w oraz zwi\u0119kszenie \u015bwiadomo\u015bci, jakim zagro\u017ceniem dla zdrowia ka\u017cdego z nas jest zjawisko antybiotykooporno\u015bci. Nast\u0119puj\u0105ce informacje stanowi\u0105 najistotniejsze przes\u0142ania kampanii:<\/p>\n<ul style=\"text-align: justify;\">\n<li>Antybiotyki dzia\u0142aj\u0105 tylko na bakterie;<\/li>\n<li>Antybiotyki nie lecz\u0105 chor\u00f3b wirusowych: grypy, przezi\u0119bienia, ostrych zapale\u0144 gard\u0142a i oskrzeli;<\/li>\n<li>Narastanie antybiotykooporno\u015bci to w du\u017cej mierze skutek niew\u0142a\u015bciwego stosowania i nadu\u017cywania antybiotyk\u00f3w;<\/li>\n<li>Utrzymanie skuteczno\u015bci antybiotyk\u00f3w w przysz\u0142o\u015bci zale\u017cy od dzia\u0142a\u0144 ka\u017cdego z nas;<\/li>\n<li>Przyjmujmy tylko antybiotyki przepisane przez lekarza i zaufajmy jego wiedzy.<\/li>\n<\/ul>\n<p><!--more--><\/p>\n<p style=\"text-align: justify;\">W Polsce organizacj\u0105 Europejskiego Dnia Wiedzy o Antybiotykach i propagowaniem jego cel\u00f3w zajmuje si\u0119 Narodowy Instytut Lek\u00f3w, w ramach programu zdrowotnego Ministerstwa Zdrowia pn. \u201eNarodowy Program Ochrony Antybiotyk\u00f3w na lata 2016-2020\u201d. Szczeg\u00f3\u0142owe informacje o tegorocznych obchodach Europejskiego Dnia Wiedzy o Antybiotykach w Polsce, znajduj\u0105 si\u0119 na stronie internetowej \u201eNarodowego Programu Ochrony Antybiotyk\u00f3w\u201d <a href=\"http:\/\/www.antybiotyki.edu.pl\">www.antybiotyki.edu.pl <\/a><\/p>\n<p>&nbsp;<\/p>\n<p><em>Autor: <\/em><em>Dzia\u0142 Zdrowia Publicznego i Promocji Zdrowia<br \/>\nData wprowadzenia: 17 listopada 2017<br \/>\nData ostatniej aktualizacji:<em> 17 listopada 2017<\/em><\/em><\/p>\n<p>&nbsp;<\/p>\n<p>&nbsp;<\/p>\n<p>&nbsp;<\/p>\n<!-- WP Attachments -->\r\n        <div style=\"width:100%;margin:10px 0 10px 0;\">\r\n            <h3>Pliki do pobrania:<\/h3>\r\n        <ul class=\"post-attachments\"><li class=\"post-attachment mime-application-pdf\"><a href=\"https:\/\/wsse.krakow.pl\/page\/18-listopada-europejski-dzien-wiedzy-o-antybiotykach-2\/?download=2063\">EDWA 2017 plakat logo NIL<\/a> <small>(11 MB)<\/small><\/li><li class=\"post-attachment mime-application-pdf\"><a href=\"https:\/\/wsse.krakow.pl\/page\/18-listopada-europejski-dzien-wiedzy-o-antybiotykach-2\/?download=2064\">EDWA 2017 ulotka logo NIL<\/a> <small>(747 kB)<\/small><\/li><li class=\"post-attachment mime-application-pdf\"><a href=\"https:\/\/wsse.krakow.pl\/page\/18-listopada-europejski-dzien-wiedzy-o-antybiotykach-2\/?download=2065\">EDWA 2017 wystawa 12 plakat\u00f3w logo NIL<\/a> <small>(7 MB)<\/small><\/li><li class=\"post-attachment mime-image-jpeg\"><a href=\"https:\/\/wsse.krakow.pl\/page\/18-listopada-europejski-dzien-wiedzy-o-antybiotykach-2\/?download=2066\">Logo EDWA<\/a> <small>(118 kB)<\/small><\/li><li class=\"post-attachment mime-image-jpeg\"><a href=\"https:\/\/wsse.krakow.pl\/page\/18-listopada-europejski-dzien-wiedzy-o-antybiotykach-2\/?download=1911\">Logo EDWA<\/a> <small>(118 kB)<\/small><\/li><\/ul><\/div>","protected":false},"excerpt":{"rendered":"<p style=\"text-align: justify;\"><img loading=\"lazy\" decoding=\"async\" class=\" size-full wp-image-1911\" src=\"http:\/\/wsse.krakow.pl\/page\/wp-content\/uploads\/2016\/11\/Logo_EDWA.jpg\" alt=\"Logo EDWA\" width=\"214\" height=\"214\" style=\"display: block; margin-left: auto; margin-right: auto;\" \/> W tym roku ju\u017c po raz dziesi\u0105ty w dniu 18 listopada w ca\u0142ej Europie obchodzimy Europejski Dzie\u0144 Wiedzy o Antybiotykach (EDWA), ustanowiony przez Komisj\u0119 Europejsk\u0105 w 2008 roku.<\/p>\n","protected":false},"author":45,"featured_media":0,"comment_status":"closed","ping_status":"closed","sticky":false,"template":"","format":"standard","meta":{"_monsterinsights_skip_tracking":false,"_monsterinsights_sitenote_active":false,"_monsterinsights_sitenote_note":"","_monsterinsights_sitenote_category":0,"footnotes":""},"categories":[40],"tags":[],"class_list":["post-2062","post","type-post","status-publish","format-standard","hentry","category-promocja-zdrowia"],"_links":{"self":[{"href":"https:\/\/wsse.krakow.pl\/page\/wp-json\/wp\/v2\/posts\/2062","targetHints":{"allow":["GET"]}}],"collection":[{"href":"https:\/\/wsse.krakow.pl\/page\/wp-json\/wp\/v2\/posts"}],"about":[{"href":"https:\/\/wsse.krakow.pl\/page\/wp-json\/wp\/v2\/types\/post"}],"author":[{"embeddable":true,"href":"https:\/\/wsse.krakow.pl\/page\/wp-json\/wp\/v2\/users\/45"}],"replies":[{"embeddable":true,"href":"https:\/\/wsse.krakow.pl\/page\/wp-json\/wp\/v2\/comments?post=2062"}],"version-history":[{"count":1,"href":"https:\/\/wsse.krakow.pl\/page\/wp-json\/wp\/v2\/posts\/2062\/revisions"}],"predecessor-version":[{"id":2250,"href":"https:\/\/wsse.krakow.pl\/page\/wp-json\/wp\/v2\/posts\/2062\/revisions\/2250"}],"wp:attachment":[{"href":"https:\/\/wsse.krakow.pl\/page\/wp-json\/wp\/v2\/media?parent=2062"}],"wp:term":[{"taxonomy":"category","embeddable":true,"href":"https:\/\/wsse.krakow.pl\/page\/wp-json\/wp\/v2\/categories?post=2062"},{"taxonomy":"post_tag","embeddable":true,"href":"https:\/\/wsse.krakow.pl\/page\/wp-json\/wp\/v2\/tags?post=2062"}],"curies":[{"name":"wp","href":"https:\/\/api.w.org\/{rel}","templated":true}]}}