{"id":2072,"date":"2017-11-17T10:24:51","date_gmt":"2017-11-17T09:24:51","guid":{"rendered":"http:\/\/wsse.krakow.pl\/page\/kampania-mam-czas-rozmawiac\/"},"modified":"2018-01-30T11:48:48","modified_gmt":"2018-01-30T10:48:48","slug":"kampania-mam-czas-rozmawiac","status":"publish","type":"post","link":"https:\/\/wsse.krakow.pl\/page\/kampania-mam-czas-rozmawiac\/","title":{"rendered":"Kampania &#8222;Mam czas rozmawia\u0107&#8221;"},"content":{"rendered":"<p style=\"text-align: center;\"><strong><img loading=\"lazy\" decoding=\"async\" class=\" alignleft size-full wp-image-2067\" style=\"float: left;\" src=\"http:\/\/wsse.krakow.pl\/page\/wp-content\/uploads\/2017\/11\/kokardka_1.png\" alt=\"kokardka 1\" width=\"97\" height=\"118\" \/>\u00a0 #mamczasrozmawiac<\/strong><\/p>\n<p style=\"text-align: center;\"><strong><em>W pi\u0105tek 17 listopada, rusza kampania edukacyjna Krajowego Centrum ds. AIDS \u201eMam czas rozmawia\u0107 (#mamczasrozmawiac)\u201d promuj\u0105ca dialog mi\u0119dzypokoleniowy o zdrowiu, a zw\u0142aszcza o tematach trudnych, takich jak choroby przenoszone drog\u0105 p\u0142ciow\u0105, w tym HIV. <\/em><\/strong><\/p>\n<p style=\"text-align: center;\"><strong><em>Tego samego dnia rozpoczyna si\u0119 te\u017c Europejski Tydzie\u0144 Testowania na HIV.<\/em><\/strong><\/p>\n<p style=\"text-align: justify;\">Co roku odnotowujemy w Polsce ok. 1200 zaka\u017ce\u0144 HIV. Codziennie o zaka\u017ceniu dowiaduj\u0105 si\u0119 \u015brednio trzy osoby. Jedna trzecia z\u00a0nich to ludzie m\u0142odzi poni\u017cej 30\u00a0r.\u017c., ale wzrasta te\u017c liczba os\u00f3b 50+, u kt\u00f3rych wykrywane jest zaka\u017cenie. W\u00a02016 roku w\u00a0tej grupie wiekowej rozpoznano 94 zaka\u017cenia, a do lipca 2017 a\u017c\u00a057. Czy\u00a0mo\u017cemy ograniczy\u0107 rozprzestrzenianie si\u0119\u00a0zaka\u017ce\u0144 HIV? Zdaniem ekspert\u00f3w z Krajowego Centrum ds. AIDS \u2013 tak.<!--more--><\/p>\n<p style=\"text-align: justify;\">W Polsce od pocz\u0105tku epidemii HIV wykryto ponad 22 tys. zaka\u017ce\u0144, ale liczba niezdiagnozowanych mo\u017ce by\u0107 znacznie wy\u017csza. Wed\u0142ug bada\u0144 przeprowadzonych przez Niezale\u017cny Instytut Bada\u0144 Rynkowych IPSOS dla\u00a0Krajowego Centrum ds.\u00a0AIDS, niemal 40% os\u00f3b aktywnych seksualnie, mia\u0142o kontakty p\u0142ciowe bez\u00a0zabezpieczenia i po spo\u017cyciu alkoholu, a co pi\u0105ta &#8211; z osob\u0105 o nieznanej przesz\u0142o\u015bci seksualnej (tak\u017ce bez zabezpieczenia). Z cytowanych bada\u0144 wynika jasno, \u017ce nie unikamy ryzykownych zachowa\u0144 i jednocze\u015bnie nie umiemy rozmawia\u0107 o\u00a0wi\u0105\u017c\u0105cym si\u0119 z\u00a0nimi ryzyku oraz sposobach jego ograniczania. Psychologowie od dawna alarmuj\u0105: nie poruszamy trudnych temat\u00f3w podczas rozm\u00f3w z bliskimi osobami,\u00a0informacje czerpiemy z ma\u0142o wiarygodnych for\u00f3w internetowych, a\u00a0pogl\u0105dy opieramy na stereotypach.<\/p>\n<p style=\"text-align: justify;\">Kampania \u201eMam czas rozmawia\u0107 (#mamczasrozmawiac)\u201d powsta\u0142a, by sta\u0107 si\u0119\u00a0inspiracj\u0105 do dialogu mi\u0119dzypokoleniowego. Rozmowa o zdrowiu z rodzicami, dziadkami, dzie\u0107mi czy wnukami mo\u017ce przynie\u015b\u0107 korzy\u015bci edukacyjne wszystkim \u2013 zar\u00f3wno m\u0142odszym, jak i starszym. Zw\u0142aszcza kiedy za dobrymi ch\u0119ciami idzie rzetelna wiedza. Je\u015bli matka podejmie z c\u00f3rk\u0105 dialog o\u00a0bezpieczniejszych zachowaniach, a syn przestrze\u017ce wyje\u017cd\u017caj\u0105cego do sanatorium ojca, \u017ce wiek nie\u00a0chroni przed chorobami przenoszonymi drog\u0105 p\u0142ciow\u0105, by\u0107 mo\u017ce uda si\u0119 ograniczy\u0107 liczb\u0119 zaka\u017ce\u0144 w populacji. To podstawowe za\u0142o\u017cenie i zarazem cel\u00a0kampanii\u201d \u2013 m\u00f3wi Anna Marzec-Bogus\u0142awska, dyrektor Krajowego Centrum ds. AIDS.<\/p>\n<p style=\"text-align: justify;\">Do mi\u0119dzypokoleniowych rozm\u00f3w o zdrowiu, w tym w\u0142a\u015bnie o chorobach przenoszonych drog\u0105 p\u0142ciow\u0105 takich jak HIV, b\u0119d\u0105 zach\u0119ca\u0107 m.in. spoty emitowane w\u00a0telewizji, komunikacji miejskiej, plac\u00f3wkach medycznych, uczelniach wy\u017cszych oraz na portalach informacyjnych. Posty na Facebooku, Instagramie oraz wpisy na blogach u\u015bwiadomi\u0105, dlaczego z bliskimi warto i trzeba rozmawia\u0107 o wszystkim. \u0179r\u00f3d\u0142em rzetelnej wiedzy o HIV\/AIDS b\u0119dzie strona <a href=\"http:\/\/www.mamczasrozmawiac.aids.gov.pl\">mamczasrozmawiac.aids.gov.pl<\/a><\/p>\n<p style=\"text-align: justify;\">\u201e<em>HIV nie wybiera<\/em>, warto wi\u0119c znale\u017a\u0107 czas na rozmow\u0119 z kim\u015b, kto poradzi, jak\u00a0si\u0119\u00a0przed nim chroni\u0107. A je\u015bli dosz\u0142o ju\u017c do ryzykownego zachowania, gdzie i\u00a0kiedy zrobi\u0107 test. Mo\u017cna go wykona\u0107 <strong>anonimowo, bezp\u0142atnie <\/strong>i\u00a0<strong>bez\u00a0skierowania<\/strong>. Punkty konsultacyjno-diagnostyczne, kt\u00f3re pracuj\u0105 przez ca\u0142y rok, w czasie Europejskiego Tygodnia Testowania na HIV, od 17 do 24 listopada, b\u0119d\u0105 czynne d\u0142u\u017cej. Ich adresy oraz godziny otwarcia dost\u0119pne s\u0105\u00a0na\u00a0stronie <a href=\"http:\/\/aids.gov.pl\/pkd\">http:\/\/aids.gov.pl\/pkd<\/a>\u201d \u2013 m\u00f3wi Anna Marzec-Bogus\u0142awska.<\/p>\n<p style=\"text-align: justify;\">To wa\u017cne, bo w Polsce nadal badamy si\u0119 zbyt rzadko. Z cytowanych wcze\u015bniej bada\u0144 wynika, i\u017c jedynie 5% populacji doros\u0142ej przebada\u0142o si\u0119 pod k\u0105tem HIV, a 4 % wykonywa\u0142o kiedykolwiek badanie w kierunku zaka\u017ce\u0144 przenoszonych drog\u0105 p\u0142ciow\u0105. W naszym kraju w roku 2016 w punktach konsultacyjno-diagnostycznych wykonano oko\u0142o 31 tysi\u0119cy test\u00f3w w kierunku HIV. W ci\u0105gu pierwszych sze\u015bciu miesi\u0119cy 2017 roku wykonano oko\u0142o 17 tysi\u0119cy bada\u0144. W minionym roku, w samych tylko PKD wykryto 444 zaka\u017cenia. W bie\u017c\u0105cym \u2013 ju\u017c\u00a0409.<\/p>\n<p style=\"text-align: justify;\">\u201eW Polsce anonimowy i bezp\u0142atny test w kierunku HIV mo\u017cna wykona\u0107 przez ca\u0142y rok, jednak takie akcje, jak organizowany przed \u015awiatowym Dniem AIDS Europejski Tydzie\u0144 Testowania na HIV, s\u0105 r\u00f3wnie\u017c bardzo istotne, poniewa\u017c przypominaj\u0105 o problemie zaka\u017ce\u0144 przenoszonych drog\u0105 p\u0142ciow\u0105 i konieczno\u015bci poznania w\u0142asnego statusu serologicznego. Wczesne wykrycie zaka\u017cenia i szybkie wdro\u017cenie specjalistycznego leczenia jest bardzo istotne zar\u00f3wno dla pacjenta jak i dla zdrowia ca\u0142ego spo\u0142ecze\u0144stwa\u201d przekonuje Anna Marzec-Bogus\u0142awska.<\/p>\n<p><strong>Do pobrania:<\/strong><\/p>\n<ol>\n<li><a href=\"http:\/\/wsse.krakow.pl\/page\/wp-content\/uploads\/2017\/11\/Informacja-Prasowa_start_kampanii_zespoly.pdf\"><strong>Informacja prasowa<\/strong><\/a><\/li>\n<li><a href=\"http:\/\/wsse.krakow.pl\/page\/wp-content\/uploads\/2017\/11\/plakat__mamczasrozmawiac.jpg\" data-rel=\"lightbox-image-0\" data-rl_title=\"\" data-rl_caption=\"\" title=\"\"><strong>Plakat<\/strong><\/a><\/li>\n<li><a href=\"http:\/\/wsse.krakow.pl\/page\/wp-content\/uploads\/2017\/11\/Spot_radio_mamczasrozmawiac.mp3\"><strong>Spot radiowy<\/strong><\/a><\/li>\n<li><a href=\"http:\/\/wsse.krakow.pl\/page\/wp-content\/uploads\/2017\/11\/Spot_tv_mamczasrozmawiac.mp4\"><strong>Spot TV<\/strong><\/a><\/li>\n<\/ol>\n<p><strong>\u00a0<\/strong><\/p>\n<p><em>Autor: Gra\u017cyna Prze\u017ami\u0144ska, Dzia\u0142 Zdrowia Publicznego i Promocji Zdrowia<\/em><em><br \/>\n<em>Data wprowadzenia: 17 listopada 2017<\/em><\/em><\/p>\n<p>&nbsp;<\/p>\n","protected":false},"excerpt":{"rendered":"<p style=\"text-align: center;\"><strong><img loading=\"lazy\" decoding=\"async\" class=\" alignleft size-full wp-image-2067\" src=\"http:\/\/wsse.krakow.pl\/page\/wp-content\/uploads\/2017\/11\/kokardka_1.png\" alt=\"kokardka 1\" width=\"97\" height=\"118\" style=\"float: left;\" \/>&nbsp; #mamczasrozmawiac<\/strong><\/p>\n<p style=\"text-align: center;\"><strong><em>W pi\u0105tek 17 listopada, rusza kampania edukacyjna Krajowego Centrum ds. AIDS &bdquo;Mam czas rozmawia\u0107 (#mamczasrozmawiac)&rdquo; promuj\u0105ca dialog mi\u0119dzypokoleniowy o zdrowiu, a zw\u0142aszcza o tematach trudnych, takich jak choroby przenoszone drog\u0105 p\u0142ciow\u0105, w tym HIV. <\/em><\/strong><\/p>\n<p style=\"text-align: center;\"><strong><em>Tego samego dnia rozpoczyna si\u0119 te\u017c Europejski Tydzie\u0144 Testowania na HIV.<\/em><\/strong><\/p>\n","protected":false},"author":1,"featured_media":0,"comment_status":"closed","ping_status":"closed","sticky":false,"template":"","format":"standard","meta":{"_monsterinsights_skip_tracking":false,"_monsterinsights_sitenote_active":false,"_monsterinsights_sitenote_note":"","_monsterinsights_sitenote_category":0,"footnotes":""},"categories":[40],"tags":[],"class_list":["post-2072","post","type-post","status-publish","format-standard","hentry","category-promocja-zdrowia"],"_links":{"self":[{"href":"https:\/\/wsse.krakow.pl\/page\/wp-json\/wp\/v2\/posts\/2072","targetHints":{"allow":["GET"]}}],"collection":[{"href":"https:\/\/wsse.krakow.pl\/page\/wp-json\/wp\/v2\/posts"}],"about":[{"href":"https:\/\/wsse.krakow.pl\/page\/wp-json\/wp\/v2\/types\/post"}],"author":[{"embeddable":true,"href":"https:\/\/wsse.krakow.pl\/page\/wp-json\/wp\/v2\/users\/1"}],"replies":[{"embeddable":true,"href":"https:\/\/wsse.krakow.pl\/page\/wp-json\/wp\/v2\/comments?post=2072"}],"version-history":[{"count":4,"href":"https:\/\/wsse.krakow.pl\/page\/wp-json\/wp\/v2\/posts\/2072\/revisions"}],"predecessor-version":[{"id":2389,"href":"https:\/\/wsse.krakow.pl\/page\/wp-json\/wp\/v2\/posts\/2072\/revisions\/2389"}],"wp:attachment":[{"href":"https:\/\/wsse.krakow.pl\/page\/wp-json\/wp\/v2\/media?parent=2072"}],"wp:term":[{"taxonomy":"category","embeddable":true,"href":"https:\/\/wsse.krakow.pl\/page\/wp-json\/wp\/v2\/categories?post=2072"},{"taxonomy":"post_tag","embeddable":true,"href":"https:\/\/wsse.krakow.pl\/page\/wp-json\/wp\/v2\/tags?post=2072"}],"curies":[{"name":"wp","href":"https:\/\/api.w.org\/{rel}","templated":true}]}}