{"id":2074,"date":"2017-11-28T11:48:28","date_gmt":"2017-11-28T10:48:28","guid":{"rendered":"http:\/\/wsse.krakow.pl\/page\/informacja-o-dniach-wolnych-od-pracy-w-wojewodzkiej-stacji-sanitarno-epidemiologicznej-w-krakowie\/"},"modified":"2018-01-19T11:49:21","modified_gmt":"2018-01-19T10:49:21","slug":"informacja-o-dniach-wolnych-od-pracy-w-wojewodzkiej-stacji-sanitarno-epidemiologicznej-w-krakowie","status":"publish","type":"post","link":"https:\/\/wsse.krakow.pl\/page\/informacja-o-dniach-wolnych-od-pracy-w-wojewodzkiej-stacji-sanitarno-epidemiologicznej-w-krakowie\/","title":{"rendered":"Informacja o dniach wolnych od pracy w Wojew\u00f3dzkiej Stacji Sanitarno-Epidemiologicznej   w Krakowie"},"content":{"rendered":"<p style=\"text-align: justify;\"><img loading=\"lazy\" decoding=\"async\" class=\" size-full wp-image-2073\" style=\"display: block; margin-left: auto; margin-right: auto;\" src=\"http:\/\/wsse.krakow.pl\/page\/wp-content\/uploads\/2017\/11\/info-147927_1280.png\" alt=\"info 147927 1280\" width=\"166\" height=\"166\" srcset=\"https:\/\/wsse.krakow.pl\/page\/wp-content\/uploads\/2017\/11\/info-147927_1280.png 1280w, https:\/\/wsse.krakow.pl\/page\/wp-content\/uploads\/2017\/11\/info-147927_1280-150x150.png 150w, https:\/\/wsse.krakow.pl\/page\/wp-content\/uploads\/2017\/11\/info-147927_1280-300x300.png 300w, https:\/\/wsse.krakow.pl\/page\/wp-content\/uploads\/2017\/11\/info-147927_1280-768x768.png 768w\" sizes=\"auto, (max-width: 166px) 100vw, 166px\" \/><\/p>\n<p style=\"text-align: justify;\">1) Zgodnie z Zarz\u0105dzeniem Nr 48\/2017 Dyrektora Wojew\u00f3dzkiej Stacji Sanitarno-Epidemiologicznej w Krakowie z dnia 28 wrze\u015bnia 2017 r. informuje si\u0119, i\u017c <strong>dzie\u0144 27 grudnia 2017 r. <\/strong>(\u015broda) jest w Wojew\u00f3dzkiej Stacji Sanitarno-Epidemiologicznej w Krakowie <strong>dniem wolnym od pracy <\/strong>(w zamian za Narodowe \u015awi\u0119to Niepodleg\u0142o\u015bci \u015bwi\u0119to przypadaj\u0105ce w sobot\u0119 11 listopada 2017 r.).<\/p>\n<p style=\"text-align: justify;\">2) Zgodnie z Zarz\u0105dzeniem Nr 56\/2017 Dyrektora Wojew\u00f3dzkiej Stacji Sanitarno-Epidemiologicznej w Krakowie z dnia 27 listopada 2017 r. informuje si\u0119, i\u017c <strong>dzie\u0144 2 stycznia 2018 r. <\/strong>(wtorek) jest w Wojew\u00f3dzkiej Stacji Sanitarno-Epidemiologicznej w Krakowie <strong>dniem wolnym od pracy <\/strong>(w zamian za \u015bwi\u0119to Trzech Kr\u00f3li przypadaj\u0105ce w sobot\u0119 6 stycznia 2018 r.).<\/p>\n<p><em><br \/>\nData wprowadzenia: 28 listopada 2017<br \/>\nData ostatniej aktualizacji:<em> 28 listopada 2017<\/em><\/em><\/p>\n","protected":false},"excerpt":{"rendered":"<p style=\"text-align: justify;\"><img loading=\"lazy\" decoding=\"async\" class=\" size-full wp-image-2073\" src=\"http:\/\/wsse.krakow.pl\/page\/wp-content\/uploads\/2017\/11\/info-147927_1280.png\" alt=\"info 147927 1280\" width=\"166\" height=\"166\" style=\"display: block; margin-left: auto; margin-right: auto;\" srcset=\"https:\/\/wsse.krakow.pl\/page\/wp-content\/uploads\/2017\/11\/info-147927_1280.png 1280w, https:\/\/wsse.krakow.pl\/page\/wp-content\/uploads\/2017\/11\/info-147927_1280-150x150.png 150w, https:\/\/wsse.krakow.pl\/page\/wp-content\/uploads\/2017\/11\/info-147927_1280-300x300.png 300w, https:\/\/wsse.krakow.pl\/page\/wp-content\/uploads\/2017\/11\/info-147927_1280-768x768.png 768w\" sizes=\"auto, (max-width: 166px) 100vw, 166px\" \/><\/p>\n<p style=\"text-align: justify;\">1) Zgodnie z Zarz\u0105dzeniem Nr 48\/2017 Dyrektora Wojew&oacute;dzkiej Stacji Sanitarno-Epidemiologicznej w Krakowie z dnia 28 wrze\u015bnia 2017 r. informuje si\u0119, i\u017c <strong>dzie\u0144 27 grudnia 2017 r. <\/strong>(\u015broda) jest w Wojew&oacute;dzkiej Stacji Sanitarno-Epidemiologicznej w Krakowie <strong>dniem wolnym od pracy <\/strong>(w zamian za Narodowe \u015awi\u0119to Niepodleg\u0142o\u015bci \u015bwi\u0119to przypadaj\u0105ce w sobot\u0119 11 listopada 2017 r.).<\/p>\n<p style=\"text-align: justify;\">2) Zgodnie z Zarz\u0105dzeniem Nr 56\/2017 Dyrektora Wojew&oacute;dzkiej Stacji Sanitarno-Epidemiologicznej w Krakowie z dnia 27 listopada 2017 r. informuje si\u0119, i\u017c <strong>dzie\u0144 2 stycznia 2018 r. <\/strong>(wtorek) jest w Wojew&oacute;dzkiej Stacji Sanitarno-Epidemiologicznej w Krakowie <strong>dniem wolnym od pracy <\/strong>(w zamian za \u015bwi\u0119to Trzech Kr&oacute;li przypadaj\u0105ce w sobot\u0119 6 stycznia 2018 r.).<\/p>\n","protected":false},"author":45,"featured_media":0,"comment_status":"closed","ping_status":"closed","sticky":false,"template":"","format":"standard","meta":{"_monsterinsights_skip_tracking":false,"_monsterinsights_sitenote_active":false,"_monsterinsights_sitenote_note":"","_monsterinsights_sitenote_category":0,"footnotes":""},"categories":[65],"tags":[],"class_list":["post-2074","post","type-post","status-publish","format-standard","hentry","category-dodatkowe-informacje"],"_links":{"self":[{"href":"https:\/\/wsse.krakow.pl\/page\/wp-json\/wp\/v2\/posts\/2074","targetHints":{"allow":["GET"]}}],"collection":[{"href":"https:\/\/wsse.krakow.pl\/page\/wp-json\/wp\/v2\/posts"}],"about":[{"href":"https:\/\/wsse.krakow.pl\/page\/wp-json\/wp\/v2\/types\/post"}],"author":[{"embeddable":true,"href":"https:\/\/wsse.krakow.pl\/page\/wp-json\/wp\/v2\/users\/45"}],"replies":[{"embeddable":true,"href":"https:\/\/wsse.krakow.pl\/page\/wp-json\/wp\/v2\/comments?post=2074"}],"version-history":[{"count":1,"href":"https:\/\/wsse.krakow.pl\/page\/wp-json\/wp\/v2\/posts\/2074\/revisions"}],"predecessor-version":[{"id":2336,"href":"https:\/\/wsse.krakow.pl\/page\/wp-json\/wp\/v2\/posts\/2074\/revisions\/2336"}],"wp:attachment":[{"href":"https:\/\/wsse.krakow.pl\/page\/wp-json\/wp\/v2\/media?parent=2074"}],"wp:term":[{"taxonomy":"category","embeddable":true,"href":"https:\/\/wsse.krakow.pl\/page\/wp-json\/wp\/v2\/categories?post=2074"},{"taxonomy":"post_tag","embeddable":true,"href":"https:\/\/wsse.krakow.pl\/page\/wp-json\/wp\/v2\/tags?post=2074"}],"curies":[{"name":"wp","href":"https:\/\/api.w.org\/{rel}","templated":true}]}}