{"id":2076,"date":"2017-12-01T08:33:01","date_gmt":"2017-12-01T07:33:01","guid":{"rendered":"http:\/\/wsse.krakow.pl\/page\/1-grudnia-swiatowy-dzien-aids-2-2\/"},"modified":"2018-02-22T15:23:59","modified_gmt":"2018-02-22T14:23:59","slug":"1-grudnia-swiatowy-dzien-aids-2-2","status":"publish","type":"post","link":"https:\/\/wsse.krakow.pl\/page\/1-grudnia-swiatowy-dzien-aids-2-2\/","title":{"rendered":"1 grudnia &#8211; \u015awiatowy Dzie\u0144 AIDS"},"content":{"rendered":"<p style=\"text-align: justify;\">27 pa\u017adziernika 1988 roku na 38. Sesji Zgromadzenia Og\u00f3lnego Narod\u00f3w Zjednoczonych ustanowiono, \u017ce co roku 1 grudnia b\u0119dzie obchodzony \u015awiatowy Dzie\u0144 AIDS. Jest to bardzo wa\u017cna data, kt\u00f3ra integruje wiele dzia\u0142a\u0144 zwi\u0105zanych z profilaktyk\u0105 HIV\/AIDS.<\/p>\n<p style=\"text-align: justify;\"><img loading=\"lazy\" decoding=\"async\" class=\" size-full wp-image-2075\" style=\"display: block; margin-left: auto; margin-right: auto;\" src=\"https:\/\/wsse.krakow.pl\/page\/wp-content\/uploads\/2017\/12\/1grudnia.jpg\" alt=\"1grudnia\" width=\"582\" height=\"173\" srcset=\"https:\/\/wsse.krakow.pl\/page\/wp-content\/uploads\/2017\/12\/1grudnia.jpg 1192w, https:\/\/wsse.krakow.pl\/page\/wp-content\/uploads\/2017\/12\/1grudnia-150x45.jpg 150w, https:\/\/wsse.krakow.pl\/page\/wp-content\/uploads\/2017\/12\/1grudnia-300x89.jpg 300w, https:\/\/wsse.krakow.pl\/page\/wp-content\/uploads\/2017\/12\/1grudnia-768x229.jpg 768w\" sizes=\"auto, (max-width: 582px) 100vw, 582px\" \/><!--more--><\/p>\n<p style=\"text-align: justify;\">Epidemia HIV to problem wci\u0105\u017c aktualny. Jak wynika z danych Narodowego Instytutu Zdrowia Publicznego \u2013 Pa\u0144stwowego Zak\u0142adu Higieny, w roku 2016 wykryto w Polsce 1306 zaka\u017ce\u0144 HIV. To najwy\u017csza liczba od lat 80-tych, kiedy po raz pierwszy us\u0142yszeli\u015bmy o epidemii. Oznacza, \u017ce ka\u017cdego dnia minionego roku o seropozytywnym statusie dowiadywa\u0142y si\u0119 ju\u017c \u015brednio nie trzy osoby, jak szacowano wcze\u015bniej, ale 3,5. Jak b\u0119dzie w roku 2017? Niestety trudno o optymizm. W punktach konsultacyjno-diagnostycznych (PKD), gdzie mo\u017cna wykona\u0107 test anonimowo, bezp\u0142atnie i bez skierowania, w ca\u0142ym roku 2016 odnotowano 444 zaka\u017cenia HIV. W\u00a0bie\u017c\u0105cym \u2013 ju\u017c 409.<\/p>\n<p style=\"text-align: justify;\">Wprowadzenie leczenia antyretrowirusowego (ARV) spowodowa\u0142o spadek liczby zachorowa\u0144 na AIDS oraz spadek \u015bmiertelno\u015bci z powodu AIDS w krajach rozwini\u0119tych. Ujednolicone i zintegrowane leczenie ARV dla wszystkich region\u00f3w Polski prowadzone jest od\u00a02001 roku w ramach programu polityki zdrowotnej Ministra Zdrowia pn.: \u201eLeczenie antyretrowirusowe os\u00f3b \u017cyj\u0105cych z wirusem HIV w Polsce\u201d. Przez te lata w Polsce uda\u0142o si\u0119\u00a0wypracowa\u0107 modelowy system opieki nad pacjentami zaka\u017conymi HIV i\u00a0chorymi na AIDS, kt\u00f3ry w wielu krajach wskazywany jest jako wz\u00f3r. W tym czasie, dzi\u0119ki zastosowaniu nowych lek\u00f3w, zmieni\u0142o si\u0119 oblicze choroby, kt\u00f3ra ze \u015bmiertelnej sta\u0142a si\u0119 przewlek\u0142\u0105. Zmieni\u0142 si\u0119 r\u00f3wnie\u017c profil os\u00f3b, kt\u00f3re si\u0119 zaka\u017caj\u0105. Ju\u017c nie m\u00f3wimy o szczeg\u00f3lnych grupach, kt\u00f3re zaka\u017caj\u0105 si\u0119 HIV lecz o zachowaniach ryzykownych, nara\u017caj\u0105cych na to zaka\u017cenie.<\/p>\n<p style=\"text-align: justify;\">Jedn\u0105 z przyczyn takiego stanu rzeczy mo\u017ce by\u0107 fakt, \u017ce o trudnych problemach zdrowotnych, takich jak choroby przenoszone drog\u0105 p\u0142ciow\u0105 np. HIV, m\u00f3wi si\u0119 w Polsce mniej, ni\u017c by nale\u017ca\u0142o. Szacuje si\u0119, \u017ce w Polsce jest oko\u0142o 15 tys. os\u00f3b, kt\u00f3re nie wiedz\u0105 o swoim seropozytywnym statusie.<\/p>\n<p style=\"text-align: justify;\">\u201eJe\u015bli o ryzyku zaka\u017cenia HIV zacznie si\u0119 m\u00f3wi\u0107 r\u00f3wnie\u017c w domach, zrobimy wielki krok w kierunku powstrzymania epidemii w Polsce. Obchodzony 1 grudnia \u015awiatowy Dzie\u0144 AIDS to\u00a0dobra okazja do podj\u0119cia tego tematu. Na rozmow\u0119 o zdrowiu z bliskimi zawsze powinni\u015bmy mie\u0107 czas. Chcieliby\u015bmy, aby ka\u017cdy Polak uto\u017csamia\u0142 si\u0119 z has\u0142em naszej nowej kampanii edukacyjnej #mamczasrozmawiac &#8211; tak\u017ce w kontek\u015bcie trudnych temat\u00f3w zdrowotnych\u201d \u2013 podkre\u015bla Anna Marzec-Bogus\u0142awska, dyrektor Krajowego Centrum ds. AIDS.<\/p>\n<p style=\"text-align: justify;\">Warto dzia\u0142a\u0107 na rzecz rozwi\u0105zania problemu epidemii HIV, tak\u017ce przez pozosta\u0142e dni\u00a0w\u00a0roku \u2013 poznaj\u0105c i upowszechniaj\u0105c informacje na temat HIV\/AIDS, sposob\u00f3w ograniczania ryzyka zaka\u017cenia, testuj\u0105c si\u0119 w kierunku HIV, dzia\u0142aj\u0105c bez uprzedze\u0144 w \u017cyciu prywatnym i\u00a0zawodowym oraz solidaryzuj\u0105c si\u0119 z osobami, kt\u00f3re cierpi\u0105 z tego powodu<\/p>\n<p style=\"text-align: justify;\">Nieod\u0142\u0105cznym elementem obchod\u00f3w \u015awiatowego Dnia AIDS jest Czerwona Kokardka &#8211; symbol solidarno\u015bci z osobami \u017cyj\u0105cymi z HIV i chorymi na AIDS i ich bliskimi. Obecno\u015b\u0107 Kokardki w sferze publicznej przypomina, \u017ce osoby \u017cyj\u0105ce z HIV s\u0105 pe\u0142noprawnymi cz\u0142onkami spo\u0142ecze\u0144stwa i powinny mie\u0107 mo\u017cliwo\u015b\u0107 \u017cycia i pracy w swoim \u015brodowisku, pami\u0119taj\u0105c r\u00f3wnocze\u015bnie o obowi\u0105zku ochrony innych przed zaka\u017ceniem.<\/p>\n<p>&nbsp;<\/p>\n<p><em>Autor: <\/em><em>Dzia\u0142 Zdrowia Publicznego i Promocji Zdrowia<br \/>\nData wprowadzenia: 1 grudnia 2017<br \/>\nData ostatniej aktualizacji:<em> 1 grudnia 2017<\/em><\/em><\/p>\n","protected":false},"excerpt":{"rendered":"<p style=\"text-align: justify;\">27 pa\u017adziernika 1988 roku na 38. Sesji Zgromadzenia Og&oacute;lnego Narod&oacute;w Zjednoczonych ustanowiono, \u017ce co roku 1 grudnia b\u0119dzie obchodzony \u015awiatowy Dzie\u0144 AIDS. Jest to bardzo wa\u017cna data, kt&oacute;ra integruje wiele dzia\u0142a\u0144 zwi\u0105zanych z profilaktyk\u0105 HIV\/AIDS.<\/p>\n<p style=\"text-align: justify;\"><img loading=\"lazy\" decoding=\"async\" class=\" size-full wp-image-2075\" src=\"http:\/\/wsse.krakow.pl\/page\/wp-content\/uploads\/2017\/12\/1grudnia.jpg\" alt=\"1grudnia\" width=\"582\" height=\"173\" style=\"display: block; margin-left: auto; margin-right: auto;\" srcset=\"https:\/\/wsse.krakow.pl\/page\/wp-content\/uploads\/2017\/12\/1grudnia.jpg 1192w, https:\/\/wsse.krakow.pl\/page\/wp-content\/uploads\/2017\/12\/1grudnia-150x45.jpg 150w, https:\/\/wsse.krakow.pl\/page\/wp-content\/uploads\/2017\/12\/1grudnia-300x89.jpg 300w, https:\/\/wsse.krakow.pl\/page\/wp-content\/uploads\/2017\/12\/1grudnia-768x229.jpg 768w\" sizes=\"auto, (max-width: 582px) 100vw, 582px\" \/><\/p>\n","protected":false},"author":45,"featured_media":0,"comment_status":"closed","ping_status":"closed","sticky":false,"template":"","format":"standard","meta":{"_monsterinsights_skip_tracking":false,"_monsterinsights_sitenote_active":false,"_monsterinsights_sitenote_note":"","_monsterinsights_sitenote_category":0,"footnotes":""},"categories":[40],"tags":[],"class_list":["post-2076","post","type-post","status-publish","format-standard","hentry","category-promocja-zdrowia"],"_links":{"self":[{"href":"https:\/\/wsse.krakow.pl\/page\/wp-json\/wp\/v2\/posts\/2076","targetHints":{"allow":["GET"]}}],"collection":[{"href":"https:\/\/wsse.krakow.pl\/page\/wp-json\/wp\/v2\/posts"}],"about":[{"href":"https:\/\/wsse.krakow.pl\/page\/wp-json\/wp\/v2\/types\/post"}],"author":[{"embeddable":true,"href":"https:\/\/wsse.krakow.pl\/page\/wp-json\/wp\/v2\/users\/45"}],"replies":[{"embeddable":true,"href":"https:\/\/wsse.krakow.pl\/page\/wp-json\/wp\/v2\/comments?post=2076"}],"version-history":[{"count":2,"href":"https:\/\/wsse.krakow.pl\/page\/wp-json\/wp\/v2\/posts\/2076\/revisions"}],"predecessor-version":[{"id":2657,"href":"https:\/\/wsse.krakow.pl\/page\/wp-json\/wp\/v2\/posts\/2076\/revisions\/2657"}],"wp:attachment":[{"href":"https:\/\/wsse.krakow.pl\/page\/wp-json\/wp\/v2\/media?parent=2076"}],"wp:term":[{"taxonomy":"category","embeddable":true,"href":"https:\/\/wsse.krakow.pl\/page\/wp-json\/wp\/v2\/categories?post=2076"},{"taxonomy":"post_tag","embeddable":true,"href":"https:\/\/wsse.krakow.pl\/page\/wp-json\/wp\/v2\/tags?post=2076"}],"curies":[{"name":"wp","href":"https:\/\/api.w.org\/{rel}","templated":true}]}}