{"id":268,"date":"2013-09-20T12:55:32","date_gmt":"2013-09-20T10:55:32","guid":{"rendered":"http:\/\/wsse.krakow.pl\/page\/swiatowy-dzien-bez-tytoniu\/"},"modified":"2013-09-20T12:55:32","modified_gmt":"2013-09-20T10:55:32","slug":"swiatowy-dzien-bez-tytoniu","status":"publish","type":"post","link":"https:\/\/wsse.krakow.pl\/page\/swiatowy-dzien-bez-tytoniu\/","title":{"rendered":"\u015awiatowy Dzie\u0144 Bez Tytoniu"},"content":{"rendered":"<p style=\"text-align: justify;\"> \tW ramach obchod\u00f3w \u015awiatowego Dnia Bez Tytoniu pracownicy Oddzia\u0142u O\u015bwiaty Zdrowotnej i Promocji Zdrowia WSSE w Krakowie wzi\u0119li udzia\u0142 w imprezie plenerowej zorganizowanej w dniu 1 czerwca 2013 r. przez Fundacj\u0119 ,,Aktywne Dzieciaki\u201d w Parku im. dr H. Jordana w Krakowie.<\/p>\n<p style=\"text-align: justify;\"> \tCelem dzia\u0142a\u0144 &nbsp;podejmowanych przez nas by\u0142o promowanie zdrowego stylu \u017cycia, oraz zwi\u0119kszenie wiedzy w\u015br\u00f3d Krakowian nt. skutk\u00f3w zdrowotnych czynnego i biernego palenia tytoniu.<\/p>\n<p style=\"text-align: justify;\"> \tW ramach akcji, w kt\u00f3rej towarzyszyli nam przedstawiciele Powiatowej Stacji Sanitarno-Epidemiologicznej w Krakowie, Stowarzyszenia Manko oraz Oddzia\u0142u Krak\u00f3w Mi\u0119dzynarodowego Stowarzyszenia Student\u00f3w Medycyny IFMSA zorganizowano punkt edukacyjno-medyczny. Udzielano porad w zakresie profilaktyki palenia tytoniu oraz wykonywano badania: pomiary tlenku w\u0119gla w wydychanym powietrzu, ci\u015bnienia t\u0119tniczego krwi oraz poziomu glukozy we krwi. Uczestnik\u00f3w informowano o miejscach gdzie obowi\u0105zuje zakaz palenia, a palaczy motywowano do zerwania z na\u0142ogiem. Ka\u017cda zainteresowana osoba otrzyma\u0142a materia\u0142y edukacyjno-informacyjne oraz drobny upominek (torba z nadrukiem projektu TOB3CIT, d\u0142ugopisy, o\u0142\u00f3wki). Zorganizowano tak\u017ce k\u0105cik dla dzieci, gdzie&nbsp; maluchy malowa\u0142y kolorowanki (z serii \u201eCzyste powietrze wok\u00f3\u0142 nas\u201d), podczas gdy ich rodzice\/opiekunowie mogli korzysta\u0107 z porad&nbsp; nt. skutk\u00f3w uzale\u017cnienia od tytoniu i palenia biernego oraz wzi\u0105\u0107 udzia\u0142 w proponowanych badaniach.<\/p>\n<p style=\"text-align: justify;\"> \tAkcja cieszy\u0142a si\u0119 ogromnym zainteresowaniem, o czym \u015bwiadczy za\u0142\u0105czona dokumentacja fotograficzna.<\/p>\n<p style=\"text-align: justify;\"> \t<img loading=\"lazy\" decoding=\"async\" class=\" size-full wp-image-264\" alt=\"\" src=\"http:\/\/wsse.krakow.pl\/page\/wp-content\/uploads\/2013\/09\/sdbt1.jpg\" style=\"width: 600px; height: 450px;\" width=\"873\" height=\"655\" srcset=\"https:\/\/wsse.krakow.pl\/page\/wp-content\/uploads\/2013\/09\/sdbt1.jpg 873w, https:\/\/wsse.krakow.pl\/page\/wp-content\/uploads\/2013\/09\/sdbt1-150x113.jpg 150w, https:\/\/wsse.krakow.pl\/page\/wp-content\/uploads\/2013\/09\/sdbt1-300x225.jpg 300w, https:\/\/wsse.krakow.pl\/page\/wp-content\/uploads\/2013\/09\/sdbt1-768x576.jpg 768w\" sizes=\"auto, (max-width: 873px) 100vw, 873px\" \/><\/p>\n<p style=\"text-align: justify;\"> \t<img loading=\"lazy\" decoding=\"async\" class=\" size-full wp-image-265\" alt=\"\" src=\"http:\/\/wsse.krakow.pl\/page\/wp-content\/uploads\/2013\/09\/sdbt2.jpg\" style=\"width: 600px; height: 451px;\" width=\"873\" height=\"656\" srcset=\"https:\/\/wsse.krakow.pl\/page\/wp-content\/uploads\/2013\/09\/sdbt2.jpg 873w, https:\/\/wsse.krakow.pl\/page\/wp-content\/uploads\/2013\/09\/sdbt2-150x113.jpg 150w, https:\/\/wsse.krakow.pl\/page\/wp-content\/uploads\/2013\/09\/sdbt2-300x225.jpg 300w, https:\/\/wsse.krakow.pl\/page\/wp-content\/uploads\/2013\/09\/sdbt2-768x577.jpg 768w\" sizes=\"auto, (max-width: 873px) 100vw, 873px\" \/><\/p>\n<p style=\"text-align: justify;\"> \t<img loading=\"lazy\" decoding=\"async\" class=\" size-full wp-image-266\" alt=\"\" src=\"http:\/\/wsse.krakow.pl\/page\/wp-content\/uploads\/2013\/09\/sdbt3.jpg\" style=\"width: 600px; height: 450px;\" width=\"886\" height=\"665\" srcset=\"https:\/\/wsse.krakow.pl\/page\/wp-content\/uploads\/2013\/09\/sdbt3.jpg 886w, https:\/\/wsse.krakow.pl\/page\/wp-content\/uploads\/2013\/09\/sdbt3-150x113.jpg 150w, https:\/\/wsse.krakow.pl\/page\/wp-content\/uploads\/2013\/09\/sdbt3-300x225.jpg 300w, https:\/\/wsse.krakow.pl\/page\/wp-content\/uploads\/2013\/09\/sdbt3-768x576.jpg 768w\" sizes=\"auto, (max-width: 886px) 100vw, 886px\" \/><\/p>\n<p style=\"text-align: justify;\"> \t<img loading=\"lazy\" decoding=\"async\" class=\" size-full wp-image-267\" alt=\"\" src=\"http:\/\/wsse.krakow.pl\/page\/wp-content\/uploads\/2013\/09\/sdbt4.jpg\" style=\"width: 600px; height: 451px;\" width=\"889\" height=\"668\" srcset=\"https:\/\/wsse.krakow.pl\/page\/wp-content\/uploads\/2013\/09\/sdbt4.jpg 889w, https:\/\/wsse.krakow.pl\/page\/wp-content\/uploads\/2013\/09\/sdbt4-150x113.jpg 150w, https:\/\/wsse.krakow.pl\/page\/wp-content\/uploads\/2013\/09\/sdbt4-300x225.jpg 300w, https:\/\/wsse.krakow.pl\/page\/wp-content\/uploads\/2013\/09\/sdbt4-768x577.jpg 768w\" sizes=\"auto, (max-width: 889px) 100vw, 889px\" \/><\/p>\n<p style=\"text-align: justify;\"> \t&nbsp;<\/p>\n<p style=\"text-align: justify;\"> \tOpracowanie:<\/p>\n<p style=\"text-align: justify;\"> \tMagdalena Dro\u017adzik<\/p>\n<p style=\"text-align: justify;\"> \tOddzia\u0142 O\u015bwiaty Zdrowotnej i Promocji Zdrowia<\/p>\n<p style=\"text-align: justify;\"> \tTel: 12 25 49&nbsp;421<\/p>\n<p style=\"text-align: justify;\"> \temail: <a href=\"mailto:m.drozdzik@wsse.krakow.pl\">m.drozdzik@wsse.krakow.pl<\/a><\/p>\n<!-- WP Attachments -->\r\n        <div style=\"width:100%;margin:10px 0 10px 0;\">\r\n            <h3>Pliki do pobrania:<\/h3>\r\n        <ul class=\"post-attachments\"><li class=\"post-attachment mime-image-jpeg\"><a href=\"https:\/\/wsse.krakow.pl\/page\/swiatowy-dzien-bez-tytoniu\/?download=264\">sdbt1<\/a> <small>(222 kB)<\/small><\/li><li class=\"post-attachment mime-image-jpeg\"><a href=\"https:\/\/wsse.krakow.pl\/page\/swiatowy-dzien-bez-tytoniu\/?download=265\">sdbt2<\/a> <small>(210 kB)<\/small><\/li><li class=\"post-attachment mime-image-jpeg\"><a href=\"https:\/\/wsse.krakow.pl\/page\/swiatowy-dzien-bez-tytoniu\/?download=266\">sdbt3<\/a> <small>(217 kB)<\/small><\/li><li class=\"post-attachment mime-image-jpeg\"><a href=\"https:\/\/wsse.krakow.pl\/page\/swiatowy-dzien-bez-tytoniu\/?download=267\">sdbt4<\/a> <small>(234 kB)<\/small><\/li><\/ul><\/div>","protected":false},"excerpt":{"rendered":"<p style=\"text-align: justify;\"> \tW ramach obchod\u00f3w \u015awiatowego Dnia Bez Tytoniu pracownicy Oddzia\u0142u O\u015bwiaty Zdrowotnej i Promocji Zdrowia WSSE w Krakowie wzi\u0119li udzia\u0142 w imprezie plenerowej zorganizowanej w dniu 1 czerwca 2013 r. przez Fundacj\u0119 ,,Aktywne Dzieciaki\u201d w Parku im. dr H. Jordana w Krakowie.<\/p>\n<p style=\"text-align: justify;\"> \tCelem dzia\u0142a\u0144 &nbsp;podejmowanych przez nas by\u0142o promowanie zdrowego stylu \u017cycia, oraz zwi\u0119kszenie wiedzy w\u015br\u00f3d Krakowian nt. skutk\u00f3w zdrowotnych czynnego i biernego palenia tytoniu.<\/p>\n<p style=\"text-align: justify;\"> \tW ramach akcji, w kt\u00f3rej towarzyszyli nam przedstawiciele Powiatowej Stacji Sanitarno-Epidemiologicznej w Krakowie, Stowarzyszenia Manko oraz Oddzia\u0142u Krak\u00f3w Mi\u0119dzynarodowego Stowarzyszenia Student\u00f3w Medycyny IFMSA zorganizowano punkt edukacyjno-medyczny. Udzielano porad w zakresie profilaktyki palenia tytoniu oraz wykonywano badania: pomiary tlenku w\u0119gla w wydychanym powietrzu, ci\u015bnienia t\u0119tniczego krwi oraz poziomu glukozy we krwi. Uczestnik\u00f3w informowano o miejscach gdzie obowi\u0105zuje zakaz palenia, a palaczy motywowano do zerwania z na\u0142ogiem. Ka\u017cda zainteresowana osoba otrzyma\u0142a materia\u0142y edukacyjno-informacyjne oraz drobny upominek (torba z nadrukiem projektu TOB3CIT, d\u0142ugopisy, o\u0142\u00f3wki). Zorganizowano tak\u017ce k\u0105cik dla dzieci, gdzie&nbsp; maluchy malowa\u0142y kolorowanki (z serii \u201eCzyste powietrze wok\u00f3\u0142 nas\u201d), podczas gdy ich rodzice\/opiekunowie mogli korzysta\u0107 z porad&nbsp; nt. skutk\u00f3w uzale\u017cnienia od tytoniu i palenia biernego oraz wzi\u0105\u0107 udzia\u0142 w proponowanych badaniach.<\/p>\n","protected":false},"author":1,"featured_media":0,"comment_status":"closed","ping_status":"closed","sticky":false,"template":"","format":"standard","meta":{"_monsterinsights_skip_tracking":false,"_monsterinsights_sitenote_active":false,"_monsterinsights_sitenote_note":"","_monsterinsights_sitenote_category":0,"footnotes":""},"categories":[49],"tags":[],"class_list":["post-268","post","type-post","status-publish","format-standard","hentry","category-kampanie-spoleczne"],"_links":{"self":[{"href":"https:\/\/wsse.krakow.pl\/page\/wp-json\/wp\/v2\/posts\/268","targetHints":{"allow":["GET"]}}],"collection":[{"href":"https:\/\/wsse.krakow.pl\/page\/wp-json\/wp\/v2\/posts"}],"about":[{"href":"https:\/\/wsse.krakow.pl\/page\/wp-json\/wp\/v2\/types\/post"}],"author":[{"embeddable":true,"href":"https:\/\/wsse.krakow.pl\/page\/wp-json\/wp\/v2\/users\/1"}],"replies":[{"embeddable":true,"href":"https:\/\/wsse.krakow.pl\/page\/wp-json\/wp\/v2\/comments?post=268"}],"version-history":[{"count":0,"href":"https:\/\/wsse.krakow.pl\/page\/wp-json\/wp\/v2\/posts\/268\/revisions"}],"wp:attachment":[{"href":"https:\/\/wsse.krakow.pl\/page\/wp-json\/wp\/v2\/media?parent=268"}],"wp:term":[{"taxonomy":"category","embeddable":true,"href":"https:\/\/wsse.krakow.pl\/page\/wp-json\/wp\/v2\/categories?post=268"},{"taxonomy":"post_tag","embeddable":true,"href":"https:\/\/wsse.krakow.pl\/page\/wp-json\/wp\/v2\/tags?post=268"}],"curies":[{"name":"wp","href":"https:\/\/api.w.org\/{rel}","templated":true}]}}