{"id":269,"date":"2013-09-23T06:19:43","date_gmt":"2013-09-23T04:19:43","guid":{"rendered":"http:\/\/wsse.krakow.pl\/page\/wojewodzkie-podsumowanie-vii-edycji-programu-trzymaj-forme\/"},"modified":"2013-09-23T06:19:43","modified_gmt":"2013-09-23T04:19:43","slug":"wojewodzkie-podsumowanie-vii-edycji-programu-trzymaj-forme","status":"publish","type":"post","link":"https:\/\/wsse.krakow.pl\/page\/wojewodzkie-podsumowanie-vii-edycji-programu-trzymaj-forme\/","title":{"rendered":"Wojew\u00f3dzkie podsumowanie VII edycji programu &#8222;Trzymaj Form\u0119!&#8221;"},"content":{"rendered":"<p style=\"text-align: justify;\"> \t<input alt=\"\" src=\"images\/Programy edukacyjne\/trzymaj_forme.jpg\" style=\"width: 110px; height: 55px; float: left; margin: 5px;\" type=\"image\" \/>W za\u0142\u0105czeniu podsumowanie VII edycji og\u00f3lnopolskiego programu edukacyjnego &#8222;Trzymaj Form\u0119!&#8221; w roku szkolnym 2012\/2013 w wojew\u00f3dztwie ma\u0142opolskim.<\/p>\n<p style=\"text-align: justify;\"> \tProgram realizowany by\u0142 pod has\u0142em:&#8221;<strong>TALERZ ZDROWIA skuteczne narz\u0119dzie zdrowego odzywania&#8221;<\/strong>.<\/p>\n<p> \t&nbsp;<\/p>\n<p> \tWies\u0142awa Drewniak<br \/> \tOddzia\u0142 O\u015bwiaty Zdrowotnej i Promocji Zdrowia<\/p>\n<p> \tWprowadzono: 23.09.2013 r.<br \/> \t&nbsp;<\/p>\n<!-- WP Attachments -->\r\n        <div style=\"width:100%;margin:10px 0 10px 0;\">\r\n            <h3>Pliki do pobrania:<\/h3>\r\n        <ul class=\"post-attachments\"><li class=\"post-attachment mime-application-pdf\"><a href=\"https:\/\/wsse.krakow.pl\/page\/wojewodzkie-podsumowanie-vii-edycji-programu-trzymaj-forme\/?download=270\">Informacja z realizacji VII edycji TF.pdf<\/a> <small>(223 kB)<\/small><\/li><\/ul><\/div>","protected":false},"excerpt":{"rendered":"<p style=\"text-align: justify;\"> \t<input alt=\"\" src=\"images\/Programy edukacyjne\/trzymaj_forme.jpg\" style=\"width: 110px; height: 55px; float: left; margin: 5px;\" type=\"image\" \/>W za\u0142\u0105czeniu podsumowanie VII edycji og\u00f3lnopolskiego programu edukacyjnego &#8222;Trzymaj Form\u0119!&#8221; w roku szkolnym 2012\/2013 w wojew\u00f3dztwie ma\u0142opolskim.<\/p>\n","protected":false},"author":1,"featured_media":0,"comment_status":"closed","ping_status":"closed","sticky":false,"template":"","format":"standard","meta":{"_monsterinsights_skip_tracking":false,"_monsterinsights_sitenote_active":false,"_monsterinsights_sitenote_note":"","_monsterinsights_sitenote_category":0,"footnotes":""},"categories":[45],"tags":[],"class_list":["post-269","post","type-post","status-publish","format-standard","hentry","category-3maj-forme"],"_links":{"self":[{"href":"https:\/\/wsse.krakow.pl\/page\/wp-json\/wp\/v2\/posts\/269","targetHints":{"allow":["GET"]}}],"collection":[{"href":"https:\/\/wsse.krakow.pl\/page\/wp-json\/wp\/v2\/posts"}],"about":[{"href":"https:\/\/wsse.krakow.pl\/page\/wp-json\/wp\/v2\/types\/post"}],"author":[{"embeddable":true,"href":"https:\/\/wsse.krakow.pl\/page\/wp-json\/wp\/v2\/users\/1"}],"replies":[{"embeddable":true,"href":"https:\/\/wsse.krakow.pl\/page\/wp-json\/wp\/v2\/comments?post=269"}],"version-history":[{"count":0,"href":"https:\/\/wsse.krakow.pl\/page\/wp-json\/wp\/v2\/posts\/269\/revisions"}],"wp:attachment":[{"href":"https:\/\/wsse.krakow.pl\/page\/wp-json\/wp\/v2\/media?parent=269"}],"wp:term":[{"taxonomy":"category","embeddable":true,"href":"https:\/\/wsse.krakow.pl\/page\/wp-json\/wp\/v2\/categories?post=269"},{"taxonomy":"post_tag","embeddable":true,"href":"https:\/\/wsse.krakow.pl\/page\/wp-json\/wp\/v2\/tags?post=269"}],"curies":[{"name":"wp","href":"https:\/\/api.w.org\/{rel}","templated":true}]}}