{"id":271,"date":"2013-09-23T06:53:46","date_gmt":"2013-09-23T04:53:46","guid":{"rendered":"http:\/\/wsse.krakow.pl\/page\/podsumowanie-iii-edycji-programu-edukacyjnego-nie-pal-przy-mnie-prosze\/"},"modified":"2013-09-23T06:53:46","modified_gmt":"2013-09-23T04:53:46","slug":"podsumowanie-iii-edycji-programu-edukacyjnego-nie-pal-przy-mnie-prosze","status":"publish","type":"post","link":"https:\/\/wsse.krakow.pl\/page\/podsumowanie-iii-edycji-programu-edukacyjnego-nie-pal-przy-mnie-prosze\/","title":{"rendered":"Podsumowanie III edycji programu edukacyjnego &#8222;Nie pal przy mnie, prosz\u0119&#8221;."},"content":{"rendered":"<p style=\"text-align: justify;\"> \tWraz z zako\u0144czeniem roku szkolnego 2012\/2013 zako\u0144czy\u0142a si\u0119 <strong>III edycja og\u00f3lnopolskiego programu edukacji antytytoniowej \u201eNie pal przy mnie, prosz\u0119\u201d.<\/strong><\/p>\n<p style=\"text-align: justify;\"> \tDzia\u0142aniami programowymi obj\u0119tych zosta\u0142o <strong>33 743 dzieci<\/strong> z <strong>588<\/strong> szk\u00f3\u0142 podstawowych.<\/p>\n<p style=\"text-align: justify;\"> \tW za\u0142\u0105czeniu podsumowanie III edycji programu w woj. ma\u0142opolskim oraz w Polsce (zbiorcza informacja opracowana przez G\u0142\u00f3wn\u0105 Inspekcj\u0119 Sanitarn\u0105).<\/p>\n<p style=\"text-align: justify;\"> \tMagdalena Dro\u017adzik<br \/> \tOddzia\u0142 O\u015bwiaty Zdrowotnej i Promocji Zdrowia<\/p>\n<p style=\"text-align: justify;\"> \tWprowadzono: 23.09.2013 r.<\/p>\n<!-- WP Attachments -->\r\n        <div style=\"width:100%;margin:10px 0 10px 0;\">\r\n            <h3>Pliki do pobrania:<\/h3>\r\n        <ul class=\"post-attachments\"><li class=\"post-attachment mime-application-pdf\"><a href=\"https:\/\/wsse.krakow.pl\/page\/podsumowanie-iii-edycji-programu-edukacyjnego-nie-pal-przy-mnie-prosze\/?download=272\">Podsumowanie programu edukacyjnego.pdf<\/a> <small>(888 kB)<\/small><\/li><li class=\"post-attachment mime-application-pdf\"><a href=\"https:\/\/wsse.krakow.pl\/page\/podsumowanie-iii-edycji-programu-edukacyjnego-nie-pal-przy-mnie-prosze\/?download=273\">Nie Pal... Sprawozdanie 2013 (GIS).pdf<\/a> <small>(925 kB)<\/small><\/li><\/ul><\/div>","protected":false},"excerpt":{"rendered":"<p style=\"text-align: justify;\"> \tWraz z zako\u0144czeniem roku szkolnego 2012\/2013 zako\u0144czy\u0142a si\u0119 <strong>III edycja og\u00f3lnopolskiego programu edukacji antytytoniowej \u201eNie pal przy mnie, prosz\u0119\u201d.<\/strong><\/p>\n","protected":false},"author":1,"featured_media":0,"comment_status":"closed","ping_status":"closed","sticky":false,"template":"","format":"standard","meta":{"_monsterinsights_skip_tracking":false,"_monsterinsights_sitenote_active":false,"_monsterinsights_sitenote_note":"","_monsterinsights_sitenote_category":0,"footnotes":""},"categories":[42],"tags":[],"class_list":["post-271","post","type-post","status-publish","format-standard","hentry","category-nie-pal-przy-mnie-prosze"],"_links":{"self":[{"href":"https:\/\/wsse.krakow.pl\/page\/wp-json\/wp\/v2\/posts\/271","targetHints":{"allow":["GET"]}}],"collection":[{"href":"https:\/\/wsse.krakow.pl\/page\/wp-json\/wp\/v2\/posts"}],"about":[{"href":"https:\/\/wsse.krakow.pl\/page\/wp-json\/wp\/v2\/types\/post"}],"author":[{"embeddable":true,"href":"https:\/\/wsse.krakow.pl\/page\/wp-json\/wp\/v2\/users\/1"}],"replies":[{"embeddable":true,"href":"https:\/\/wsse.krakow.pl\/page\/wp-json\/wp\/v2\/comments?post=271"}],"version-history":[{"count":0,"href":"https:\/\/wsse.krakow.pl\/page\/wp-json\/wp\/v2\/posts\/271\/revisions"}],"wp:attachment":[{"href":"https:\/\/wsse.krakow.pl\/page\/wp-json\/wp\/v2\/media?parent=271"}],"wp:term":[{"taxonomy":"category","embeddable":true,"href":"https:\/\/wsse.krakow.pl\/page\/wp-json\/wp\/v2\/categories?post=271"},{"taxonomy":"post_tag","embeddable":true,"href":"https:\/\/wsse.krakow.pl\/page\/wp-json\/wp\/v2\/tags?post=271"}],"curies":[{"name":"wp","href":"https:\/\/api.w.org\/{rel}","templated":true}]}}