{"id":3242,"date":"2018-09-24T14:28:57","date_gmt":"2018-09-24T12:28:57","guid":{"rendered":"http:\/\/wsse.krakow.pl\/page\/?p=3242"},"modified":"2019-02-05T13:50:05","modified_gmt":"2019-02-05T12:50:05","slug":"konferencja-naukowa-nizp-pzh-zdrowie-polakow-wczoraj-dzis-i-jutro-24-10-2018-r","status":"publish","type":"post","link":"https:\/\/wsse.krakow.pl\/page\/konferencja-naukowa-nizp-pzh-zdrowie-polakow-wczoraj-dzis-i-jutro-24-10-2018-r\/","title":{"rendered":"Konferencja naukowa NIZP-PZH \u201eZdrowie Polak\u00f3w Wczoraj, Dzi\u015b i Jutro\u201d 24.10.2018 r."},"content":{"rendered":"<p>Szanowni Pa\u0144stwo!<\/p>\n<p>Z okazji obchod\u00f3w 100-lecia istnienia Narodowego Instytutu Zdrowia Publicznego &#8211; PZH, w dniu 24 pa\u017adziernika 2018 r. w Narodowym Instytucie Zdrowia Publicznego organizowana jest konferencja \u201eZdrowie Polak\u00f3w Wczoraj, Dzi\u015b i Jutro\u201d, kt\u00f3ra jest drug\u0105 z trzech zaplanowanych konferencji u\u015bwietniaj\u0105cych ten jubileusz.<\/p>\n<p>Wydarzenie b\u0119dzie po\u015bwi\u0119cone zmianom stanu zdrowia Polak\u00f3w i jego uwarunkowa\u0144 od okresu mi\u0119dzywojennego do chwili obecnej.<\/p>\n<p>Podczas konferencji om\u00f3wione zostan\u0105 tak\u017ce przewidywane trendy zdrowotne spo\u0142ecze\u0144stwa z uwzgl\u0119dnieniem zachodz\u0105cych zmian demograficznych. Uwzgl\u0119dniona zostanie transformacja epidemiologiczna, problemy higieny, o\u015bwiaty zdrowotnej i promocja zdrowia. Przedyskutowane zostan\u0105 r\u00f3wnie\u017c zwi\u0105zki mi\u0119dzy sytuacj\u0105 zdrowotn\u0105 i systemem ochrony zdrowia.<\/p>\n<p>Wszystkie wydarzenia zwi\u0105zane z jubileuszem zosta\u0142y obj\u0119te Honorowym Patronatem Prezydenta Rzeczypospolitej Polskiej Andrzeja Dudy w roku 100-lecia Odzyskania Niepodleg\u0142o\u015bci 1918 \u2013 2018 i s\u0105 realizowane przy wsp\u00f3\u0142pracy: Programu \u201eNiepodleg\u0142a\u201d, Ministerstwa Zdrowia, Narodowego Funduszu Zdrowia i Pa\u0144stwowej Inspekcji Sanitarnej.<\/p>\n<p>Wi\u0119cej informacji o wydarzeniu znajd\u0105 Pa\u0144stwo na stronie:\u00a0http:\/\/100lat.pzh.gov.pl\/zdrowie-polakow-wczoraj-dzis-i-jutro-pazdziernik-2018\/<\/p>\n<p>Serdecznie zapraszamy!<\/p>\n<p><a href=\"http:\/\/wsse.krakow.pl\/page\/wp-content\/uploads\/2018\/09\/Logo-NIZP-PZH.jpg\" data-rel=\"lightbox-image-0\" data-rl_title=\"\" data-rl_caption=\"\" title=\"\"><img loading=\"lazy\" decoding=\"async\" class=\"alignnone wp-image-3244\" src=\"http:\/\/wsse.krakow.pl\/page\/wp-content\/uploads\/2018\/09\/Logo-NIZP-PZH-300x300.jpg\" alt=\"\" width=\"59\" height=\"59\" \/><\/a> <a href=\"http:\/\/wsse.krakow.pl\/page\/wp-content\/uploads\/2018\/09\/PIS-logo-W\u0141A\u015aCIWE.jpg\" data-rel=\"lightbox-image-1\" data-rl_title=\"\" data-rl_caption=\"\" title=\"\"><img loading=\"lazy\" decoding=\"async\" class=\"alignnone wp-image-3243\" src=\"http:\/\/wsse.krakow.pl\/page\/wp-content\/uploads\/2018\/09\/PIS-logo-W\u0141A\u015aCIWE-300x298.jpg\" alt=\"\" width=\"61\" height=\"61\" \/><\/a><\/p>\n<!-- WP Attachments -->\r\n        <div style=\"width:100%;margin:10px 0 10px 0;\">\r\n            <h3>Pliki do pobrania:<\/h3>\r\n        <ul class=\"post-attachments\"><li class=\"post-attachment mime-application-pdf\"><a href=\"https:\/\/wsse.krakow.pl\/page\/konferencja-naukowa-nizp-pzh-zdrowie-polakow-wczoraj-dzis-i-jutro-24-10-2018-r\/?download=3247\">Konferencja NIZP-PZH \u201eZdrowie Polak\u00f3w Wczoraj, Dzi\u015b i Jutro\u201d<\/a> <small>(2 MB)<\/small><\/li><\/ul><\/div>","protected":false},"excerpt":{"rendered":"<p>Szanowni Pa\u0144stwo! Z okazji obchod\u00f3w 100-lecia istnienia Narodowego Instytutu Zdrowia Publicznego &#8211; PZH, w dniu 24 pa\u017adziernika 2018 r. w Narodowym Instytucie Zdrowia Publicznego organizowana jest konferencja \u201eZdrowie Polak\u00f3w Wczoraj, Dzi\u015b i Jutro\u201d, kt\u00f3ra jest drug\u0105 z trzech zaplanowanych konferencji u\u015bwietniaj\u0105cych ten jubileusz. Wydarzenie b\u0119dzie po\u015bwi\u0119cone zmianom stanu zdrowia Polak\u00f3w i jego uwarunkowa\u0144 od okresu [&hellip;]<\/p>\n","protected":false},"author":45,"featured_media":0,"comment_status":"closed","ping_status":"closed","sticky":false,"template":"","format":"standard","meta":{"_monsterinsights_skip_tracking":false,"_monsterinsights_sitenote_active":false,"_monsterinsights_sitenote_note":"","_monsterinsights_sitenote_category":0,"footnotes":""},"categories":[1,5],"tags":[],"class_list":["post-3242","post","type-post","status-publish","format-standard","hentry","category-bez-kategorii","category-wsse"],"_links":{"self":[{"href":"https:\/\/wsse.krakow.pl\/page\/wp-json\/wp\/v2\/posts\/3242","targetHints":{"allow":["GET"]}}],"collection":[{"href":"https:\/\/wsse.krakow.pl\/page\/wp-json\/wp\/v2\/posts"}],"about":[{"href":"https:\/\/wsse.krakow.pl\/page\/wp-json\/wp\/v2\/types\/post"}],"author":[{"embeddable":true,"href":"https:\/\/wsse.krakow.pl\/page\/wp-json\/wp\/v2\/users\/45"}],"replies":[{"embeddable":true,"href":"https:\/\/wsse.krakow.pl\/page\/wp-json\/wp\/v2\/comments?post=3242"}],"version-history":[{"count":5,"href":"https:\/\/wsse.krakow.pl\/page\/wp-json\/wp\/v2\/posts\/3242\/revisions"}],"predecessor-version":[{"id":3706,"href":"https:\/\/wsse.krakow.pl\/page\/wp-json\/wp\/v2\/posts\/3242\/revisions\/3706"}],"wp:attachment":[{"href":"https:\/\/wsse.krakow.pl\/page\/wp-json\/wp\/v2\/media?parent=3242"}],"wp:term":[{"taxonomy":"category","embeddable":true,"href":"https:\/\/wsse.krakow.pl\/page\/wp-json\/wp\/v2\/categories?post=3242"},{"taxonomy":"post_tag","embeddable":true,"href":"https:\/\/wsse.krakow.pl\/page\/wp-json\/wp\/v2\/tags?post=3242"}],"curies":[{"name":"wp","href":"https:\/\/api.w.org\/{rel}","templated":true}]}}