{"id":3390,"date":"2018-10-08T12:30:56","date_gmt":"2018-10-08T10:30:56","guid":{"rendered":"http:\/\/wsse.krakow.pl\/page\/?p=3390"},"modified":"2018-10-08T12:30:56","modified_gmt":"2018-10-08T10:30:56","slug":"ogolnopolska-akcja-wazenia-tornistrow-szkolnych","status":"publish","type":"post","link":"https:\/\/wsse.krakow.pl\/page\/ogolnopolska-akcja-wazenia-tornistrow-szkolnych\/","title":{"rendered":"Og\u00f3lnopolska akcja wa\u017cenia tornistr\u00f3w szkolnych"},"content":{"rendered":"<p>W zwi\u0105zku z podpisan\u0105 17 stycznia br. deklaracj\u0105 wsp\u00f3\u0142pracy pomi\u0119dzy G\u0142\u00f3wnym Inspektorem Sanitarnym a Ministrem Edukacji Narodowej na rzecz rozwoju edukacji zdrowotnej w \u015brodowisku szkolnym, Pa\u0144stwowa Inspekcja Sanitarna w\u0142\u0105czy si\u0119 w dzia\u0142ania zmierzaj\u0105ce do rozwi\u0105zania problemu zbyt ci\u0119\u017ckich tornistr\u00f3w.<\/p>\n<p>Jednym z warunk\u00f3w w\u0142a\u015bciwego i normalnego rozwoju fizycznego dziecka jest kszta\u0142towanie prawid\u0142owej postawy cia\u0142a. Z\u0142e nawyki zwi\u0105zane z noszeniem zbyt du\u017cego obci\u0105\u017cenia na plecach oraz utrzymywaniem nieprawid\u0142owej postawy cia\u0142a, mog\u0105 przyczyni\u0107 si\u0119 do b\u00f3l\u00f3w kr\u0119gos\u0142upa, zmniejszenia pojemno\u015bci p\u0142uc i nieprawid\u0142owej statyki cia\u0142a, a w efekcie doprowadzi\u0107 do powa\u017cnych schorze\u0144 ortopedycznych i neurologicznych.<\/p>\n<p>Na mocy zawartej deklaracji, dzie\u0144 1 pa\u017adziernika zosta\u0142 og\u0142oszony Og\u00f3lnopolskim Dniem Tornistra. Celem Og\u00f3lnopolskiego Dnia Tornistra jest zainicjowanie skutecznych dzia\u0142a\u0144 na rzecz edukacji prozdrowotnej ukierunkowanej na profilaktyk\u0119 wad postawy u najm\u0142odszych. Wydarzenie to ma mie\u0107 zasi\u0119g og\u00f3lnopolski, w ramach, kt\u00f3rego w okresie od 1 do 31 pa\u017adziernika w wybranych szko\u0142ach podstawowych na terenie ka\u017cdego z wojew\u00f3dztw zostanie przeprowadzone badanie obci\u0105\u017cenia uczni\u00f3w ci\u0119\u017carem tornistr\u00f3w. Badanie \u2013 analogicznie jak w 2016 roku &#8211; ma na celu zbadanie skali problemu i podj\u0119cie w tym zakresie stosownych dzia\u0142a\u0144.<\/p>\n","protected":false},"excerpt":{"rendered":"<p>W zwi\u0105zku z podpisan\u0105 17 stycznia br. deklaracj\u0105 wsp\u00f3\u0142pracy pomi\u0119dzy G\u0142\u00f3wnym Inspektorem Sanitarnym a Ministrem Edukacji Narodowej na rzecz rozwoju edukacji zdrowotnej w \u015brodowisku szkolnym, Pa\u0144stwowa Inspekcja Sanitarna w\u0142\u0105czy si\u0119 w dzia\u0142ania zmierzaj\u0105ce do rozwi\u0105zania problemu zbyt ci\u0119\u017ckich tornistr\u00f3w. Jednym z warunk\u00f3w w\u0142a\u015bciwego i normalnego rozwoju fizycznego dziecka jest kszta\u0142towanie prawid\u0142owej postawy cia\u0142a. Z\u0142e nawyki [&hellip;]<\/p>\n","protected":false},"author":45,"featured_media":0,"comment_status":"closed","ping_status":"closed","sticky":false,"template":"","format":"standard","meta":{"_monsterinsights_skip_tracking":false,"_monsterinsights_sitenote_active":false,"_monsterinsights_sitenote_note":"","_monsterinsights_sitenote_category":0,"footnotes":""},"categories":[30,5],"tags":[],"class_list":["post-3390","post","type-post","status-publish","format-standard","hentry","category-srodowisko-szkolne","category-wsse"],"_links":{"self":[{"href":"https:\/\/wsse.krakow.pl\/page\/wp-json\/wp\/v2\/posts\/3390","targetHints":{"allow":["GET"]}}],"collection":[{"href":"https:\/\/wsse.krakow.pl\/page\/wp-json\/wp\/v2\/posts"}],"about":[{"href":"https:\/\/wsse.krakow.pl\/page\/wp-json\/wp\/v2\/types\/post"}],"author":[{"embeddable":true,"href":"https:\/\/wsse.krakow.pl\/page\/wp-json\/wp\/v2\/users\/45"}],"replies":[{"embeddable":true,"href":"https:\/\/wsse.krakow.pl\/page\/wp-json\/wp\/v2\/comments?post=3390"}],"version-history":[{"count":2,"href":"https:\/\/wsse.krakow.pl\/page\/wp-json\/wp\/v2\/posts\/3390\/revisions"}],"predecessor-version":[{"id":3394,"href":"https:\/\/wsse.krakow.pl\/page\/wp-json\/wp\/v2\/posts\/3390\/revisions\/3394"}],"wp:attachment":[{"href":"https:\/\/wsse.krakow.pl\/page\/wp-json\/wp\/v2\/media?parent=3390"}],"wp:term":[{"taxonomy":"category","embeddable":true,"href":"https:\/\/wsse.krakow.pl\/page\/wp-json\/wp\/v2\/categories?post=3390"},{"taxonomy":"post_tag","embeddable":true,"href":"https:\/\/wsse.krakow.pl\/page\/wp-json\/wp\/v2\/tags?post=3390"}],"curies":[{"name":"wp","href":"https:\/\/api.w.org\/{rel}","templated":true}]}}